{"id":315409,"date":"2025-08-13T03:54:20","date_gmt":"2025-08-13T03:54:20","guid":{"rendered":"https:\/\/www.europesays.com\/fr\/315409\/"},"modified":"2025-08-13T03:54:20","modified_gmt":"2025-08-13T03:54:20","slug":"oui-larmee-israelienne-tire-sur-la-population-palestinienne-lors-des-distributions-daide-humanitaire","status":"publish","type":"post","link":"https:\/\/www.europesays.com\/fr\/315409\/","title":{"rendered":"Oui, l&rsquo;arm\u00e9e isra\u00e9lienne tire sur la population palestinienne lors des distributions d&rsquo;aide humanitaire"},"content":{"rendered":"<p>Depuis qu&rsquo;Isra\u00ebl a d\u00e9mantel\u00e9 <a href=\"https:\/\/www.slate.fr\/monde\/israel-orchestre-mathematiquement-famine-gaza-calories-guerre-aide-alimentaire\" target=\"_blank\" rel=\"nofollow noopener\">le syst\u00e8me de distribution d&rsquo;aide<br \/>\nhumanitaire<\/a> dirig\u00e9 par l&rsquo;ONU \u00e0 Gaza, en mai 2025, les m\u00e9decins op\u00e9rant sous le<br \/>\nsi\u00e8ge ont constat\u00e9 une corr\u00e9lation claire entre les pics de blessures par balle<br \/>\net les jours de distribution de nourriture.<\/p>\n<p>Sur de nombreuses vid\u00e9os publi\u00e9es sur les r\u00e9seaux sociaux<br \/>\npar des Palestiniens, on constate que les tentatives de collecte de nourriture,<br \/>\nd\u00e9sormais g\u00e9r\u00e9es par <a href=\"https:\/\/www.liberation.fr\/checknews\/comment-israel-a-transforme-laide-alimentaire-en-enfer-pour-les-gazaouis-20250614_OXD5G6J7LZBBNODAVZ4QBAMUSE\/\" target=\"_blank\" rel=\"nofollow noopener\">la tr\u00e8s controvers\u00e9e<\/a> Gaza Humanitarian Foundation (GHF), ont<br \/>\nlieu sous le feu de mitraillettes. D&rsquo;apr\u00e8s l&rsquo;ONU, depuis le 27 mai 2025, <a href=\"https:\/\/www.theguardian.com\/us-news\/2025\/aug\/04\/first-thing-israel-gaza-deaths-itamar-ben-gvir\" target=\"_blank\" rel=\"nofollow noopener\">au<br \/>\nmoins 1.400 Palestiniens<\/a> ont \u00e9t\u00e9 tu\u00e9s alors qu&rsquo;ils cherchaient de la nourriture,<br \/>\nprincipalement \u00e0 proximit\u00e9 des sites de distribution de la GHF ou le long des<br \/>\nroutes des convois d&rsquo;aide.<\/p>\n<p>        <img decoding=\"async\" alt=\"Abonnez-vous gratuitement \u00e0 la newsletter de Slate !\" loading=\"lazy\" class=\"ms-4 ms-md-0\" width=\"82\" height=\"82\" src=\"https:\/\/www.slate.fr\/assets\/newsletter-dd7c4ea7fb4ce45aacc56875521d4bde7ec4ba23f0a0ae088566df808b3a80c3.svg\"\/><br \/>\n        Abonnez-vous gratuitement \u00e0 la newsletter de Slate !Les articles sont s\u00e9lectionn\u00e9s pour vous, en fonction de vos centres d\u2019int\u00e9r\u00eat, tous les jours dans votre bo\u00eete mail.<\/p>\n<p><a href=\"https:\/\/www.theguardian.com\/world\/ng-interactive\/2025\/aug\/09\/a-deadly-scheme-palestinians-face-indiscriminate-gunfire-at-food-sites\" target=\"_blank\" rel=\"nofollow noopener\"><a href=\"https:\/\/www.theguardian.com\/world\/2025\/aug\/11\/first-edition-ghf-food-site-investigation\" target=\"_blank\" rel=\"nofollow noopener\">Une enqu\u00eate de The Guardian<\/a> corrobore les affirmations de longue<br \/>\ndate selon lesquelles l&rsquo;arm\u00e9e isra\u00e9lienne cible les civils palestiniens qui<br \/>\ntentent de r\u00e9cup\u00e9rer des colis alimentaires, alors que Gaza fait face \u00e0 une<br \/>\n<a href=\"https:\/\/www.amnesty.org\/fr\/latest\/news\/2025\/07\/as-mass-starvation-spreads-across-gaza-our-colleagues-and-those-we-serve-are-wasting-away\/\" target=\"_blank\" rel=\"nofollow noopener\">famine organis\u00e9e<\/a> par le gouvernement de Benyamin Netanyahou.<\/p>\n<p>Goulot d&rsquo;\u00e9tranglement<\/p>\n<p>C&rsquo;est en affirmant, contre les conclusions des observateurs<br \/>\ninternationaux comme <a href=\"https:\/\/www.usaid.gov\/\" target=\"_blank\" rel=\"nofollow noopener\">l&rsquo;USAID<\/a>, que le Hamas d\u00e9tournait massivement l&rsquo;aide<br \/>\nhumanitaire \u00e0 Gaza, qu&rsquo;Isra\u00ebl a obtenu la fermeture du syst\u00e8me d&rsquo;aide<br \/>\nhumanitaire g\u00e9r\u00e9 par l&rsquo;ONU. Par la suite a \u00e9t\u00e9 impos\u00e9e une gestion opaque de maigres et meurtri\u00e8res<br \/>\ndistributions de produits de premi\u00e8re n\u00e9cessit\u00e9 par la GHF, une <a href=\"https:\/\/www.rts.ch\/info\/suisse\/2025\/article\/enquete-demandee-sur-une-fondation-genevoise-controversee-pour-gaza-28893332.html\" target=\"_blank\" rel=\"nofollow noopener\">organisation militaire<br \/>\npriv\u00e9e<\/a> cr\u00e9\u00e9e avec le soutien de l&rsquo;administration Trump.<\/p>\n<p>D\u00e9sormais seule organisation autoris\u00e9e \u00e0 op\u00e9rer dans la<br \/>\nbande de Gaza, alors que le droit international exige que l&rsquo;aide soit achemin\u00e9e<br \/>\nde mani\u00e8re ind\u00e9pendante, impartiale et s\u00e9curis\u00e9e, la GHF vis\u00e9e par des accusations de massacres de civils survenus de fa\u00e7on r\u00e9currente lors de distributions alimentaires.<br \/>\nLes quatre sites o\u00f9 ces derni\u00e8res ont lieu sont situ\u00e9s dans des zones d&rsquo;\u00e9vacuation<br \/>\nd\u00e9sign\u00e9es par l&rsquo;arm\u00e9e isra\u00e9lienne, et constituent donc des zones de danger<br \/>\ndirect.<\/p>\n<p>\u00abSi l&rsquo;on combine les preuves visuelles des tirs de<br \/>\nmitrailleuses, les t\u00e9moignages palestiniens, les rapports des m\u00e9decins<br \/>\nhospitaliers qui d\u00e9crivent un nombre impressionnant de patients admis avec des<br \/>\nblessures par balle, d&rsquo;une ampleur sans pr\u00e9c\u00e9dent au cours de toute l&rsquo;ann\u00e9e<br \/>\npr\u00e9c\u00e9dente de la guerre, avec les preuves tr\u00e8s solides fournies par<br \/>\nl&rsquo;extraction et l&rsquo;analyse des balles re\u00e7ues par les patients, on obtient une id\u00e9e<br \/>\ntr\u00e8s claire de la situation\u00bb, rel\u00e8ve Manisha Ganguly, journaliste d&rsquo;investigation pour The Guardian.<\/p>\n<p>Celle-ci conclut qu&rsquo;\u00abil existe une quantit\u00e9 \u00e9crasante de preuves<br \/>\nsugg\u00e9rant que l&rsquo;arm\u00e9e isra\u00e9lienne a tir\u00e9 sans discernement et de mani\u00e8re<br \/>\nextr\u00eamement soutenue sur des Palestiniens qui cherchaient de la nourriture\u00bb.<\/p>\n<p>Le t\u00e9moignage du professeur Nick Maynard, chirurgien consultant<br \/>\naux h\u00f4pitaux universitaires d&rsquo;Oxford, qui travaille r\u00e9guli\u00e8rement \u00e0 <a href=\"https:\/\/www.slate.fr\/dossier\/20569\/bande-de-gaza\" class=\"tag-link\" rel=\"nofollow noopener\" target=\"_blank\">Gaza<\/a> depuis<br \/>\nquinze ans et a men\u00e9 trois missions \u00e0 <a href=\"https:\/\/www.slate.fr\/monde\/gaza-armee-israelienne-destruction-systeme-sante-palestine-soignants-onu\" target=\"_blank\" rel=\"nofollow noopener\">l&rsquo;h\u00f4pital<\/a> Nasser depuis le d\u00e9but de la<br \/>\nguerre, vient confirmer des tirs d\u00e9lib\u00e9r\u00e9s sur les civils, y compris mineurs,<br \/>\ncomme le relate la journaliste: \u00abIl a d\u00e9clar\u00e9 que certains jours, il<br \/>\nconstatait que certaines parties du corps \u00e9taient particuli\u00e8rement vis\u00e9es. Une<br \/>\nnuit o\u00f9 il \u00e9tait de garde, l&rsquo;h\u00f4pital Nasser a admis quatre adolescents, tous<br \/>\nbless\u00e9s par balle aux testicules. D&rsquo;autres jours, il a constat\u00e9 des sch\u00e9mas de<br \/>\nblessures par balle au cou, \u00e0 la t\u00eate ou aux bras, et il m&rsquo;a dit que la<br \/>\nconcentration de blessures similaires en une seule journ\u00e9e sugg\u00e9rait qu&rsquo;il<br \/>\ns&rsquo;agissait d&rsquo;une activit\u00e9 cibl\u00e9e.\u00bb<\/p>\n<p>Vendredi 8 ao\u00fbt 2025, le cabinet de s\u00e9curit\u00e9 isra\u00e9lien a<br \/>\napprouv\u00e9 un plan de prise de contr\u00f4le de la ville de Gaza, qui marque un nouveau<br \/>\ntournant dans cette guerre de vingt-deux mois contre l&rsquo;enclave palestinienne<br \/>\nque de nombreux experts internationaux s&rsquo;accordent d\u00e9sormais \u00e0 qualifier de \u00abg\u00e9nocidaire\u00bb<br \/>\n\u2013un crime contre lequel la Cour internationale de Justice avait mis en garde<br \/>\n<a href=\"https:\/\/www.icj-cij.org\/fr\/node\/203447\" target=\"_blank\" rel=\"nofollow noopener\">d\u00e8s janvier 2024<\/a>.<\/p>\n<p>Alors que la majeure partie de Gaza a \u00e9t\u00e9 d\u00e9truite et que la<br \/>\npopulation est plong\u00e9e dans la famine, la guerre men\u00e9e par Isra\u00ebl a d\u00e9j\u00e0 fait, selon<br \/>\nle minist\u00e8re de la Sant\u00e9 de la bande de Gaza (dont les donn\u00e9es sont jug\u00e9es<br \/>\nfiables par l&rsquo;ONU), au moins 60.000 morts palestiniens, parmi lesquels une large<br \/>\nmajorit\u00e9 de civils.<\/p>\n","protected":false},"excerpt":{"rendered":"Depuis qu&rsquo;Isra\u00ebl a d\u00e9mantel\u00e9 le syst\u00e8me de distribution d&rsquo;aide humanitaire dirig\u00e9 par l&rsquo;ONU \u00e0 Gaza, en mai 2025,&hellip;\n","protected":false},"author":2,"featured_media":315410,"comment_status":"","ping_status":"","sticky":false,"template":"","format":"standard","meta":{"footnotes":""},"categories":[5],"tags":[11,1011,27,14,12,28],"class_list":{"0":"post-315409","1":"post","2":"type-post","3":"status-publish","4":"format-standard","5":"has-post-thumbnail","7":"category-international","8":"tag-actualites","9":"tag-fr","10":"tag-france","11":"tag-international","12":"tag-news","13":"tag-world"},"share_on_mastodon":{"url":"https:\/\/pubeurope.com\/@fr\/115019439455860998","error":""},"_links":{"self":[{"href":"https:\/\/www.europesays.com\/fr\/wp-json\/wp\/v2\/posts\/315409","targetHints":{"allow":["GET"]}}],"collection":[{"href":"https:\/\/www.europesays.com\/fr\/wp-json\/wp\/v2\/posts"}],"about":[{"href":"https:\/\/www.europesays.com\/fr\/wp-json\/wp\/v2\/types\/post"}],"author":[{"embeddable":true,"href":"https:\/\/www.europesays.com\/fr\/wp-json\/wp\/v2\/users\/2"}],"replies":[{"embeddable":true,"href":"https:\/\/www.europesays.com\/fr\/wp-json\/wp\/v2\/comments?post=315409"}],"version-history":[{"count":0,"href":"https:\/\/www.europesays.com\/fr\/wp-json\/wp\/v2\/posts\/315409\/revisions"}],"wp:featuredmedia":[{"embeddable":true,"href":"https:\/\/www.europesays.com\/fr\/wp-json\/wp\/v2\/media\/315410"}],"wp:attachment":[{"href":"https:\/\/www.europesays.com\/fr\/wp-json\/wp\/v2\/media?parent=315409"}],"wp:term":[{"taxonomy":"category","embeddable":true,"href":"https:\/\/www.europesays.com\/fr\/wp-json\/wp\/v2\/categories?post=315409"},{"taxonomy":"post_tag","embeddable":true,"href":"https:\/\/www.europesays.com\/fr\/wp-json\/wp\/v2\/tags?post=315409"}],"curies":[{"name":"wp","href":"https:\/\/api.w.org\/{rel}","templated":true}]}}