{"id":315413,"date":"2025-08-13T03:56:23","date_gmt":"2025-08-13T03:56:23","guid":{"rendered":"https:\/\/www.europesays.com\/fr\/315413\/"},"modified":"2025-08-13T03:56:23","modified_gmt":"2025-08-13T03:56:23","slug":"tatiana-avait-depose-deux-plaintes-contre-son-assassin-cet-ete","status":"publish","type":"post","link":"https:\/\/www.europesays.com\/fr\/315413\/","title":{"rendered":"Tatiana avait d\u00e9pos\u00e9 deux plaintes contre son assassin cet \u00e9t\u00e9"},"content":{"rendered":"<p>            Par<br \/>\n        <strong><br \/>\n            <a href=\"https:\/\/actu.fr\/auteur\/bernadette-ramel\" title=\"Consulter tous les articles de Bernadette Ramel\" target=\"_blank\" rel=\"noopener\">Bernadette Ramel<\/a><br \/>\n        <\/strong><\/p>\n<p>        Publi\u00e9 le<\/p>\n<p>            12 ao\u00fbt 2025 \u00e0 16h35        <\/p>\n<p>\u2009\u00a0\u00bbElle avait peur, elle m\u2019avait dit : \u2018il va me tuer&rsquo;\u00a0\u00bb, a confi\u00e9 au <a href=\"https:\/\/actu.fr\/le-pays-malouin\/\" target=\"_blank\" rel=\"noopener\">Pays Malouin<\/a> une habitante qui connaissait Tatiana. <a href=\"https:\/\/actu.fr\/bretagne\/saint-jouan-des-guerets_35284\/nous-ne-vous-oublierons-pas-un-emouvant-hommage-a-tatiana-tuee-par-son-ex-conjoint-pres-de-saint-malo_63024896.html\" target=\"_blank\" rel=\"noopener\">Cette jeune femme de 36 ans<\/a> a \u00e9t\u00e9\u00a0assassin\u00e9e, en pleine rue, par un ex-conjoint, dans la nuit du vendredi 8 au samedi 9 ao\u00fbt 2025, \u00e0 <a href=\"https:\/\/actu.fr\/bretagne\/saint-jouan-des-guerets_35284\" target=\"_blank\" rel=\"noopener\">Saint-Jouan-des-Gu\u00e9rets<\/a>, pr\u00e8s de <a href=\"https:\/\/actu.fr\/bretagne\/saint-malo_35288\" target=\"_blank\" rel=\"noopener\">Saint-Malo<\/a> (Ille-et-Vilaine). Elle \u00e9tait la m\u00e8re de trois enfants. Ses deux filles, \u00e2g\u00e9es de 15 et 17 ans, ont assist\u00e9 au <a href=\"https:\/\/actu.fr\/tag\/feminicide\" target=\"_blank\" rel=\"noopener\">f\u00e9minicide<\/a>. Son gar\u00e7on de 8 ans n\u2019\u00e9tait pas l\u00e0 ce soir-l\u00e0. Celui qui a commis l\u2019irr\u00e9parable, \u00e2g\u00e9 de 38 ans, n\u2019\u00e9tait pas leur p\u00e8re.<\/p>\n<p>En bas de l\u2019immeuble<\/p>\n<p class=\" wall-content\">\u00ab\u00a0Quelques minutes avant l\u2019assassinat, la victime et ses deux filles avaient constat\u00e9 la pr\u00e9sence du mis en cause en bas de l\u2019immeuble dans lequel elles habitaient, a indiqu\u00e9 le Parquet du <a href=\"https:\/\/actu.fr\/tag\/tribunal-de-saint-malo\" target=\"_blank\" rel=\"noopener\">tribunal de Saint-Malo<\/a> dans un communiqu\u00e9 dat\u00e9 du 12 ao\u00fbt. Elles avaient alors d\u00e9cid\u00e9 de descendre de l\u2019appartement. S\u2019en suivait une altercation entre le mis en cause, la victime et une de ses filles. Il portait des coups \u00e0 la victime \u00e0 l\u2019aide d\u2019une arme blanche et quittait les lieux.\u00a0\u00bb<\/p>\n<p class=\" wall-content\">L\u2019autopsie pratiqu\u00e9e le 11 ao\u00fbt a confirm\u00e9 \u00ab\u00a0la pr\u00e9sence de deux plaies par arme blanche situ\u00e9es au niveau du cou, qui avaient entra\u00een\u00e9 le d\u00e9c\u00e8s\u00a0\u00bb.\u00a0<\/p>\n<p>Machette<\/p>\n<p class=\" wall-content\">L\u2019homme a pris la fuite avant d\u2019\u00eatre retrouv\u00e9 chez lui vers 3 heures du matin, dans le quartier de Tr\u00e9lat \u00e0 <a href=\"https:\/\/actu.fr\/bretagne\/taden_22339\" target=\"_blank\" rel=\"noopener\">Taden<\/a>, pr\u00e8s de Dinan. C\u2019est l\u00e0 qu\u2019il a \u00e9t\u00e9 abattu.\u00a0<\/p>\n<p class=\" wall-content\">\u00ab\u00a0Les investigations (\u2026) r\u00e9v\u00e9laient qu\u2019\u00e0 la vue des gendarmes qui tentaient de l\u2019interpeller, le mis en cause d\u00e9cidait de rentrer pr\u00e9cipitamment dans son v\u00e9hicule d\u2019o\u00f9 il venait de sortir afin d\u2019y r\u00e9cup\u00e9rer une machette. Il adoptait alors une attitude active tr\u00e8s mena\u00e7ante \u00e0 l\u2019\u00e9gard des militaires de la gendarmerie\u00a0\u00bb, poursuit le Parquet.\u00a0<\/p>\n<p class=\" wall-content\">Le pistolet \u00e0 impulsion \u00e9lectrique n\u2019ayant pas suffi, un militaire a fait usage de son arme \u00e0 plusieurs reprises. Deux impacts de balles, ayant entra\u00een\u00e9 une h\u00e9morragie interne, ont \u00e9t\u00e9 relev\u00e9s lors de l\u2019autopsie. \u00ab\u00a0L\u2019usage du taser\u00a0\u00bb a aussi \u00e9t\u00e9 confirm\u00e9. Apr\u00e8s \u00ab\u00a0une mise en situation\u00a0\u00bb, la garde \u00e0 vue du <a href=\"https:\/\/actu.fr\/tag\/gendarmerie\" target=\"_blank\" rel=\"noopener\">gendarme<\/a> a \u00e9t\u00e9 lev\u00e9e. Les investigations se poursuivent.\u00a0<\/p>\n<p>Harc\u00e8lement<\/p>\n<p class=\" wall-content\">Dans le voisinage de la victime, \u00e0 Saint-Jouan-des-Gu\u00e9rets, on sait que ce trentenaire \u00ab\u00a0r\u00f4dait\u00a0\u00bb r\u00e9guli\u00e8rement dans les parages et qu\u2019il ne la \u00ab\u00a0l\u00e2chait pas\u00a0\u00bb depuis qu\u2019elle l\u2019avait quitt\u00e9. Il avait m\u00eame crev\u00e9 les pneus de sa voiture et fracass\u00e9 une des vitres.\u00a0<\/p>\n<p class=\" wall-content\">Le substitut du Procureur a confirm\u00e9 que Tatiana avait fait enregistrer deux plaintes avant le drame.<\/p>\n<blockquote class=\"ac-article-quote wall-content\">\n<p>Dans la premi\u00e8re d\u00e9pos\u00e9e au commissariat de police de Saint-Malo le 18 juillet 2025 (compl\u00e9t\u00e9e le 7 ao\u00fbt 2025), elle exposait s\u2019\u00eatre s\u00e9par\u00e9e de son concubin d\u00e9but juillet 2025 et que depuis cette date, ce dernier, afin de la reconqu\u00e9rir, lui envoyait de nombreux messages, tentait de la joindre fr\u00e9quemment par t\u00e9l\u00e9phone et se pr\u00e9sentait r\u00e9guli\u00e8rement \u00e0 son domicile, parfois pour lui d\u00e9poser des fleurs ou demander de r\u00e9cup\u00e9rer des effets personnels. Elle affirmait ne jamais avoir \u00e9t\u00e9 victime de violences physiques, verbale ou sexuelle ni de menace de mort de la part de l\u2019int\u00e9ress\u00e9. Ces faits \u00e9taient qualifi\u00e9s par le service d\u2019enqu\u00eate lors du d\u00e9p\u00f4t de plainte de harc\u00e8lement commis par un ancien concubin.<\/p>\n<p>Le Parquet de Saint-Malo<\/p><\/blockquote>\n<p>D\u00e9gradations<\/p>\n<p class=\" wall-content\">Quant \u00e0 la seconde plainte, elle a \u00e9t\u00e9 faite \u00e0 la brigade de gendarmerie de Ch\u00e2teauneuf d\u2019Ille-et-Vilaine \u00ab\u00a0pour des faits qualifi\u00e9s par le service enqu\u00eateur de d\u00e9gradations contraventionnelles. La victime suspectait son ancien concubin d\u2019avoir d\u00e9grad\u00e9 son v\u00e9hicule\u00a0\u00bb.\u00a0<\/p>\n<p class=\" wall-content\">\u00ab\u00a0Le 8 ao\u00fbt 2025, ces deux enqu\u00eates \u00e9taient en cours\u00a0\u00bb, sp\u00e9cifie le Parquet.<\/p>\n<p class=\" wall-content\">D\u2019apr\u00e8s les informations du Pays Malouin, <a href=\"https:\/\/actu.fr\/bretagne\/taden_22339\/cotes-darmor-lauteur-du-feminicide-abattu-pres-de-dinan-meconnu-dans-son-quartier_63024975.html\" target=\"_blank\" rel=\"noopener\">l\u2019homme \u00e9tait d\u00e9j\u00e0 connu<\/a> pour des violences conjugales. Il avait au moins un enfant n\u00e9 d\u2019une autre union. On ne sait pas, cependant, s\u2019il avait d\u00e9j\u00e0 \u00e9t\u00e9 condamn\u00e9, ni s\u2019il avait d\u00e9j\u00e0 \u00e9t\u00e9 convoqu\u00e9 par les forces de l\u2019ordre suite aux d\u00e9marches de Tatiana.<\/p>\n<p>Ses deux filles prises en charge<\/p>\n<p class=\" wall-content\">Les deux filles de Tatania ont \u00e9t\u00e9 prises en charge conform\u00e9ment au protocole de prise en charge des enfants mineurs pr\u00e9sents lors d\u2019un homicide ou de violences graves commis au sein du couple. Elles \u00ab\u00a0ont \u00e9t\u00e9 transport\u00e9es par les gendarmes et prises en charge dans un service sp\u00e9cialis\u00e9 du centre hospitalier de Saint-Malo en lien avec le service de l\u2019aide sociale \u00e0 l\u2019enfance, aux fins d\u2019une \u00e9valuation m\u00e9dicale, sociale et p\u00e9dopsychiatrique\u00a0\u00bb. Une ordonnance de placement provisoire a \u00e9t\u00e9 prise et le juge des enfants a \u00e9t\u00e9 saisi.\u00a0<\/p>\n<p class=\" wall-content\">Suivez toute l\u2019actualit\u00e9 de vos villes et m\u00e9dias favoris en vous inscrivant \u00e0 <a href=\"https:\/\/moncompte.actu.fr\" title=\"D\u00e9couvez Mon Actu\" rel=\"nofollow noopener\" data-trk=\"{&quot;cta&quot;:{&quot;action&quot;:&quot;https:\\\/\\\/moncompte.actu.fr&quot;,&quot;category&quot;:&quot;mon compte&quot;,&quot;from&quot;:&quot;article footer&quot;,&quot;name&quot;:&quot;Mon actu&quot;,&quot;type&quot;:&quot;cta&quot;}}\" target=\"_blank\">Mon Actu<\/a>.<\/p>\n<ul class=\"ac-article-tag wall-content\">\n<li><a href=\"https:\/\/actu.fr\/tag\/feminicide\" data-trk=\"{&quot;cta&quot;:{&quot;action&quot;:&quot;F\\u00e9minicide&quot;,&quot;category&quot;:&quot;tag&quot;,&quot;from&quot;:&quot;article footer&quot;,&quot;name&quot;:&quot;F\\u00e9minicide&quot;,&quot;type&quot;:&quot;cta&quot;}}\" target=\"_blank\" rel=\"noopener\">#F\u00e9minicide<\/a><\/li>\n<li><a href=\"https:\/\/actu.fr\/tag\/violences-conjugales\" data-trk=\"{&quot;cta&quot;:{&quot;action&quot;:&quot;Violences conjugales&quot;,&quot;category&quot;:&quot;tag&quot;,&quot;from&quot;:&quot;article footer&quot;,&quot;name&quot;:&quot;Violences conjugales&quot;,&quot;type&quot;:&quot;cta&quot;}}\" target=\"_blank\" rel=\"noopener\">#Violences conjugales<\/a><\/li>\n<\/ul>\n","protected":false},"excerpt":{"rendered":"Par Bernadette Ramel Publi\u00e9 le 12 ao\u00fbt 2025 \u00e0 16h35 \u2009\u00a0\u00bbElle avait peur, elle m\u2019avait dit : \u2018il&hellip;\n","protected":false},"author":2,"featured_media":315414,"comment_status":"","ping_status":"","sticky":false,"template":"","format":"standard","meta":{"footnotes":""},"categories":[2],"tags":[11,118,3555,1011,27,12,798],"class_list":{"0":"post-315413","1":"post","2":"type-post","3":"status-publish","4":"format-standard","5":"has-post-thumbnail","7":"category-actualites","8":"tag-actualites","9":"tag-faits-divers","10":"tag-feminicide","11":"tag-fr","12":"tag-france","13":"tag-news","14":"tag-violences-conjugales"},"share_on_mastodon":{"url":"https:\/\/pubeurope.com\/@fr\/115019447218128953","error":""},"_links":{"self":[{"href":"https:\/\/www.europesays.com\/fr\/wp-json\/wp\/v2\/posts\/315413","targetHints":{"allow":["GET"]}}],"collection":[{"href":"https:\/\/www.europesays.com\/fr\/wp-json\/wp\/v2\/posts"}],"about":[{"href":"https:\/\/www.europesays.com\/fr\/wp-json\/wp\/v2\/types\/post"}],"author":[{"embeddable":true,"href":"https:\/\/www.europesays.com\/fr\/wp-json\/wp\/v2\/users\/2"}],"replies":[{"embeddable":true,"href":"https:\/\/www.europesays.com\/fr\/wp-json\/wp\/v2\/comments?post=315413"}],"version-history":[{"count":0,"href":"https:\/\/www.europesays.com\/fr\/wp-json\/wp\/v2\/posts\/315413\/revisions"}],"wp:featuredmedia":[{"embeddable":true,"href":"https:\/\/www.europesays.com\/fr\/wp-json\/wp\/v2\/media\/315414"}],"wp:attachment":[{"href":"https:\/\/www.europesays.com\/fr\/wp-json\/wp\/v2\/media?parent=315413"}],"wp:term":[{"taxonomy":"category","embeddable":true,"href":"https:\/\/www.europesays.com\/fr\/wp-json\/wp\/v2\/categories?post=315413"},{"taxonomy":"post_tag","embeddable":true,"href":"https:\/\/www.europesays.com\/fr\/wp-json\/wp\/v2\/tags?post=315413"}],"curies":[{"name":"wp","href":"https:\/\/api.w.org\/{rel}","templated":true}]}}