{"id":315417,"date":"2025-08-13T03:59:10","date_gmt":"2025-08-13T03:59:10","guid":{"rendered":"https:\/\/www.europesays.com\/fr\/315417\/"},"modified":"2025-08-13T03:59:10","modified_gmt":"2025-08-13T03:59:10","slug":"ces-personnalites-qui-vont-faire-la-rentree","status":"publish","type":"post","link":"https:\/\/www.europesays.com\/fr\/315417\/","title":{"rendered":"ces personnalit\u00e9s qui vont faire la rentr\u00e9e"},"content":{"rendered":"<p class=\"insetTitle\">Charly Lalo \u00ab\u00a0continue de s&rsquo;engager pour le territoire\u00a0\u00bb<\/p>\n<p>L\u2019\u00e9conomie et l\u2019innovation sont des piliers de l\u2019\u00e9conomie en Meurthe-et-Moselle.<\/p>\n<p>Le 1er\u00a0\u00a0septembre, un nouvel entrepreneur va faire son entr\u00e9e dans la grande famille des dirigeants du d\u00e9partement. Et ce n\u2019est pas un inconnu.<\/p>\n<p>Apr\u00e8s avoir pass\u00e9 plusieurs ann\u00e9es comme directeur g\u00e9n\u00e9ral de Lorr\u2019up, l\u2019agence de d\u00e9veloppement \u00e9conomique du sud Lorraine, qui est d\u00e9sormais g\u00e9r\u00e9 par Lo\u00efc Vautrin,\u00a0<a href=\"https:\/\/www.estrepublicain.fr\/economie\/2024\/11\/26\/charly-lalo-l-economiste-qui-accompagne-la-transition-ecologique-des-entreprises\" target=\"_blank\" rel=\"noopener\">Charly Lalo<\/a>\u00a0lance en cette rentr\u00e9e sa premi\u00e8re entreprise.<\/p>\n<p>Et pas n\u2019importe laquelle\u00a0: une agence sp\u00e9cialis\u00e9e dans la cr\u00e9ation digitale.<\/p>\n<p>Effets sp\u00e9ciaux<\/p>\n<p>Baptis\u00e9e CKeigo, son agence, totalement ind\u00e9pendante, et bas\u00e9e \u00e0\u00a0<a href=\"https:\/\/www.estrepublicain.fr\/edition-nancy-et-agglomeration\" target=\"_blank\" rel=\"noopener\">Nancy<\/a>\u00a0, n\u2019est pas l\u00e0 pour \u00ab\u00a0faire de la vid\u00e9o classique\u00a0\u00bb. Charly Lalo veut \u00ab\u00a0marquer les esprits\u00a0\u00bb, confie-t-il \u00e0\u00a0L\u2019Est R\u00e9publicain.<\/p>\n<p>Pour c\u00e9l\u00e9brer cette naissance, le nouveau patron a imagin\u00e9 un projet pilote assez audacieux nomm\u00e9 Mission Keigoborg, qui n\u2019est autre qu\u2019un court-m\u00e9trage de science-fiction.<\/p>\n<p>La production, faite d\u2019animation 3D et d\u2019effets sp\u00e9ciaux ing\u00e9nieux, est visible sur la\u00a0<a href=\"https:\/\/www.youtube.com\/@Ckeigo\/shorts\" target=\"_blank\" rel=\"noopener\">cha\u00eene YouTube<\/a>\u00a0, sur la page d\u00e9j\u00e0 ouverte de CKeigo. Avec son projet, le dirigeant souhaite mettre en place du m\u00e9c\u00e9nat de comp\u00e9tences et aider les ONG.<\/p>\n<p>Engag\u00e9<\/p>\n<p>Avec l\u2019agence Lorr\u2019up, Charly Lalo avan\u00e7ait pour le territoire. Ici, il fait un grand pari personnel, m\u00eame si le territoire n\u2019est jamais loin. Ces derni\u00e8res semaines, on lui pr\u00eate aussi des ambitions politiques, comme les municipales \u00e0 Nancy ou les \u00e9lections \u00e0\u00a0<a href=\"https:\/\/www.estrepublicain.fr\/economie\/2024\/09\/18\/une-rentree-sous-le-signe-du-volontarisme-pour-la-cci\" target=\"_blank\" rel=\"noopener\">la chambre de commerce.<\/a><\/p>\n<p>\u00ab\u00a0Je me lance dans un nouveau projet, mais je continuerai de m\u2019engager pour le territoire de toute fa\u00e7on, de plusieurs mani\u00e8res\u00a0\u00bb, souffle-t-il.<\/p>\n<p class=\"insetSignature\">Micka\u00ebl Demeaux<\/p>\n","protected":false},"excerpt":{"rendered":"Charly Lalo \u00ab\u00a0continue de s&rsquo;engager pour le territoire\u00a0\u00bb L\u2019\u00e9conomie et l\u2019innovation sont des piliers de l\u2019\u00e9conomie en Meurthe-et-Moselle.&hellip;\n","protected":false},"author":2,"featured_media":315418,"comment_status":"","ping_status":"","sticky":false,"template":"","format":"standard","meta":{"footnotes":""},"categories":[9635],"tags":[1111,11,1687,33,1707,1704,1706,1705,1777,674,1011,27,775,3457,1702,21112,12,316,25,104,517,14984],"class_list":{"0":"post-315417","1":"post","2":"type-post","3":"status-publish","4":"format-standard","5":"has-post-thumbnail","7":"category-nancy","8":"tag-actu","9":"tag-actualites","10":"tag-culture-loisirs","11":"tag-economie","12":"tag-edition-luneville","13":"tag-edition-nancy-et-agglomeration","14":"tag-edition-pont-a-mousson","15":"tag-edition-toul","16":"tag-eu","17":"tag-europe","18":"tag-fr","19":"tag-france","20":"tag-grand-est","21":"tag-meurthe-et-moselle","22":"tag-nancy","23":"tag-nancy-jazz-pulsations","24":"tag-news","25":"tag-politique","26":"tag-republique-francaise","27":"tag-societe","28":"tag-sport","29":"tag-toul"},"share_on_mastodon":{"url":"https:\/\/pubeurope.com\/@fr\/115019459088026431","error":""},"_links":{"self":[{"href":"https:\/\/www.europesays.com\/fr\/wp-json\/wp\/v2\/posts\/315417","targetHints":{"allow":["GET"]}}],"collection":[{"href":"https:\/\/www.europesays.com\/fr\/wp-json\/wp\/v2\/posts"}],"about":[{"href":"https:\/\/www.europesays.com\/fr\/wp-json\/wp\/v2\/types\/post"}],"author":[{"embeddable":true,"href":"https:\/\/www.europesays.com\/fr\/wp-json\/wp\/v2\/users\/2"}],"replies":[{"embeddable":true,"href":"https:\/\/www.europesays.com\/fr\/wp-json\/wp\/v2\/comments?post=315417"}],"version-history":[{"count":0,"href":"https:\/\/www.europesays.com\/fr\/wp-json\/wp\/v2\/posts\/315417\/revisions"}],"wp:featuredmedia":[{"embeddable":true,"href":"https:\/\/www.europesays.com\/fr\/wp-json\/wp\/v2\/media\/315418"}],"wp:attachment":[{"href":"https:\/\/www.europesays.com\/fr\/wp-json\/wp\/v2\/media?parent=315417"}],"wp:term":[{"taxonomy":"category","embeddable":true,"href":"https:\/\/www.europesays.com\/fr\/wp-json\/wp\/v2\/categories?post=315417"},{"taxonomy":"post_tag","embeddable":true,"href":"https:\/\/www.europesays.com\/fr\/wp-json\/wp\/v2\/tags?post=315417"}],"curies":[{"name":"wp","href":"https:\/\/api.w.org\/{rel}","templated":true}]}}