{"id":315421,"date":"2025-08-13T04:01:10","date_gmt":"2025-08-13T04:01:10","guid":{"rendered":"https:\/\/www.europesays.com\/fr\/315421\/"},"modified":"2025-08-13T04:01:10","modified_gmt":"2025-08-13T04:01:10","slug":"mont-salva-a-la-decouverte-de-la-plus-sauvage-des-plages-du-brusc-a-six-fours","status":"publish","type":"post","link":"https:\/\/www.europesays.com\/fr\/315421\/","title":{"rendered":"Mont Salva: \u00e0 la d\u00e9couverte de la plus sauvage des plages du Brusc \u00e0 Six-Fours"},"content":{"rendered":"<p>Pour ceux qui aiment les plages sauvages, vous tomberez imm\u00e9diatement sous le charme de celle du Mont Salva. Cette petite crique de gravillons est parfaite pour un moment de d\u00e9tente au soleil, et pour piquer une t\u00eate dans une eau claire et limpide. Petit joyau de la c\u00f4te, elle offre \u00e0 ses visiteurs une vue et des fonds marins \u00e0 couper le souffle.<\/p>\n<p>Loin des sentiers battus, elle est parfaite pour les amateurs de randonn\u00e9e qui ont besoin de se rafra\u00eechir par ces temps de fortes chaleurs. V\u00e9ritable havre de nature et de tranquillit\u00e9, cette plage peu fr\u00e9quent\u00e9e est encadr\u00e9e par de grands pins d\u2019Alep, o\u00f9 le chant des cigales vous bercera.<\/p>\n<p>Les plus<\/p>\n<p>              <img ci-src=\"https:\/\/www.varmatin.com\/vie-locale\/protec\/DATA_ART_16065100-xDhgl9Be.jpg?vh=dd97b8&amp;ci_seal=facb8c8d8f\" alt=\"\"\/><br \/>\n        Nicolas et Elin trouvent la crique parfaite. <\/p>\n<p>\u00ab\u00a0Ici c\u2019est excentr\u00e9 et peu de gens connaissent, \u00e7a \u00e9vite qu\u2019on soit tous coll\u00e9s\u00a0\u00bb, explique Ninon. Originaire de Lyon, elle vient en vacances ici tous les ans avec son amie Faustine. Les deux jeunes filles appr\u00e9cient particuli\u00e8rement le cadre un peu sauvage de cette plage, avec un paysage diff\u00e9rent des plages de sable \u00ab\u00a0classiques\u00a0\u00bb.<\/p>\n<p>C\u2019est la tranquillit\u00e9 de la crique qui semble particuli\u00e8rement plaire \u00e0 Fran\u00e7ois et son copain Noah. \u00ab\u00a0C\u2019est tr\u00e8s pr\u00e9serv\u00e9, c\u2019est tr\u00e8s vert. \u00c7a change des plages de la C\u00f4te d\u2019Azur. C\u2019est plus compliqu\u00e9 d\u2019y acc\u00e9der mais au moins il y a peu de monde\u00a0\u00bb, appr\u00e9cient-ils. Cette plage calme et familiale a conquis le jeune couple. \u00ab\u00a0Puis c\u2019est pratique de se garer au parking qui est gratuit\u00a0\u00bb, appuie Fran\u00e7ois.<\/p>\n<p>Nicolas et Elin, eux, soulignent que la vue est vraiment magnifique et que la plage et l\u2019eau sont tr\u00e8s propres. \u00ab\u00a0Cette plage est parfaite, je l\u2019adore\u00a0\u00bb, s\u2019exclame la jeune Su\u00e9doise. Son mari ajoute: \u00ab\u00a0C\u2019est sauvage, on se sent proche de la nature, c\u2019est vraiment agr\u00e9able.\u00a0\u00bb<\/p>\n<p>Les moins<\/p>\n<p>\u00ab\u00a0C\u2019est un peu difficile d\u2019acc\u00e8s\u00a0\u00bb, d\u00e9plore Faustine. Il est vrai que pour parvenir jusqu\u2019en bas, la descente de la falaise est un peu p\u00e9rilleuse. Il vaut mieux porter des chaussures ferm\u00e9es et \u00eatre prudent durant la descente de cette pente abrupte. Ici, la tranquillit\u00e9 se m\u00e9rite!<\/p>\n<p>Il faut \u00e9galement faire attention aux \u00e9boulements de la falaise et aux pierres qui peuvent glisser. Pensez \u00e0 prendre de l\u2019eau et des parasols car il n\u2019y a pas de point d\u2019eau ni beaucoup d\u2019ombre sur cette crique, peu abrit\u00e9e du mistral.<\/p>\n<p>              <img ci-src=\"https:\/\/www.varmatin.com\/vie-locale\/protec\/DATA_ART_16065102-HEWQ4ydx.jpg?vh=517305&amp;ci_seal=9197fdcbd3\" alt=\"\"\/><br \/>\n        Noah et Fran\u00e7ois appr\u00e9cient la tranquillit\u00e9 de cette plage. <\/p>\n<p>            Infos pratiques<\/p>\n<p>Chemin de la L\u00e8que, Mont Salva, Le Brusc, 83140 Six-Fours-les-Plages.<\/p>\n<p>L\u2019acc\u00e8s est ferm\u00e9 en cas d\u2019alerte incendie pour le massif.<\/p>\n<p>Stationnement gratuit \u00e0 proximit\u00e9.<\/p>\n<p>Pas de WC ni de restaurant sur la plage.<\/p>\n","protected":false},"excerpt":{"rendered":"Pour ceux qui aiment les plages sauvages, vous tomberez imm\u00e9diatement sous le charme de celle du Mont Salva.&hellip;\n","protected":false},"author":2,"featured_media":315422,"comment_status":"","ping_status":"","sticky":false,"template":"","format":"standard","meta":{"footnotes":""},"categories":[9619],"tags":[1111,11,1777,674,1011,27,12,882,25,2310,3366],"class_list":{"0":"post-315421","1":"post","2":"type-post","3":"status-publish","4":"format-standard","5":"has-post-thumbnail","7":"category-toulon","8":"tag-actu","9":"tag-actualites","10":"tag-eu","11":"tag-europe","12":"tag-fr","13":"tag-france","14":"tag-news","15":"tag-provence-alpes-cote-dazur","16":"tag-republique-francaise","17":"tag-toulon","18":"tag-vie-locale"},"share_on_mastodon":{"url":"https:\/\/pubeurope.com\/@fr\/115019466987050047","error":""},"_links":{"self":[{"href":"https:\/\/www.europesays.com\/fr\/wp-json\/wp\/v2\/posts\/315421","targetHints":{"allow":["GET"]}}],"collection":[{"href":"https:\/\/www.europesays.com\/fr\/wp-json\/wp\/v2\/posts"}],"about":[{"href":"https:\/\/www.europesays.com\/fr\/wp-json\/wp\/v2\/types\/post"}],"author":[{"embeddable":true,"href":"https:\/\/www.europesays.com\/fr\/wp-json\/wp\/v2\/users\/2"}],"replies":[{"embeddable":true,"href":"https:\/\/www.europesays.com\/fr\/wp-json\/wp\/v2\/comments?post=315421"}],"version-history":[{"count":0,"href":"https:\/\/www.europesays.com\/fr\/wp-json\/wp\/v2\/posts\/315421\/revisions"}],"wp:featuredmedia":[{"embeddable":true,"href":"https:\/\/www.europesays.com\/fr\/wp-json\/wp\/v2\/media\/315422"}],"wp:attachment":[{"href":"https:\/\/www.europesays.com\/fr\/wp-json\/wp\/v2\/media?parent=315421"}],"wp:term":[{"taxonomy":"category","embeddable":true,"href":"https:\/\/www.europesays.com\/fr\/wp-json\/wp\/v2\/categories?post=315421"},{"taxonomy":"post_tag","embeddable":true,"href":"https:\/\/www.europesays.com\/fr\/wp-json\/wp\/v2\/tags?post=315421"}],"curies":[{"name":"wp","href":"https:\/\/api.w.org\/{rel}","templated":true}]}}