{"id":315431,"date":"2025-08-13T04:08:22","date_gmt":"2025-08-13T04:08:22","guid":{"rendered":"https:\/\/www.europesays.com\/fr\/315431\/"},"modified":"2025-08-13T04:08:22","modified_gmt":"2025-08-13T04:08:22","slug":"la-majorite-municipale-explose-avant-les-municipales","status":"publish","type":"post","link":"https:\/\/www.europesays.com\/fr\/315431\/","title":{"rendered":"LA MAJORIT\u00c9 MUNICIPALE EXPLOSE AVANT LES MUNICIPALES"},"content":{"rendered":"<p>Posted On 13 ao\u00fbt 2025 <\/p>\n<p style=\"text-align: justify;\">L&rsquo;\u00e9pop\u00e9e de chaleur intense fait tomber les vestes : Allan Brunon, le co-chef de file des Insoumis avec Elisa Martin \u00e0 Grenoble, a le m\u00e9rite de la clart\u00e9. Tous les <a href=\"https:\/\/grenoble-le-changement.fr\/2025\/07\/19\/la-liste-piolle-ruffin-cest-comme-si-on-avait-deja-gagne-%ef%bf%bc\/\" target=\"_blank\" rel=\"noopener\">faux propos indolores<\/a>,<a href=\"https:\/\/grenoble-le-changement.fr\/2025\/07\/22\/on-sest-inflige-la-lecture-du-blog-de-laurence-ruffin-pour-que-vous-nayez-pas-a-le-faire\/\" target=\"_blank\" rel=\"noopener\"> l\u00e9nifiants<\/a> de Laurence Ruffin, la candidate de Piolle sont pulv\u00e9ris\u00e9s par des v\u00e9rit\u00e9s <a href=\"https:\/\/grenoble-le-changement.fr\/2025\/06\/11\/lfi-met-la-pression-sur-l-ruffin-la-candidate-pour-succeder-a-piolle\/\" target=\"_blank\" rel=\"noopener\">brutes, s\u00e8ches, les rapports de force.<\/a><\/p>\n<p style=\"text-align: justify;\">Margot Belair, Lucille Lheureux et Nicolas Beron-Perez, les \u00e9lus qui font de la figuration aux c\u00f4t\u00e9s de Ruffin vont avoir beaucoup de mal \u00e0 tenir le choc de LFI. Dans<a target=\"_blank\" href=\"https:\/\/www.placegrenet.fr\/2025\/08\/11\/une-liste-lfi-aux-municipales-de-grenoble-allan-brunon-chef-de-file-des-insoumis-laisse-planer-le-suspense\/657605\" rel=\"noopener\"> Place Gre&rsquo;Net Allan Brunon fait encore monter la temp\u00e9rature<\/a> caniculaire.<\/p>\n<p><a href=\"https:\/\/i2.wp.com\/grenoble-le-changement.fr\/wp-content\/uploads\/2025\/08\/Capture-de\u0301cran-2025-08-12-a\u0300-12.50.56.png?ssl=1\" rel=\"lightbox[83938] noopener\" target=\"_blank\"><img decoding=\"async\" data-id=\"83939\" src=\"https:\/\/i2.wp.com\/grenoble-le-changement.fr\/wp-content\/uploads\/2025\/08\/Capture-de\u0301cran-2025-08-12-a\u0300-12.50.56.png?resize=678%2C385&amp;ssl=1\" alt=\"\" class=\"wp-image-83939 jetpack-lazy-image\" data-recalc-dims=\"1\" data-lazy-src=\"https:\/\/i2.wp.com\/grenoble-le-changement.fr\/wp-content\/uploads\/2025\/08\/Capture-de\u0301cran-2025-08-12-a\u0300-12.50.56.png?resize=678%2C385&amp;is-pending-load=1#038;ssl=1\" \/><\/a><br \/>\n<a target=\"_blank\" href=\"https:\/\/www.placegrenet.fr\/2025\/08\/11\/une-liste-lfi-aux-municipales-de-grenoble-allan-brunon-chef-de-file-des-insoumis-laisse-planer-le-suspense\/657605\" rel=\"noopener\">Sur Place Gre&rsquo;Net, <\/a>Allan Brunon ( LFI) d\u00e9molit toute la tactique de camouflage \u00e9labor\u00e9e par les Rouge\/Verts Grenoblois<\/p>\n<p><strong>\u00a0\u00bb ON NE VEUT PAS ENTENDRE PARLER D&rsquo;Amandine GERMAIN\u00a0\u00bb<\/strong><\/p>\n<p>S&rsquo;agissant des alliances d&rsquo;abord. Pas question du PS. M\u00eame si <a href=\"https:\/\/grenoble-le-changement.fr\/2024\/11\/23\/laurence-ruffin-verts-lfi-petits-mensonges-et-gros-sabots\/\" target=\"_blank\" rel=\"noopener\">Laurence Ruffin<\/a> ne parlait que de d\u00e9bauchages de socialistes , elle cherchait \u00e0 faire semblant.\u00ab Les \u00c9cologistes essayent de ramener le Parti socialiste syst\u00e9matiquement alors que, nous, on ne veut pas entendre parler d\u2019Amandine Germain\u00bb, indique clairement Allan Brunon \u00e0 Place Gre&rsquo;Net.\u00ab\u00a0Il faut se demander ce que madame Germain a envie de faire pour les Grenoblois, \u00e0 part aller avec son seau de colle, toute seule, coller sa t\u00eate partout pour montrer qu\u2019elle existe (&#8230;) On ne veut pas entendre parler du Parti socialiste. On ne fera rien de grand avec eux et les Grenoblois ne sont pas dupes de cette supercherie monumentale. \u00bb Fermez le banc.\u00a0<\/p>\n<p><strong>\u00a0\u00bb POURQUOI ON DEVRAIT TOUS EXAMINER LA CANDIDATURE RUFFIN?\u00a0\u00bb<\/strong><\/p>\n<p>La candidature Ruffin impos\u00e9e par Piolle ? \u00ab je n\u2019ai rien contre elle, mais pourquoi on devrait tous s\u2019arr\u00eater et examiner sa candidature ? \u00bb car \u00ab pour LFI, un bon candidat, c\u2019est un candidat radical capable de faire des mouvements vis-\u00e0-vis de ce qui n\u2019a pas encore \u00e9t\u00e9 fait depuis 2014\u2033.<\/p>\n<p><strong>\u00a0\u00bb UNE FAUSSE D\u00c9MOCRATIE POUR NOUS PAS ACCEPTABLE\u00a0\u00bb<\/strong><\/p>\n<p>On revient \u00e0 la rupture avec le bilan Piolle qui constitue la grande difficult\u00e9 des sortants que LFI a tactiquement bien int\u00e9gr\u00e9, ressentant probablement le fort m\u00e9contentement populaire \u00e0 l&rsquo;\u00e9gard de ceux qui ont accentu\u00e9 la ville \u00e0 deux vitesses, \u00ab\u00a0suivant que vous soyez bobo ou mis\u00e9rable\u00a0\u00bb&#8230;\u00a0<\/p>\n<p>Le faux <a href=\"https:\/\/grenoble-le-changement.fr\/2025\/07\/19\/la-liste-piolle-ruffin-cest-comme-si-on-avait-deja-gagne-%ef%bf%bc\/\" target=\"_blank\" rel=\"noopener\">quatuor Ruffin\/Belair\/Lheureux\/Beron-Perez<\/a> ?\u00a0\u00ab\u00a0Ce processus, qui s\u2019apparente \u00e0 une fausse d\u00e9mocratie, n\u2019est pour nous pas acceptable. Pourquoi cette temporalit\u00e9\u00a0? Pourquoi un quatuor\u00a0? Comment vont-ils se d\u00e9partager\u00a0? \u00bb pointe Brunon.\u00a0<\/p>\n<p><strong>\u00a0\u00bb ON N&rsquo;EST PAS PARVENU A DISCUTER AVEC LES VERTS\u00a0\u00bb<\/strong><\/p>\n<p>Les \u00e9changes avec les Verts? \u00ab On a essay\u00e9 de discuter, on n\u2019y est pas parvenus. Parce que, syst\u00e9matiquement, on nous renvoyait \u00e0 des discussions sur les personnes\u00a0\u00bb, explique-t-il.<\/p>\n<p>Le rapport de force?\u00a0 Rappelant les scores de LFI aux Europ\u00e9ennes et l\u00e9gislatives \u00e0 Grenoble Allan Brunon annonce: \u00ab on estime que nous sommes d\u00e9sormais assez forts \u00e0 la France insoumise de Grenoble pour m\u00e9riter une repr\u00e9sentativit\u00e9 \u00e0 notre hauteur \u00bb. Il affirme \u00ab\u00a0ne pas \u00eatre \u00e0 Grenoble pour faire de la figuration \u00bb.<\/p>\n<p><a href=\"https:\/\/grenoble-le-changement.fr\/wp-content\/uploads\/2025\/08\/Capture-de\u0301cran-2025-07-18-a\u0300-12.06.04-1.webp\" target=\"_blank\" rel=\"noopener\"><img decoding=\"async\" data-id=\"83941\" src=\"https:\/\/grenoble-le-changement.fr\/wp-content\/uploads\/2025\/08\/Capture-de\u0301cran-2025-07-18-a\u0300-12.06.04-1.webp\" alt=\"\" class=\"wp-image-83941 jetpack-lazy-image\" data-lazy-src=\"https:\/\/www.europesays.com\/fr\/wp-content\/uploads\/2025\/08\/Capture-de\u0301cran-2025-07-18-a\u0300-12.06.04-1.webp\" \/><\/a><br \/>\nla pose bucolique du quatuor pour cacher la candidature Ruffin et faire croire que tout est \u00ab\u00a0petite fleur\u00a0\u00bb vole en \u00e9clat : Belair, Ruffin, Lheureux et Beron-Perez ne vont pas pouvoir continuer \u00e0 mentir .\u00a0<a target=\"_blank\" href=\"https:\/\/www.placegrenet.fr\/2025\/07\/17\/municipales-les-quatre-volontaires-de-la-majorite-sortante-de-grenoble-exposent-leur-demarche-et-leur-calendrier\/655843\" rel=\"noreferrer noopener\">Source photo : Place Gre&rsquo;net<\/a>  On rel\u00e9ve que la photo a \u00e9t\u00e9 prise dans le superbe parc Pompidou ( 5,5 hectares) r\u00e9alis\u00e9 par la municipalit\u00e9 Carignon et que la seule valeur ajout\u00e9e de la majorit\u00e9 municipale ce sont les tags pas nettoy\u00e9s sur le muret &#8230;<\/p>\n<p><strong>ZFE : \u00a0\u00bb L&rsquo;ABERRATION SOCIALE \u00a0\u00bb A \u00c9T\u00c9 VOT\u00c9E PAR LES \u00c9LUS LFI&#8230;<\/strong><\/p>\n<p>Sur le fond il fait voler en \u00e9clat quelques dossiers qui font mal \u00e0 la majorit\u00e9 sortante qui s&rsquo;est arcbout\u00e9e sur ses dogmes.\u00a0 <a href=\"https:\/\/grenoble-le-changement.fr\/2025\/06\/21\/zfe-tout-se-jouera-aux-elections-municipales\/\" target=\"_blank\" rel=\"noopener\">D&rsquo;abord la ZFE ,une \u00ab aberration sociale\u00a0<\/a>\u00bb qui vise \u00e0 \u00ab\u00a0toujours p\u00e9naliser les plus pr\u00e9caires et les plus pauvres \u00bb. Quant on sait l&rsquo;acharnement des \u00e9lus Verts ( Vincent Fristot, Yann Mongaburu, Margot Belair &#8230;) a imposer une ZFE plus contraignante que la loi, quant on se rappelle les accusations contre Alain Carignon pratiquement accus\u00e9 de vouloir des morts de pollution sur les trottoirs de Grenoble, on imagine la secousse qui doit tordre les Khmers Verts de lire \u00e7a sous la plume de LFI. Mais qu&rsquo;en pense donc l&rsquo;autre Alan, Confesson, l&rsquo;Adjoint au Maire (LFI) qui a aval\u00e9 et vot\u00e9 toutes ces mesures d\u00e9sormais d\u00e9nonc\u00e9e par son parti ? La pagaille est \u00e0 son comble.\u00a0<\/p>\n<p><strong>&#8230; \u00a0\u00bb L&rsquo;ABSURDIT\u00c9 DU LAC DE VILLENEUVE \u00a0\u00bb AUSSI !<\/strong><\/p>\n<p>Mais Allan Brunon tire \u00e0 vue aussi sur le <a href=\"https:\/\/grenoble-le-changement.fr\/2024\/08\/01\/lac-baignable-de-villeneuve-lopposition-demande-lannulation-de-la-deliberation\/\" target=\"_blank\" rel=\"noopener\">\u00a0\u00bb lac Villeneuve\u00a0\u00bb.\u00a0 Une \u00ab absurdit\u00e9 \u00bb pour lui.<\/a> \u00ab Pourquoi cela n\u2019a pas \u00e9t\u00e9 soumis \u00e0 la votation des citoyens ? On aurait pu faire un syst\u00e8me de votes pour que les habitants puissent se prononcer (&#8230;) je ne suis pas d\u2019accord avec le fait qu\u2019on ne respecte pas la volont\u00e9 des habitants qui se disent pour une grande majorit\u00e9 oppos\u00e9s \u00e0 cela \u00bb.<\/p>\n<p><strong>UN VENT DE PANIQUE SUR LE VOTE DES QUARTIERS POPULAIRES<\/strong><\/p>\n<p>Un tel revirement alors qu&rsquo;Elisa Martin, Alan Confesson, Laura Pfister, J\u00e9r\u00f4me Soldeville, Maude Wadelec les \u00e9lus LFI du Conseil Municipal ont tout vot\u00e9 <a href=\"https:\/\/grenoble-le-changement.fr\/2025\/08\/10\/villeneuve-lenfer-du-decor-qui-contredit-piolle\/\" target=\"_blank\" rel=\"noopener\">s&rsquo;explique par un vent de panique<\/a>. L&rsquo;hymne \u00e0 Gaza pour obtenir un vote communautariste semble ne pas suffire dans les quartiers populaires qui en ont un peu marre d&rsquo;\u00eatre enferm\u00e9s dans leur origine ou leur religion et savent bien que ce n&rsquo;est pas le Maire de Grenoble qui sauvera les populations Gazouies du drame.<\/p>\n<p><img decoding=\"async\" data-id=\"75415\" src=\"https:\/\/i1.wp.com\/grenoble-le-changement.fr\/wp-content\/uploads\/2024\/08\/lac-villeneuve.png?w=678&amp;ssl=1\" alt=\"\" class=\"wp-image-75415 jetpack-lazy-image\" data-recalc-dims=\"1\" data-lazy-src=\"https:\/\/www.europesays.com\/fr\/wp-content\/uploads\/2025\/08\/lac-villeneuve.png\" \/><br \/>\nLes \u00e9lus LFI voudraient bien r\u00e9cup\u00e9rer les \u00e9lecteurs du collectif du lac apr\u00e8s avoir vot\u00e9 contre toutes ses propositions au Conseil Municipal et caricatur\u00e9 toutes leurs positions<\/p>\n<p><strong>\u00a0\u00bb C&rsquo;EST LA QU&rsquo;ON A VU QUE LES GENS SE SENTENT LES PLUS ABANDONN\u00c9S\u00a0\u00bb<\/strong><\/p>\n<p>En atterrissant dans ces quartiers\u00a0 sur ordre du parti, Allan Brunon a certainement compris la situation \u00e9lectorale dangereuse cr\u00e9\u00e9e par les gauchos\/bobos\/verts <a href=\"https:\/\/grenoble-le-changement.fr\/2025\/08\/11\/logement-social-les-locataires-toujours-oublies-par-les-verts-lfi\/\" target=\"_blank\" rel=\"noopener\">avec l&rsquo;abandon de la question sociale.<\/a> Il explique \u00e0 Place Gre&rsquo;Net que \u00ab c\u2019est l\u00e0 qu\u2019on a vu que les gens se sentent les plus abandonn\u00e9s\u00bb\u00a0 contraint\u00a0 de pr\u00e9ciser &#8230; \u00ab pas forc\u00e9ment par les politiques municipales mais du fait de la situation nationale \u00bb. D&rsquo;ailleurs Place Gre&rsquo;Net rel\u00e8ve bien que sa cible est&#8230; Alain Carignon, le plus cr\u00e9dible,\u00a0 un candidat qui,\u00abne conna\u00eet pas les probl\u00e9matiques des quartiers populaires\u00a0\u00bb et \u00ab\u00a0ne leur propose rien d\u2019autre que de l\u2019angoisse et des mensonges\u00a0\u00bb.<\/p>\n<p><strong>Alain CARIGNON : LE PLUS CR\u00c9DIBLE EST LA PRINCIPALE CIBLE<\/strong><\/p>\n<p>Qui\u00a0 \u00ab \u00a0ne fait que mentir en disant que, dans sa liste, il va mettre des gens des quartiers populaires. Ce ne sont rien d\u2019autre que des ren\u00e9gats qui n\u2019ont jamais grandi dans les quartiers populaires, qui n\u2019ont jamais rien fait pour la plupart dans les quartiers populaires, qui ne vivent plus dans les quartiers populaires \u00bb .\u00a0 Sa hargne\u00a0 est mauvaise conseill\u00e8re. Voil\u00e0 que le parachut\u00e9 accuse les autres de ne plus vivre dans les quartiers populaires , lui qui les a quitt\u00e9 depuis si longtemps pour la proximit\u00e9 douillette du poste d&rsquo;attach\u00e9 parlementaire du gendre de M\u00e9lenchon.<\/p>\n<\/p>\n<p>Anouchka Michard , fondatrice de la Papoth\u00e9que au Lys Rouge, sabord\u00e9e par la majorit\u00e9 Verts\/LFI, travailleur social , militante de gauche est plus utile qu&rsquo;Allan Brunon aux populations en difficult\u00e9s <\/p>\n<p><strong>UN MUSULMAN QUI VOTE CONTRE EUX EST \u00a0\u00bb UN REN\u00c9GAT \u00a0\u00bb !<\/strong><\/p>\n<p>Pire dans son \u00e9lan , Allan Brunon traite de \u00a0\u00bb ren\u00e9gat \u00a0\u00bb un citoyen musulman qui fait un choix politique diff\u00e9rent du sien. Afin de se constituer un r\u00e9servoir \u00e9lectoral par assignation \u00e0 r\u00e9sidence religieuse. Mimoun M&rsquo;Rad, un militant des quartiers populaires, lui avait r\u00e9pondu vertement sur sa page facebook: \u00ab\u00a0Grenoble n&rsquo;est pas un d\u00e9cor, ce n&rsquo;est pas une case sur une carte \u00e9lectorale. Ce n&rsquo;est pas un tremplin de carri\u00e8re ni un lot de consolation! Tu ne repr\u00e9sentes pas Grenoble tu l&rsquo;utilises comme tu utilises mes fr\u00e8res musulmans, mes fr\u00e8res Palestiniens.\u00a0\u00bb\u00a0<\/p>\n<p><strong>SOIT LA MAJORIT\u00c9 MUNICIPALE S&rsquo;ENFERME AVEC UNE LISTE COMMUNAUTARISTE<\/strong><\/p>\n<p>Mais sa sortie d\u00e9montre l&rsquo;\u00e9clatement de la majorit\u00e9 municipale sortante. Soit elle s&rsquo;enferme avec une liste Verts\/LFI qui met en l&rsquo;air tout le dogmatisme des Verts ( Lac de Villeneuve, ZFE&#8230;) qui se communautarise pour tenter de faire <a href=\"https:\/\/grenoble-le-changement.fr\/2024\/10\/14\/le-college-olympique-victime-de-la-ghettoisation-du-quartier\/\" target=\"_blank\" rel=\"noopener\">oublier la ghetto\u00efsation<\/a> des quartiers qu&rsquo;elle a cr\u00e9\u00e9 . En ce cas elle rend impossible toute alliance avec le PS et \u00e0 fortiori avec les socio-d\u00e9mocrates. Une liste r\u00e9duite aux acqu\u00eats.\u00a0<\/p>\n<p><strong>SOIT L.RUFFIN TRAHIT SA PROMESSE DE N&rsquo;\u00caTRE CANDIDATE QUE d&rsquo;UNE LISTE COMMUNE<\/strong><\/p>\n<p>Soit les Verts et LFI se s\u00e9parent et Laurence Ruffin trahit son premier engagement qui \u00e9tait de n&rsquo;\u00eatre candidate que d&rsquo;une liste commune.\u00a0 Elle serait d\u00e9mon\u00e9tis\u00e9e sur la ligne de d\u00e9part. Mais au second tour , l&rsquo;\u00e9ventuelle alliance des deux listes exclut aussi les autres, et se ferait sur cette ligne, qui enfoncerait Grenoble dans les t\u00e9n\u00e8bres de\u00a0 la r\u00e9gression d\u00e9mocratique et sociale.\u00a0<\/p>\n<p><img decoding=\"async\" data-id=\"82539\" src=\"https:\/\/i2.wp.com\/grenoble-le-changement.fr\/wp-content\/uploads\/2025\/06\/Allan-Brunon-.png?w=678&amp;ssl=1\" alt=\"\" class=\"wp-image-82539 jetpack-lazy-image\" data-recalc-dims=\"1\" data-lazy-src=\"https:\/\/www.europesays.com\/fr\/wp-content\/uploads\/2025\/08\/Allan-Brunon-.png\" \/><br \/>\nle parachutage de Allan Brunon vu par Mimoun M&rsquo;Rad <\/p>\n<p><strong>LA D\u00c9CISION DE LFI SERA NATIONALE <\/strong><\/p>\n<p><a href=\"https:\/\/grenoble-le-changement.fr\/2025\/07\/07\/municipales-un-ete-meurtrier-pour-les-gauches-grenobloises\/\" target=\"_blank\" rel=\"noopener\">\u00ab\u00a0L&rsquo;\u00e9t\u00e9 meurtrier \u00a0\u00bb annonc\u00e9<\/a> se d\u00e9roule bien comme pr\u00e9vu. Il s&rsquo;ach\u00e8vera bien en septembre si on en croit les annonces d&rsquo;Allan Brunon :la d\u00e9cision d&rsquo;une liste commune ou d&rsquo;une liste s\u00e9par\u00e9e sera prise. On imagine bien qu&rsquo;\u00e0 LFI, comme dans tous les partis et encore plus ici, elle sera Nationale et dans la perspective de la pr\u00e9sidentielle. Mais l&rsquo;affaiblissement local des Verts <a href=\"https:\/\/grenoble-le-changement.fr\/2025\/08\/08\/logement-piolle-fait-exploser-la-grande-arnaque-de-laurence-ruffin-verts-lfi\/\" target=\"_blank\" rel=\"noopener\">engag\u00e9s sur la voie descendante par Piolle p\u00e9sera lourd.<\/a><\/p>\n<p><strong>LES VERTS\/ADES de R.AVRILLIER PRINCIPALES VICTIMES<\/strong><\/p>\n<p>Jean-Luc M\u00e9lenchon ne peut pas \u00eatre candidat \u00e0 la Pr\u00e9sidentielle sans un socle \u00e9lectoral et des \u00e9lus dans les grandes villes ou il s&rsquo;estime fort. Quelle que soit la configuration &#8211; s\u00e9par\u00e9s ou ensemble- les principales victimes de cette prise d&rsquo;espace devraient \u00eatre les \u00e9lus Verts\/Ades <a href=\"https:\/\/grenoble-le-changement.fr\/raymond-avrillier-le-tartuffe-rouge-verts-bouge-encore\/\" target=\"_blank\" rel=\"noopener\">du parrain Raymond Avrillier,<\/a> qui ont <a href=\"https:\/\/grenoble-le-changement.fr\/2025\/08\/09\/avrillier-coutaz-les-verts-ades-des-leurres-pour-desenclaver-l-ruffin\/\" target=\"_blank\" rel=\"noopener\">pr\u00e9empt\u00e9 l&rsquo;extr\u00eame gauche<\/a> depuis 40 ans et dominent la majorit\u00e9. On assiste \u00e0 une fin de r\u00e8gne de ce c\u00f4t\u00e9-l\u00e0 aussi.\u00a0\u00a0<\/p>\n<p><strong>LA MAJORIT\u00c9 MUNICIPALE EST \u00c9PUIS\u00c9E ET INTELLECTUELLEMENT VAINCUE<\/strong><\/p>\n<p>La majorit\u00e9 municipale ressemble <a href=\"https:\/\/grenoble-le-changement.fr\/2025\/07\/29\/la-liste-ruffin-verts-lfi-annonce-5000-hlm-supplementaires-a-grenoble\/\" target=\"_blank\" rel=\"noopener\">\u00e0 un champ de ruines<\/a> et Laurence Ruffin saute sur toutes les mines \u00e0 <a href=\"https:\/\/grenoble-le-changement.fr\/2025\/08\/04\/la-liste-piolle-ruffin-plombee-par-les-declarations-du-maire-sortant\/\" target=\"_blank\" rel=\"noopener\">fragmentation pos\u00e9es partout.<\/a> Le Grand Timonier par sa suffisance, son d\u00e9sint\u00e9r\u00eat du collectif, la seule <a href=\"https:\/\/grenoble-le-changement.fr\/2025\/08\/07\/eric-piolle-donne-encore-des-lecons-sur-le-trafic-qui-explose-a-grenoble\/\" target=\"_blank\" rel=\"noopener\">pr\u00e9occupation de sa sortie Nationale<\/a> depuis sa r\u00e9\u00e9lection de 2020 a cr\u00e9\u00e9 toutes les conditions de cette explosion. Elle arrive \u00e9puis\u00e9e et intellectuellement vaincue \u00e0 l&rsquo;or\u00e9e du scrutin. Allan Brunon tente de lui apporter un nouveau souffle. Il est bien court.\u00a0<\/p>\n<p><strong>\u00a0\u00bb R\u00c9CONCILIER GRENOBLE AVEC TOUS SES HABITANTS SANS LA MOINDRE EXCEPTION\u00a0\u00bb<\/strong><\/p>\n<p>Dans un tribune du \u00a0\u00bb Figaro\u00a0\u00bb publi\u00e9e le 12 ao\u00fbt, Alain Carignon\u00a0 explique qu&rsquo;il faut \u00ab\u00a0sauver Grenoble\u00a0\u00bb. Rappelant \u00a0\u00bb les vrais crises qui attendent la ville,\u00a0la plus lourde \u00e9tant la financi\u00e8re\u00a0\u00bb. Appelant \u00e0\u00a0 une \u00ab\u00a0tr\u00e8s large mobilisation citoyenne indispensable donnant la l\u00e9gitimit\u00e9 irrempla\u00e7able pour ouvrir une belle nouvelle page de l\u2019Histoire de la capitale du Dauphin\u00e9 : r\u00e9concilier Grenoble avec son Histoire et avec ses habitants, tous ses habitants sans la moindre exception.\u00a0\u00bb<\/p>\n<p>Loin des proph\u00e8tes de haine et de division, une \u00e9quipe renouvel\u00e9e, diversifi\u00e9e et ouverte peut permettre en effet aux Grenoblois de se r\u00e9concilier avec eux -m\u00eames dans une ville afin apais\u00e9e et \u00e0 nouveau conqu\u00e9rante.<\/p>\n","protected":false},"excerpt":{"rendered":"Posted On 13 ao\u00fbt 2025 L&rsquo;\u00e9pop\u00e9e de chaleur intense fait tomber les vestes : Allan Brunon, le co-chef&hellip;\n","protected":false},"author":2,"featured_media":315432,"comment_status":"","ping_status":"","sticky":false,"template":"","format":"standard","meta":{"footnotes":""},"categories":[9566],"tags":[1111,11,9601,11148,27721,14001,45433,2430,10131,9607,1777,674,1011,27,2731,30083,45434,26491,10136,639,780,10612,10613,45435,30085,12,24294,10139,10140,25,10850],"class_list":{"0":"post-315431","1":"post","2":"type-post","3":"status-publish","4":"format-standard","5":"has-post-thumbnail","7":"category-grenoble","8":"tag-actu","9":"tag-actualites","10":"tag-alain-carignon","11":"tag-alan-confesson","12":"tag-allan-brunon","13":"tag-amandine-germain","14":"tag-anouchak-michard","15":"tag-auvergne-rhone-alpes","16":"tag-elisa-martin","17":"tag-eric-piolle","18":"tag-eu","19":"tag-europe","20":"tag-fr","21":"tag-france","22":"tag-grenoble","23":"tag-jerome-soldeville","24":"tag-la-papotheque","25":"tag-laura-pfister","26":"tag-laurence-ruffin","27":"tag-le-figaro","28":"tag-lfi","29":"tag-lucille-lheureux","30":"tag-margot-belair","31":"tag-maude-wadelec","32":"tag-mimoun-mrad","33":"tag-news","34":"tag-nicolas-beron-perez","35":"tag-place-grenet","36":"tag-raymond-avrillier","37":"tag-republique-francaise","38":"tag-vincent-fristot"},"share_on_mastodon":{"url":"https:\/\/pubeurope.com\/@fr\/115019494592544473","error":""},"_links":{"self":[{"href":"https:\/\/www.europesays.com\/fr\/wp-json\/wp\/v2\/posts\/315431","targetHints":{"allow":["GET"]}}],"collection":[{"href":"https:\/\/www.europesays.com\/fr\/wp-json\/wp\/v2\/posts"}],"about":[{"href":"https:\/\/www.europesays.com\/fr\/wp-json\/wp\/v2\/types\/post"}],"author":[{"embeddable":true,"href":"https:\/\/www.europesays.com\/fr\/wp-json\/wp\/v2\/users\/2"}],"replies":[{"embeddable":true,"href":"https:\/\/www.europesays.com\/fr\/wp-json\/wp\/v2\/comments?post=315431"}],"version-history":[{"count":0,"href":"https:\/\/www.europesays.com\/fr\/wp-json\/wp\/v2\/posts\/315431\/revisions"}],"wp:featuredmedia":[{"embeddable":true,"href":"https:\/\/www.europesays.com\/fr\/wp-json\/wp\/v2\/media\/315432"}],"wp:attachment":[{"href":"https:\/\/www.europesays.com\/fr\/wp-json\/wp\/v2\/media?parent=315431"}],"wp:term":[{"taxonomy":"category","embeddable":true,"href":"https:\/\/www.europesays.com\/fr\/wp-json\/wp\/v2\/categories?post=315431"},{"taxonomy":"post_tag","embeddable":true,"href":"https:\/\/www.europesays.com\/fr\/wp-json\/wp\/v2\/tags?post=315431"}],"curies":[{"name":"wp","href":"https:\/\/api.w.org\/{rel}","templated":true}]}}