{"id":315439,"date":"2025-08-13T04:14:17","date_gmt":"2025-08-13T04:14:17","guid":{"rendered":"https:\/\/www.europesays.com\/fr\/315439\/"},"modified":"2025-08-13T04:14:17","modified_gmt":"2025-08-13T04:14:17","slug":"la-maitrise-des-portugais-le-collectif-nicois-prend-leau-les-tops-et-flops","status":"publish","type":"post","link":"https:\/\/www.europesays.com\/fr\/315439\/","title":{"rendered":"la ma\u00eetrise des Portugais, le collectif ni\u00e7ois prend l\u2019eau&#8230;Les tops et flops"},"content":{"rendered":"<p>Benfica trop facile, Richard Rios en chef d\u2019orchestre et le collectif ni\u00e7ois impuissant, retrouvez les tops et les flops de la nouvelle d\u00e9faite ni\u00e7oise face aux Lisbo\u00e8tes.<\/p>\n<p class=\"fig-paragraph\"><strong>TOPS<\/strong><\/p>\n<p>La ma\u00eetrise de Benfica<\/p>\n<p class=\"fig-paragraph\">Trois classes d\u2019\u00e9cart. C\u2019est au moins ce qui s\u00e9parait\u00a0<a href=\"http:\/\/www.lefigaro.fr\/sports\/football\/ligue-des-champions\/ligue-des-champions-terminus-pour-nice-surclasse-par-le-benfica-lisbonne-20250812\" data-fig-type=\"NewsFlash\" data-gtm-custom-categorie=\"navigation\" data-gtm-custom-action=\"crossclick\" data-gtm-custom-label=\"Contextuel\" data-gtm-event=\"customEventSPE\" data-fig-domain=\"LEFIGARO\" rel=\"nofollow noopener\" target=\"_blank\">Benfica de Nice<\/a>\u00a0ce mardi soir au Stade de la Luz \u00e0 l\u2019occasion du match retour du 3e tour pr\u00e9liminaire de la<a href=\"http:\/\/www.lefigaro.fr\/sports\/football\/ligue-1\/psg-gagner-deux-ligues-des-champions-d-affilee-c-est-l-objectif-luis-enrique-affiche-ses-ambitions-20250812\" data-fig-type=\"NewsFlash\" data-gtm-custom-categorie=\"navigation\" data-gtm-custom-action=\"crossclick\" data-gtm-custom-label=\"Contextuel\" data-gtm-event=\"customEventSPE\" data-fig-domain=\"LEFIGARO\" rel=\"nofollow noopener\" target=\"_blank\">\u00a0Ligue des champions<\/a>. Les Lisbo\u00e8tes se sont amus\u00e9s pendant presque l\u2019int\u00e9gralit\u00e9 de la rencontre. Nice a bien tent\u00e9 de se battre \u00e0 chaque d\u00e9but de p\u00e9riode mais ce vent de r\u00e9bellion s\u2019est vite essouffl\u00e9. Les hommes de Bruno Lage ont surclass\u00e9 la rencontre par leur jeu long qui a terriblement mis en difficult\u00e9 la d\u00e9fense du GYM. Le premier but (18e) d\u2019Aursnes vient de l\u00e0. Les Portugais ont tent\u00e9 moult combinaisons, la plupart sont pass\u00e9es gr\u00e2ce \u00e0 un niveau technique sup\u00e9rieur mais \u00e9galement \u00e0 une apathie des joueurs ni\u00e7ois, Schjelderup se chargeant de tuer tout suspense \u00e0 la 27e minute, seul dans la surface pour le 2 \u00e0 0.<\/p>\n<p>                                    <a class=\"fig-a11y-skip a11y-hidden\" href=\"#fig-a11y-skip-main-inarticle\"><br \/>\n        Passer la publicit\u00e9<br \/>\n    <\/a><\/p>\n<p class=\"fig-paragraph\">Les statistiques \u00e0 la pause sont peut-\u00eatre plus \u00e9loquentes que les mots. 64% de possession pour Benfica, 13 tirs dont 4 cadr\u00e9s et aucune faute commise. Du c\u00f4t\u00e9 ni\u00e7ois, seulement six frappes et une seule dans le mille. En plus d\u2019\u00eatre maladroits, les azur\u00e9ens ont aussi \u00e9t\u00e9 agressifs avec neuf fautes. En seconde mi-temps, les quelques minutes de domination n\u2019ont pas suffi au GYM pour marquer. Le train \u00e9tait pass\u00e9. Plus aucun but ne sera inscrit, Benfica pr\u00e9f\u00e9rant tenter de nouvelles combinaisons plut\u00f4t que de punir les r\u00e9cents quatri\u00e8mes de Ligue 1. Les entrants ont \u00e9galement \u00e9t\u00e9 percutants, surtout Gianluca Prestianni, qui apr\u00e8s avoir subi une vilaine semelle de Jonathan Clauss, a multipli\u00e9 les courses vers l\u2019avant et les frappes dangereuses.<\/p>\n<p>Schjelderup d\u00e9cisif<\/p>\n<p class=\"fig-paragraph\">21 ans et d\u00e9j\u00e0 une activit\u00e9 impressionnante. Pour sa deuxi\u00e8me saison \u00e0 Benfica, Andreas Schjelderup est en train d\u2019\u00e9clore. Le Norv\u00e9gien a \u00e9t\u00e9 intenable sur son c\u00f4t\u00e9 gauche. Il r\u00e9alise un contr\u00f4le de la poitrine parfait \u00e0 la 18e minute et transmet le ballon dans le bon tempo \u00e0 Fredrik Aursnes en pleine surface, qui ne se prive pas de fusiller Yehvann Diouf \u00e0 bout portant. 9 minutes plus tard, le m\u00eame Aurnes trouve Schjelderup seul \u00e0 16 m\u00e8tres des cages adverses. La frappe \u00e0 ras de terre du Norv\u00e9gien est superbement plac\u00e9e dans le petit filet du portier ni\u00e7ois, inarr\u00eatable. Deux buts \u00e0 z\u00e9ro d\u00e8s la 27e minute de jeu. La qualification \u00e9tait d\u00e9j\u00e0 en poche. Benfica peut remercier son duo de pistons Schjelderup\/Aursnes, qui aurait aussi m\u00e9rit\u00e9 de figurer dans les tops. Le joueur de 21 ans a \u00e9galement \u00e9t\u00e9 tr\u00e8s important dans toutes les transitions qui ont suivi, m\u00eame si aucun autre but n\u2019a \u00e9t\u00e9 inscrit ensuite, il est sorti \u00e0 la 64e minute.<\/p>\n<p>Rios omnipr\u00e9sent<\/p>\n<p class=\"fig-paragraph\">Benfica a trouv\u00e9 son chef d\u2019orchestre. Recrut\u00e9 en provenance du club Br\u00e9silien de Palmeiras cet \u00e9t\u00e9, Richard Rios a jou\u00e9 ses deux premiers matchs contre Nice. Il faut dire que le Colombien n\u2019a pas d\u00e9\u00e7u ni eu besoin de temps d\u2019adaptation. L\u2019ancien de Flamengo a distribu\u00e9 les ballons au milieu de terrain, envoyant ses attaquants et pistons dans le dos des d\u00e9fenseurs ni\u00e7ois tout le long du match. Apr\u00e8s avoir \u00e9t\u00e9 un poison \u00e0 l\u2019aller, Rios a men\u00e9 la charge du c\u00f4t\u00e9 de Benfica ce mardi soir. Le Colombien est infatigable et tr\u00e8s costaud dans les duels. Nul doute qu\u2019il va vite finir par attirer l\u2019\u0153il d\u2019un cador europ\u00e9en s\u2019il continue comme \u00e7a. Son passage \u00e0 Lisbonne pourrait bien ne durer qu\u2019un an.<\/p>\n<p class=\"fig-paragraph\"><strong>FLOPS<\/strong><\/p>\n<p>Le manque de combativit\u00e9 des Ni\u00e7ois<\/p>\n<p class=\"fig-paragraph\">10 minutes intenses \u00e0 se battre pour chaque ballon et puis plus rien ou presque. L\u2019OGC Nice a \u00e9t\u00e9 surclass\u00e9, \u00e9cras\u00e9, martyris\u00e9 par Benfica. Le collectif azur\u00e9en a pris l\u2019eau toute la soir\u00e9e. Trop peu de r\u00e9actions face \u00e0 des Portugais qui se sont montr\u00e9s de plus en plus faciles dans leurs transitions. Si Jonathan Clauss a tent\u00e9 de sonner la r\u00e9volte \u00e0 plusieurs reprises, encourag\u00e9 par Franck Haise, ses paroles n\u2019ont pas ou tr\u00e8s peu \u00e9t\u00e9 suivies d\u2019effets. Comme \u00e0 l\u2019aller, la grande majorit\u00e9 des frappes ont termin\u00e9 leur course en tribune et comme \u00e0 l\u2019aller, Anatoliy Trublin n\u2019a pas eu besoin de plonger sur le reste des tirs ni\u00e7ois. Moffi et Bouanani ont tent\u00e9 \u00e0 plusieurs reprises, sans succ\u00e8s quand la recrue Isak Jansson a \u00e9t\u00e9 une deuxi\u00e8me fois cons\u00e9cutive invisible.<\/p>\n<p>                                    <a class=\"fig-a11y-skip a11y-hidden\" href=\"#fig-a11y-skip-main-inarticle_mtf\"><br \/>\n        Passer la publicit\u00e9<br \/>\n    <\/a><\/p>\n<p>Diouf et la d\u00e9fense impuissants<\/p>\n<p class=\"fig-paragraph\">Yehvann Diouf n\u2019a pas eu tant de frappes \u00e0 arr\u00eater, les Portugais ayant beaucoup vendang\u00e9 une fois \u00e0 l\u2019abri. Le gardien S\u00e9n\u00e9galais ne peut pas grand-chose sur les deux buts portugais. Sa d\u00e9fense l\u2019a abandonn\u00e9 \u00e0 plusieurs reprises. Constamment transperc\u00e9s, les centraux comme les lat\u00e9raux, ont pris l\u2019eau. Juma Bah a coul\u00e9, Clauss n\u2019est pas irr\u00e9prochable sur le premier but et le capitaine du soir Melvin Bard a surtout \u00e9t\u00e9 vu en attaque plut\u00f4t qu\u2019en d\u00e9fense. Seule satisfaction du soir, le jeune Djibril Coulibaly, 16 ans, qui faisait ses d\u00e9buts en professionnel. Il a \u00e9t\u00e9 l\u2019auteur d\u2019un magnifique tacle gliss\u00e9 dans la surface en premi\u00e8re mi-temps face \u00e0 Ivanovic, l\u2019emp\u00eachant d\u2019alourdir le score. Le tricolore est certes, mal plac\u00e9 sur le deuxi\u00e8me but Schjelderup, mais difficile de lui en vouloir tant la d\u00e9fense ni\u00e7oise semblait perdue et orpheline sans son v\u00e9t\u00e9ran et capitaine Dante (41 ans).<\/p>\n<p>Un effectif trop faible<\/p>\n<p class=\"fig-paragraph\">Comment un jeune de 16 ans peut-il faire ses d\u00e9buts en pro lors d\u2019un barrage de Ligue des champions\u00a0? Franck Haise a semble-t-il align\u00e9 les joueurs disponibles, surtout en d\u00e9fense centrale. Les multiples blessures ont emp\u00each\u00e9 l\u2019entra\u00eeneur ni\u00e7ois d\u2019enclencher une dynamique positive. Quatre de ses centraux sont \u00e0 l\u2019infirmerie\u00a0: Ndayishimiye (genou), Bombito (tibia), Dante (genou) et Abdelmonem (genou). Le lat\u00e9ral Abdi (pubalgie), les milieux Ndomb\u00e9l\u00e9 (pubalgie) et son attaquant Cho (convalescence) sont \u00e9galement indisponibles. Difficile d\u2019aligner une \u00e9quipe comp\u00e9titive avec tant d\u2019absents, surtout quand les deux meilleurs offensifs sont partis et n\u2019ont pas \u00e9t\u00e9 remplac\u00e9s. Ga\u00ebtan Laborde et Evan Guessand ne sont plus l\u00e0. Terem Moffi vient lui tout juste de revenir apr\u00e8s 15 mois sans jouer. L\u2019effectif ni\u00e7ois est bien trop juste et il y a urgence \u00e0 recruter, pour ne pas \u00eatre \u00e0 nouveau ridicules en Ligue Europa mais aussi pour accrocher une place europ\u00e9enne en Ligue 1.<\/p>\n","protected":false},"excerpt":{"rendered":"Benfica trop facile, Richard Rios en chef d\u2019orchestre et le collectif ni\u00e7ois impuissant, retrouvez les tops et les&hellip;\n","protected":false},"author":2,"featured_media":315440,"comment_status":"","ping_status":"","sticky":false,"template":"","format":"standard","meta":{"footnotes":""},"categories":[2819],"tags":[1111,11,1430,1777,674,1011,27,12,2401,2268,882,25],"class_list":{"0":"post-315439","1":"post","2":"type-post","3":"status-publish","4":"format-standard","5":"has-post-thumbnail","7":"category-nice","8":"tag-actu","9":"tag-actualites","10":"tag-benfica","11":"tag-eu","12":"tag-europe","13":"tag-fr","14":"tag-france","15":"tag-news","16":"tag-nice","17":"tag-ogc-nice","18":"tag-provence-alpes-cote-dazur","19":"tag-republique-francaise"},"share_on_mastodon":{"url":"https:\/\/pubeurope.com\/@fr\/115019518096423339","error":""},"_links":{"self":[{"href":"https:\/\/www.europesays.com\/fr\/wp-json\/wp\/v2\/posts\/315439","targetHints":{"allow":["GET"]}}],"collection":[{"href":"https:\/\/www.europesays.com\/fr\/wp-json\/wp\/v2\/posts"}],"about":[{"href":"https:\/\/www.europesays.com\/fr\/wp-json\/wp\/v2\/types\/post"}],"author":[{"embeddable":true,"href":"https:\/\/www.europesays.com\/fr\/wp-json\/wp\/v2\/users\/2"}],"replies":[{"embeddable":true,"href":"https:\/\/www.europesays.com\/fr\/wp-json\/wp\/v2\/comments?post=315439"}],"version-history":[{"count":0,"href":"https:\/\/www.europesays.com\/fr\/wp-json\/wp\/v2\/posts\/315439\/revisions"}],"wp:featuredmedia":[{"embeddable":true,"href":"https:\/\/www.europesays.com\/fr\/wp-json\/wp\/v2\/media\/315440"}],"wp:attachment":[{"href":"https:\/\/www.europesays.com\/fr\/wp-json\/wp\/v2\/media?parent=315439"}],"wp:term":[{"taxonomy":"category","embeddable":true,"href":"https:\/\/www.europesays.com\/fr\/wp-json\/wp\/v2\/categories?post=315439"},{"taxonomy":"post_tag","embeddable":true,"href":"https:\/\/www.europesays.com\/fr\/wp-json\/wp\/v2\/tags?post=315439"}],"curies":[{"name":"wp","href":"https:\/\/api.w.org\/{rel}","templated":true}]}}