{"id":315441,"date":"2025-08-13T04:15:19","date_gmt":"2025-08-13T04:15:19","guid":{"rendered":"https:\/\/www.europesays.com\/fr\/315441\/"},"modified":"2025-08-13T04:15:19","modified_gmt":"2025-08-13T04:15:19","slug":"le-festival-heures-dete-acte-21-cest-fini","status":"publish","type":"post","link":"https:\/\/www.europesays.com\/fr\/315441\/","title":{"rendered":"Le festival Heures d\u2019\u00e9t\u00e9, acte 21, c\u2019est fini"},"content":{"rendered":"<p>Organis\u00e9 par l\u2019Association culturelle de l\u2019\u00e9t\u00e9 depuis plus de 20\u00a0ans, le festival propose chaque \u00e9t\u00e9 des rendez-vous in\u00e9dits et gratuits \u00e0 travers la ville.<\/p>\n<p>Des soir\u00e9es envo\u00fbtantes dans les parcs, des rires d\u2019enfants lors des spectacles jeune public, des danses improvis\u00e9es sur les pelouses, des conversations inspirantes autour des cin\u00e9s plein air\u2026 Le festival Aux heures d\u2019\u00e9t\u00e9, c\u2019est une invitation \u00e0 prendre le temps, \u00e0 se laisser surprendre, \u00e0 \u00e9couter le monde et \u00e0 r\u00eaver les pieds dans l\u2019herbe. Le public fid\u00e8le, curieux et bienveillant, continue \u00e0 faire vivre cet esprit, ann\u00e9e apr\u00e8s ann\u00e9e.<\/p>\n<p>Jeunes bourgeons et nouveaux fruits<\/p>\n<p>Qu\u2019il s\u2019agisse de nouveaux talents qui font entendre leur voix ou d\u2019artistes confirm\u00e9s qui explorent de nouveaux territoires, Aux heures d\u2019\u00e9t\u00e9 a fait voyager \u00e0 travers les cultures contemporaines par le biais d\u2019une programmation exigeante, ouverte et audacieuse.<\/p>\n<p>? <strong>\u00c0 LIRE AUSSI : <\/strong> <strong> <a href=\"https:\/\/nantes.maville.com\/actu\/actudet_-festival-aux-heures-d-ete-moment-magique-dans-les-douves-du-chateau-de-nantes-avec-odeia-_52716-6893078_actu.Htm?utm_source=troove&amp;utm_medium=site\" target=\"_blank\" rel=\"nofollow noopener\">Festival Aux Heures d\u2019\u00e9t\u00e9\u00a0: moment magique dans les douves du ch\u00e2teau de Nantes avec Odeia<\/a> <\/strong><\/p>\n<p>Parmi la programmation foisonnante, citons le duo Daniel Lazar &amp; Almir Meskovic, dont c\u2019\u00e9tait le premier concert en France, des cr\u00e9ations toutes r\u00e9centes pr\u00e9sent\u00e9es pour la premi\u00e8re fois \u00e0 Nantes (Atrium de Julien Stella, L\u2019Antidote de Bijan Chemirani, Rami Khalif\u00e9 et Redi Hasa, le quintet d\u2019\u00c9l\u00e9onore Fourniau\u2026), et parmi les d\u00e9couvertes, le duo galicien Caama\u00f1o &amp; Ameixeiras ou encore le quatuor afro-colombien A\u00eftawa.<\/p>\n<p>\t<img decoding=\"async\" src=\"https:\/\/www.europesays.com\/fr\/wp-content\/uploads\/2025\/08\/P35402726D6932899G_px_640_.jpg\" alt=\"photo le rock japonais de mitsune en derni\u00e8re semaine des heures d\u2019\u00e9t\u00e9.  \u00a9  photo aux heures d\u2019\u00e9t\u00e9\" width=\"640\" title=\" Le rock japonais de Mitsune en derni\u00e8re semaine des Heures d\u2019\u00e9t\u00e9.   Photo Aux heures d\u2019\u00e9t\u00e9 \"\/><\/p>\n<p class=\"elmt-legende\"> Le rock japonais de Mitsune en derni\u00e8re semaine des Heures d\u2019\u00e9t\u00e9.   Photo Aux heures d\u2019\u00e9t\u00e9 <\/p>\n<p>Rendez-vous en 2026 pour la 22e \u00e9dition du festival.<\/p>\n<p>\u00a0<\/p>\n","protected":false},"excerpt":{"rendered":"Organis\u00e9 par l\u2019Association culturelle de l\u2019\u00e9t\u00e9 depuis plus de 20\u00a0ans, le festival propose chaque \u00e9t\u00e9 des rendez-vous in\u00e9dits&hellip;\n","protected":false},"author":2,"featured_media":314906,"comment_status":"","ping_status":"","sticky":false,"template":"","format":"standard","meta":{"footnotes":""},"categories":[2818],"tags":[22729,9822,1111,11,2883,1777,674,849,36905,1011,27,6203,766,12,2636,25],"class_list":{"0":"post-315441","1":"post","2":"type-post","3":"status-publish","4":"format-standard","5":"has-post-thumbnail","7":"category-nantes","8":"tag-22729","9":"tag-acte","10":"tag-actu","11":"tag-actualites","12":"tag-ete","13":"tag-eu","14":"tag-europe","15":"tag-festival","16":"tag-fini","17":"tag-fr","18":"tag-france","19":"tag-heures","20":"tag-nantes","21":"tag-news","22":"tag-pays-de-la-loire","23":"tag-republique-francaise"},"share_on_mastodon":{"url":"https:\/\/pubeurope.com\/@fr\/115019521989094633","error":""},"_links":{"self":[{"href":"https:\/\/www.europesays.com\/fr\/wp-json\/wp\/v2\/posts\/315441","targetHints":{"allow":["GET"]}}],"collection":[{"href":"https:\/\/www.europesays.com\/fr\/wp-json\/wp\/v2\/posts"}],"about":[{"href":"https:\/\/www.europesays.com\/fr\/wp-json\/wp\/v2\/types\/post"}],"author":[{"embeddable":true,"href":"https:\/\/www.europesays.com\/fr\/wp-json\/wp\/v2\/users\/2"}],"replies":[{"embeddable":true,"href":"https:\/\/www.europesays.com\/fr\/wp-json\/wp\/v2\/comments?post=315441"}],"version-history":[{"count":0,"href":"https:\/\/www.europesays.com\/fr\/wp-json\/wp\/v2\/posts\/315441\/revisions"}],"wp:featuredmedia":[{"embeddable":true,"href":"https:\/\/www.europesays.com\/fr\/wp-json\/wp\/v2\/media\/314906"}],"wp:attachment":[{"href":"https:\/\/www.europesays.com\/fr\/wp-json\/wp\/v2\/media?parent=315441"}],"wp:term":[{"taxonomy":"category","embeddable":true,"href":"https:\/\/www.europesays.com\/fr\/wp-json\/wp\/v2\/categories?post=315441"},{"taxonomy":"post_tag","embeddable":true,"href":"https:\/\/www.europesays.com\/fr\/wp-json\/wp\/v2\/tags?post=315441"}],"curies":[{"name":"wp","href":"https:\/\/api.w.org\/{rel}","templated":true}]}}