{"id":315452,"date":"2025-08-13T04:23:16","date_gmt":"2025-08-13T04:23:16","guid":{"rendered":"https:\/\/www.europesays.com\/fr\/315452\/"},"modified":"2025-08-13T04:23:16","modified_gmt":"2025-08-13T04:23:16","slug":"soleil-gastronomie-ambiance-unique-cette-cite-de-la-region-paca-simpose-etonnamment-parmi-les-plus-inspirantes-du-monde","status":"publish","type":"post","link":"https:\/\/www.europesays.com\/fr\/315452\/","title":{"rendered":"Soleil, gastronomie, ambiance unique&#8230; Cette cit\u00e9 de la r\u00e9gion PACA s\u2019impose (\u00e9tonnamment?) parmi les plus inspirantes du monde"},"content":{"rendered":"<p><strong>Class\u00e9e parmi les meilleures destinations urbaines du monde, la ville m\u00e9diterran\u00e9enne s\u00e9duit par son \u00e9nergie unique, son h\u00e9ritage architectural et son art de vivre en bord de mer. Sa place dans un classement mondial de r\u00e9f\u00e9rence refl\u00e8te l\u2019appr\u00e9ciation de ses habitants autant que celle des voyageurs.<\/strong><\/p>\n<ul class=\"wp-block-list\">\n<li>Cet article d\u2019\u00e9t\u00e9 est propos\u00e9 avec la contribution d\u2019un prestataire ext\u00e9rieur \u00e0 la r\u00e9daction. S\u2019il comporte une coquille, signalez-la \u00e0 Nice-Presse <a href=\"https:\/\/nicepresse.com\/soleil-gastronomie-ambiance-unique-cette-cite-de-la-region-paca-simpose-etonnamment-parmi-les-plus-inspirantes-du-monde\/mailto:alerte@nicepresse.com\" rel=\"nofollow noopener\" target=\"_blank\">en cliquant ici<\/a>.<\/li>\n<\/ul>\n<p>Une \u00e9valuation mondiale bas\u00e9e sur le quotidien des citadins<\/p>\n<p>Un classement international r\u00e9alis\u00e9 par le magazine TimeOut a r\u00e9cemment mis en lumi\u00e8re la vitalit\u00e9 de Marseille, en la hissant \u00e0 la 45e place d\u2019un palmar\u00e8s des 50 meilleures villes mondiales. <\/p>\n<p>Cette s\u00e9lection, qui inclut \u00e9galement des m\u00e9tropoles de renom telles que Tokyo, New York ou Berlin, s\u2019appuie sur les t\u00e9moignages de milliers de r\u00e9sidents r\u00e9partis aux quatre coins du globe.<\/p>\n<p>Les donn\u00e9es recueillies prennent en compte de nombreux aspects de la vie urbaine. Il s\u2019agit notamment de l\u2019accessibilit\u00e9 aux loisirs, de l\u2019offre gastronomique, de la qualit\u00e9 des infrastructures culturelles, ou encore de la facilit\u00e9 \u00e0 trouver des espaces naturels. L\u2019\u00e9tude mesure \u00e9galement la perception du bien-\u00eatre et de la convivialit\u00e9 au sein des diff\u00e9rentes villes \u00e9tudi\u00e9es.<\/p>\n<blockquote class=\"instagram-media\" data-instgrm-permalink=\"https:\/\/www.instagram.com\/p\/DMmiEnjsq2K\/?utm_source=ig_embed&amp;utm_campaign=loading\" data-instgrm-version=\"14\" style=\" background:#FFF; border:0; border-radius:3px; box-shadow:0 0 1px 0 rgba(0,0,0,0.5),0 1px 10px 0 rgba(0,0,0,0.15); margin: 1px; max-width:540px; min-width:326px; padding:0; width:99.375%; width:-webkit-calc(100% - 2px); width:calc(100% - 2px);\"\/>\n<p>Marseille, entre charme m\u00e9diterran\u00e9en et vie culturelle anim\u00e9e<\/p>\n<p>Dans ce contexte, Marseille s\u2019illustre en se classant devant plusieurs capitales europ\u00e9ennes et seulement quelques rangs derri\u00e8re Barcelone. La cit\u00e9 phoc\u00e9enne s\u00e9duit par son ambiance unique, entre lumi\u00e8re du sud, diversit\u00e9 culturelle et douceur de vivre. Son architecture typique et ses quartiers vivants sont r\u00e9guli\u00e8rement salu\u00e9s par ceux qui y r\u00e9sident comme par ceux qui la d\u00e9couvrent.<\/p>\n<p>La ville offre une grande vari\u00e9t\u00e9 d\u2019exp\u00e9riences, avec notamment des sorties en mer, des promenades dans les Calanques ou encore une sc\u00e8ne gastronomique en pleine effervescence. Entre cuisine traditionnelle proven\u00e7ale et influences venues d\u2019ailleurs, les saveurs marseillaises participent \u00e0 la renomm\u00e9e de la ville.<\/p>\n<p>Une reconnaissance contrast\u00e9e mais pr\u00e9cieuse pour Marseille<\/p>\n<p>Cette reconnaissance mondiale intervient alors que Marseille fait l\u2019objet de critiques plus locales, notamment dans un rapport de la Commission europ\u00e9enne qui souligne des difficult\u00e9s li\u00e9es \u00e0 la propret\u00e9, \u00e0 la s\u00e9curit\u00e9 et \u00e0 la gouvernance. Malgr\u00e9 ces constats, l\u2019image internationale de la ville b\u00e9n\u00e9ficie de cette mise en lumi\u00e8re et ravive une certaine fiert\u00e9 chez ses habitants.<\/p>\n<p><a href=\"https:\/\/anneedelamer.nice.fr\/\" rel=\"nofollow noopener\" target=\"_blank\"><img loading=\"lazy\" decoding=\"async\" width=\"300\" height=\"300\" src=\"data:image\/svg+xml,%3Csvg%20xmlns=\" http:=\"\" alt=\"\" class=\"wp-image-235449\" data-lazy-src=\"https:\/\/www.europesays.com\/fr\/wp-content\/uploads\/2025\/04\/IMG_1416-2.png\"\/><\/a><\/p>\n<p>Marseille continue ainsi de fasciner et d\u2019attirer, confirmant son statut de grande ville europ\u00e9enne au caract\u00e8re affirm\u00e9. Ce classement lui permet de rappeler la richesse de ses atouts dans un monde urbain en constante \u00e9volution.<\/p>\n<p>\t<script async src=\"\/\/www.instagram.com\/embed.js\"><\/script><\/p>\n","protected":false},"excerpt":{"rendered":"Class\u00e9e parmi les meilleures destinations urbaines du monde, la ville m\u00e9diterran\u00e9enne s\u00e9duit par son \u00e9nergie unique, son h\u00e9ritage&hellip;\n","protected":false},"author":2,"featured_media":315453,"comment_status":"","ping_status":"","sticky":false,"template":"","format":"standard","meta":{"footnotes":""},"categories":[2814],"tags":[1111,11,1777,674,1011,27,884,12,882,25],"class_list":{"0":"post-315452","1":"post","2":"type-post","3":"status-publish","4":"format-standard","5":"has-post-thumbnail","7":"category-marseille","8":"tag-actu","9":"tag-actualites","10":"tag-eu","11":"tag-europe","12":"tag-fr","13":"tag-france","14":"tag-marseille","15":"tag-news","16":"tag-provence-alpes-cote-dazur","17":"tag-republique-francaise"},"share_on_mastodon":{"url":"https:\/\/pubeurope.com\/@fr\/115019553365097091","error":""},"_links":{"self":[{"href":"https:\/\/www.europesays.com\/fr\/wp-json\/wp\/v2\/posts\/315452","targetHints":{"allow":["GET"]}}],"collection":[{"href":"https:\/\/www.europesays.com\/fr\/wp-json\/wp\/v2\/posts"}],"about":[{"href":"https:\/\/www.europesays.com\/fr\/wp-json\/wp\/v2\/types\/post"}],"author":[{"embeddable":true,"href":"https:\/\/www.europesays.com\/fr\/wp-json\/wp\/v2\/users\/2"}],"replies":[{"embeddable":true,"href":"https:\/\/www.europesays.com\/fr\/wp-json\/wp\/v2\/comments?post=315452"}],"version-history":[{"count":0,"href":"https:\/\/www.europesays.com\/fr\/wp-json\/wp\/v2\/posts\/315452\/revisions"}],"wp:featuredmedia":[{"embeddable":true,"href":"https:\/\/www.europesays.com\/fr\/wp-json\/wp\/v2\/media\/315453"}],"wp:attachment":[{"href":"https:\/\/www.europesays.com\/fr\/wp-json\/wp\/v2\/media?parent=315452"}],"wp:term":[{"taxonomy":"category","embeddable":true,"href":"https:\/\/www.europesays.com\/fr\/wp-json\/wp\/v2\/categories?post=315452"},{"taxonomy":"post_tag","embeddable":true,"href":"https:\/\/www.europesays.com\/fr\/wp-json\/wp\/v2\/tags?post=315452"}],"curies":[{"name":"wp","href":"https:\/\/api.w.org\/{rel}","templated":true}]}}