{"id":315454,"date":"2025-08-13T04:24:22","date_gmt":"2025-08-13T04:24:22","guid":{"rendered":"https:\/\/www.europesays.com\/fr\/315454\/"},"modified":"2025-08-13T04:24:22","modified_gmt":"2025-08-13T04:24:22","slug":"marseille-lance-un-observatoire-pour-reveler-les-visages-caches-de-la-pauvrete","status":"publish","type":"post","link":"https:\/\/www.europesays.com\/fr\/315454\/","title":{"rendered":"Marseille lance un observatoire pour r\u00e9v\u00e9ler les visages cach\u00e9s de la pauvret\u00e9"},"content":{"rendered":"\n<p>La Marseillaise\u00a0: <b>Qu\u2019est-ce que l\u2019observatoire de la pauvret\u00e9 de Marseille<\/b><b>\u00a0<\/b><b>? <\/b><\/p>\n<p>Thomas Va\u00efsse\u00a0: C\u2019est parti du collectif Alerte, qui regroupe plusieurs grosses ONG marseillaises\u00a0: Uriop, Action contre la faim, M\u00e9decins du monde, Secours catholique, Fondation pour le logement (ancien Abb\u00e9 Pierre). Apr\u00e8s le Covid, ils ont r\u00e9alis\u00e9 un rapport sur les manquements dans la prise en charge et la compr\u00e9hension des pauvret\u00e9s sur Marseille. Pendant plusieurs ann\u00e9es, ils ont d\u00e9fendu l\u2019int\u00e9r\u00eat et l\u2019importance d\u2019un observatoire qui permettrait de mettre \u00e0 jour des formes de pr\u00e9carit\u00e9 non connues et de mieux les comprendre. En 2024, ils lancent une pr\u00e9figuration qui est charg\u00e9e de mener une enqu\u00eate sur Marseille pour recueillir la parole des professionnels, comprendre leurs besoins et proposer une premi\u00e8re monture de cet observatoire.<\/p>\n<p><b>Quand vous dites professionnels, \u00e0 qui faites-vous r\u00e9f\u00e9rence<\/b><b>\u00a0<\/b><b>?<\/b><\/p>\n<p>T.V.\u00a0: Justement, cela a \u00e9t\u00e9 l\u2019un des sujets de r\u00e9flexion. Le but de ce travail \u00e9tait d\u2019arriver \u00e0 cibler ce qu\u2019on estimait \u00eatre des parties prenantes du travail de lutte ou de prise en charge des formes de pauvret\u00e9 sur la ville. L\u2019enjeu \u00e9tait par exemple d\u2019arriver \u00e0 donner la parole \u00e0 des associations ou \u00e0 des structures de petite taille, de quartier, qui sont souvent peu invit\u00e9es dans les grandes r\u00e9unions ou concertations.<\/p>\n<p><b>C\u2019est sur ce travail-l\u00e0 que vous avez particip\u00e9<\/b><b>\u00a0<\/b><b>? <\/b><\/p>\n<p>T.V.\u00a0: Oui, \u00e7a a \u00e9t\u00e9 mon domaine sur toute l\u2019enqu\u00eate. J\u2019ai rencontr\u00e9 des centres sociaux, des collectifs de quartier, des associations de parents d\u2019\u00e9l\u00e8ves, des structures de sant\u00e9 communautaire, des associations de locataires. Afin de penser les pauvret\u00e9s dans leurs diverses formes, comme des ph\u00e9nom\u00e8nes globaux qui ne sont pas li\u00e9s juste \u00e0 un probl\u00e8me d\u2019acc\u00e8s \u00e0 de la nourriture ou \u00e0 des revenus suffisants.<\/p>\n<p><b>Qu\u2019avez-vous tir\u00e9 de cette \u00e9tude<\/b><b>\u00a0<\/b><b>? <\/b><\/p>\n<p>T.V.\u00a0: Nous avons vu une soixantaine d\u2019acteurs pendant plusieurs mois. Les points de vue divergent, mais certains \u00e9l\u00e9ments ressortent quand m\u00eame. D\u2019abord, le fait que la pr\u00e9carit\u00e9 n\u2019est pas qu\u2019une question d\u2019in\u00e9galit\u00e9 dans les revenus mon\u00e9taires, mais aussi d\u2019acc\u00e8s \u00e0 la ville, \u00e0 des services, \u00e0 de l\u2019emploi. Des situations qui s\u2019aggravent selon l\u2019isolement social, familial ou g\u00e9ographique des personnes. Puis, le constat qu\u2019il y a des publics touch\u00e9s par des formes croissantes de pauvret\u00e9. Ce qui revient, ce sont surtout les jeunes, les travailleurs, les personnes \u00e2g\u00e9es et les femmes. Les quatre publics qui ressortent le plus des entretiens.<\/p>\n<p><b>Ce sont de nouvelles formes de pauvret\u00e9<\/b><b>\u00a0<\/b><b>? <\/b><\/p>\n<p>T.V.\u00a0: Je suis toujours frileux \u00e0 l\u2019id\u00e9e d\u2019utiliser le terme \u00ab\u00a0nouvelle\u00a0\u00bb, car ce sont des ph\u00e9nom\u00e8nes qui existent depuis longtemps et que l\u2019on a mis \u00e0 jour ou qui sont r\u00e9apparus. Exemple avec la pr\u00e9carisation de l\u2019emploi, ce sont des formes qui existaient au XIXe\u00a0ou au d\u00e9but du XXe\u00a0si\u00e8cle et qui ont \u00e9t\u00e9 combattues avec la mise en place d\u2019une s\u00e9curit\u00e9 sociale importante. S\u00e9curit\u00e9 sociale d\u00e9tricot\u00e9e depuis plusieurs dizaines d\u2019ann\u00e9es qui fait que la pr\u00e9carit\u00e9 de l\u2019emploi revient. Pour les femmes, les personnes exil\u00e9es, les jeunes, je ne sais pas si c\u2019est forc\u00e9ment nouveau, en tout cas, les acteurs et les actrices sur le terrain le ressentent comme tel. Potentiellement, il y a m\u00eame une arriv\u00e9e plus importante de ces populations.<\/p>\n","protected":false},"excerpt":{"rendered":"La Marseillaise\u00a0: Qu\u2019est-ce que l\u2019observatoire de la pauvret\u00e9 de Marseille\u00a0? Thomas Va\u00efsse\u00a0: C\u2019est parti du collectif Alerte, qui&hellip;\n","protected":false},"author":2,"featured_media":315455,"comment_status":"","ping_status":"","sticky":false,"template":"","format":"standard","meta":{"footnotes":""},"categories":[2814],"tags":[1111,11,1777,674,5605,1011,27,884,12,882,25],"class_list":{"0":"post-315454","1":"post","2":"type-post","3":"status-publish","4":"format-standard","5":"has-post-thumbnail","7":"category-marseille","8":"tag-actu","9":"tag-actualites","10":"tag-eu","11":"tag-europe","12":"tag-eva-janus","13":"tag-fr","14":"tag-france","15":"tag-marseille","16":"tag-news","17":"tag-provence-alpes-cote-dazur","18":"tag-republique-francaise"},"share_on_mastodon":{"url":"https:\/\/pubeurope.com\/@fr\/115019557369816587","error":""},"_links":{"self":[{"href":"https:\/\/www.europesays.com\/fr\/wp-json\/wp\/v2\/posts\/315454","targetHints":{"allow":["GET"]}}],"collection":[{"href":"https:\/\/www.europesays.com\/fr\/wp-json\/wp\/v2\/posts"}],"about":[{"href":"https:\/\/www.europesays.com\/fr\/wp-json\/wp\/v2\/types\/post"}],"author":[{"embeddable":true,"href":"https:\/\/www.europesays.com\/fr\/wp-json\/wp\/v2\/users\/2"}],"replies":[{"embeddable":true,"href":"https:\/\/www.europesays.com\/fr\/wp-json\/wp\/v2\/comments?post=315454"}],"version-history":[{"count":0,"href":"https:\/\/www.europesays.com\/fr\/wp-json\/wp\/v2\/posts\/315454\/revisions"}],"wp:featuredmedia":[{"embeddable":true,"href":"https:\/\/www.europesays.com\/fr\/wp-json\/wp\/v2\/media\/315455"}],"wp:attachment":[{"href":"https:\/\/www.europesays.com\/fr\/wp-json\/wp\/v2\/media?parent=315454"}],"wp:term":[{"taxonomy":"category","embeddable":true,"href":"https:\/\/www.europesays.com\/fr\/wp-json\/wp\/v2\/categories?post=315454"},{"taxonomy":"post_tag","embeddable":true,"href":"https:\/\/www.europesays.com\/fr\/wp-json\/wp\/v2\/tags?post=315454"}],"curies":[{"name":"wp","href":"https:\/\/api.w.org\/{rel}","templated":true}]}}