{"id":315456,"date":"2025-08-13T04:25:11","date_gmt":"2025-08-13T04:25:11","guid":{"rendered":"https:\/\/www.europesays.com\/fr\/315456\/"},"modified":"2025-08-13T04:25:11","modified_gmt":"2025-08-13T04:25:11","slug":"la-circulation-differenciee-activee-la-vitesse-abaissee-sur-les-grands-axes","status":"publish","type":"post","link":"https:\/\/www.europesays.com\/fr\/315456\/","title":{"rendered":"la circulation diff\u00e9renci\u00e9e activ\u00e9e, la vitesse abaiss\u00e9e sur les grands axes"},"content":{"rendered":"<p itemprop=\"description\"><strong>Avec la canicule, la qualit\u00e9 de l&rsquo;air ne pouvait pas s&rsquo;am\u00e9liorer, bien au contraire.<\/strong><\/p>\n<p>Ce mardi, la pr\u00e9fecture du Rh\u00f4ne a annonc\u00e9 que face \u00e0 l&rsquo;\u00e9pisode de pollution \u00e0 l&rsquo;ozone en cours dans le bassin lyonnais et le Nord-Is\u00e8re, notre d\u00e9partement basculait en alerte orange.<\/p>\n<p>A compter de ce mercredi 5h, la circulation diff\u00e9renci\u00e9e sera activ\u00e9e. Seuls les v\u00e9hicules dot\u00e9s de vignettes Crit&rsquo;Air 0, 1 et 2 sont autoris\u00e9s \u00e0 circuler au sein de la Zone \u00e0 Faibles \u00c9missions (ZFE) de la M\u00e9tropole de Lyon.<\/p>\n<p>La d\u00e9rogation \u00ab\u00a0petits rouleurs\u00a0\u00bb d\u00e9livr\u00e9es par la M\u00e9tropole de Lyon relative \u00e0 la ZFE est suspendue dans le cadre de cette \u00e9pisode de pollution.<\/p>\n<p>La vitesse est \u00e9galement limit\u00e9e \u00e0 70km\/h sur les axes routiers du Rh\u00f4ne \u00e0 80 ou 90km\/h. Et l&rsquo;abaissement temporaire de vitesse de 20km\/h est instaur\u00e9 sur les axes o\u00f9 la vitesse limite autoris\u00e9e est sup\u00e9rieure \u00e0 90km\/h.<\/p>\n<blockquote class=\"twitter-tweet\"><p>&#13;<\/p>\n<p dir=\"ltr\" lang=\"fr\">[<a href=\"https:\/\/twitter.com\/hashtag\/Qualit%C3%A9Air?src=hash&amp;ref_src=twsrc%5Etfw\" target=\"_blank\" rel=\"noopener\">#Qualit\u00e9Air<\/a>] \ud83d\udfe0\ud83c\udf2c\ufe0f<\/p>\n<p>Un \u00e9pisode de <a href=\"https:\/\/twitter.com\/hashtag\/pollution?src=hash&amp;ref_src=twsrc%5Etfw\" target=\"_blank\" rel=\"noopener\">#pollution<\/a> \u00e0 l\u2019ozone de l&rsquo;air est en cours dans le bassin lyonnais\/Nord-Is\u00e8re depuis le 08\/08\/2025. <\/p>\n<p>Du fait des conditions m\u00e9t\u00e9orologiques actuelles (fortes chaleurs et absence de vent) l\u2019air se d\u00e9grade. <\/p>\n<p>La pr\u00e9f\u00e8te d\u00e9clenche l\u2019alerte orange\u2026 <a href=\"https:\/\/t.co\/zv3H8eSRA0\">pic.twitter.com\/zv3H8eSRA0<\/a><\/p>\n<p>&#13;<br \/>\n\u2014 Pr\u00e9f\u00e8te de r\u00e9gion Auvergne-Rh\u00f4ne-Alpes et du Rh\u00f4ne (@prefetrhone) <a href=\"https:\/\/twitter.com\/prefetrhone\/status\/1955236145270342041?ref_src=twsrc%5Etfw\" target=\"_blank\" rel=\"noopener\">August 12, 2025<\/a><\/p><\/blockquote>\n<p>\t\t  <script async src=\"https:\/\/platform.twitter.com\/widgets.js\" charset=\"utf-8\"><\/script><\/p>\n","protected":false},"excerpt":{"rendered":"Avec la canicule, la qualit\u00e9 de l&rsquo;air ne pouvait pas s&rsquo;am\u00e9liorer, bien au contraire. Ce mardi, la pr\u00e9fecture&hellip;\n","protected":false},"author":2,"featured_media":315457,"comment_status":"","ping_status":"","sticky":false,"template":"","format":"standard","meta":{"footnotes":""},"categories":[1889],"tags":[1111,11,2813,2190,2430,1109,251,1112,2811,1777,674,118,1011,27,1922,1110,1114,2428,2810,12,241,316,25,2812,517,800],"class_list":{"0":"post-315456","1":"post","2":"type-post","3":"status-publish","4":"format-standard","5":"has-post-thumbnail","7":"category-lyon","8":"tag-actu","9":"tag-actualites","10":"tag-article","11":"tag-asvel","12":"tag-auvergne-rhone-alpes","13":"tag-breves","14":"tag-culture","15":"tag-depeches","16":"tag-economique","17":"tag-eu","18":"tag-europe","19":"tag-faits-divers","20":"tag-fr","21":"tag-france","22":"tag-info","23":"tag-informations","24":"tag-infos","25":"tag-lyon","26":"tag-lyonmag","27":"tag-news","28":"tag-ol","29":"tag-politique","30":"tag-republique-francaise","31":"tag-sociale","32":"tag-sport","33":"tag-transports"},"share_on_mastodon":{"url":"https:\/\/pubeurope.com\/@fr\/115019561258096620","error":""},"_links":{"self":[{"href":"https:\/\/www.europesays.com\/fr\/wp-json\/wp\/v2\/posts\/315456","targetHints":{"allow":["GET"]}}],"collection":[{"href":"https:\/\/www.europesays.com\/fr\/wp-json\/wp\/v2\/posts"}],"about":[{"href":"https:\/\/www.europesays.com\/fr\/wp-json\/wp\/v2\/types\/post"}],"author":[{"embeddable":true,"href":"https:\/\/www.europesays.com\/fr\/wp-json\/wp\/v2\/users\/2"}],"replies":[{"embeddable":true,"href":"https:\/\/www.europesays.com\/fr\/wp-json\/wp\/v2\/comments?post=315456"}],"version-history":[{"count":0,"href":"https:\/\/www.europesays.com\/fr\/wp-json\/wp\/v2\/posts\/315456\/revisions"}],"wp:featuredmedia":[{"embeddable":true,"href":"https:\/\/www.europesays.com\/fr\/wp-json\/wp\/v2\/media\/315457"}],"wp:attachment":[{"href":"https:\/\/www.europesays.com\/fr\/wp-json\/wp\/v2\/media?parent=315456"}],"wp:term":[{"taxonomy":"category","embeddable":true,"href":"https:\/\/www.europesays.com\/fr\/wp-json\/wp\/v2\/categories?post=315456"},{"taxonomy":"post_tag","embeddable":true,"href":"https:\/\/www.europesays.com\/fr\/wp-json\/wp\/v2\/tags?post=315456"}],"curies":[{"name":"wp","href":"https:\/\/api.w.org\/{rel}","templated":true}]}}