{"id":315458,"date":"2025-08-13T04:26:12","date_gmt":"2025-08-13T04:26:12","guid":{"rendered":"https:\/\/www.europesays.com\/fr\/315458\/"},"modified":"2025-08-13T04:26:12","modified_gmt":"2025-08-13T04:26:12","slug":"arrosage-ecart-de-temperature-toutes-les-reponses-a-vos-questions","status":"publish","type":"post","link":"https:\/\/www.europesays.com\/fr\/315458\/","title":{"rendered":"arrosage, \u00e9cart de temp\u00e9rature\u2026 Toutes les r\u00e9ponses \u00e0 vos questions"},"content":{"rendered":"<p>  Pourquoi de tels \u00e9carts entre le centre et la p\u00e9riph\u00e9rie la nuit?<\/p>\n<p>C\u2019est l\u2019illustration du ph\u00e9nom\u00e8ne d\u2019\u00eelot de chaleur urbain\u00a0: \u00e0 Lyon, le bitume, le b\u00e9ton et la pierre des quartiers centraux emmagasinent la chaleur du jour et la rel\u00e2chent la nuit, maintenant des temp\u00e9ratures plus \u00e9lev\u00e9es. Sur la couronne p\u00e9riurbaine, la v\u00e9g\u00e9tation et la nature dissipent mieux la chaleur, autorisant des baisses plus marqu\u00e9es.<\/p>\n<p>  Jusqu\u2019\u00e0 combien de degr\u00e9s d\u2019\u00e9cart entre centre-ville et p\u00e9riph\u00e9rie\u00a0?<\/p>\n<p>Durant une canicule, l\u2019\u00e9cart peut atteindre 10\u00a0\u00b0C entre centre tr\u00e8s dense et p\u00e9riph\u00e9rie verdoyante, principalement la nuit <a href=\"https:\/\/meteofrance.com\/le-changement-climatique\/observer-le-changement-climatique\/quest-ce-que-lilot-de-chaleur-urbain\" target=\"_blank\" rel=\"noopener\">selon M\u00e9t\u00e9o France<\/a>. Dans la nuit de lundi \u00e0 mardi, par exemple, un diff\u00e9rentiel de 7\u00a0\u00b0C a \u00e9t\u00e9 observ\u00e9, vers minuit, entre le secteur de Tarare\/Pontcharra-sur-Turdine et le 2e\u00a0arrondissement de Lyon. Cette derni\u00e8re fait par ailleurs partie des villes les plus expos\u00e9es \u00e0 l\u2019\u00eelot de chaleur urbain et gagne environ 4,5\u00a0\u00b0C apr\u00e8s une journ\u00e9e bien ensoleill\u00e9e (ordre de grandeur).<\/p>\n<p>  Ai-je le droit de remplir ma piscine\u00a0?<\/p>\n<p>En cas d\u2019alerte s\u00e9cheresse, il peut y avoir des restrictions sur l\u2019usage de l\u2019eau &#8211; notamment pour le remplissage des piscines priv\u00e9es &#8211; mises en place par la pr\u00e9fecture. C\u2019est le cas pour le Val de Sa\u00f4ne o\u00f9 le remplissage de piscines non collectives de plus de 1m3 est interdit. Exception faite pour la remise \u00e0 niveau ou la premi\u00e8re mise en eau apr\u00e8s accord du gestionnaire du r\u00e9seau d\u2019alimentation en eau potable si le chantier avait d\u00e9but\u00e9 avant les premi\u00e8res restrictions.<\/p>\n<p class=\"note\">Plus d\u2019infos sur <a href=\"https:\/\/vigieau.gouv.fr\/\" target=\"_blank\" rel=\"noopener\">vigieau.gouv.fr<\/a>.<\/p>\n<p>  Arrosage des plantes\u00a0: \u00e0 quel moment?<\/p>\n<p>Il est recommand\u00e9 de privil\u00e9gier l\u2019arrosage t\u00f4t le matin ou tard le soir, jamais aux heures chaudes, pour limiter l\u2019\u00e9vaporation et ne pas \u00ab\u00a0cuire\u00a0\u00bb les racines. Arroser la nuit, c\u2019est perdre moins d\u2019eau et pr\u00e9server la fra\u00eecheur. Par ailleurs, en cas d\u2019alerte s\u00e9cheresse, des mesures de restriction et limitation des usages de l\u2019eau peuvent \u00eatre mises en place par la pr\u00e9fecture. Le Val de Sa\u00f4ne est concern\u00e9. Il est interdit d\u2019arroser entre 11\u00a0h et 18\u00a0h.<\/p>\n<p class=\"note\">Plus d\u2019infos sur <a href=\"https:\/\/vigieau.gouv.fr\/\" target=\"_blank\" rel=\"noopener\">vigieau.gouv.fr<\/a>.<\/p>\n<p>  Faut-il donner \u00e0 boire aux animaux du jardin\u00a0?<\/p>\n<p>Oui, il est conseill\u00e9 de mettre \u00e0 disposition de l\u2019eau fra\u00eeche pour oiseaux, h\u00e9rissons, \u00e9cureuils\u2026 comme le recommande la LPO (Ligue pour la protection des oiseaux). Dans un post publi\u00e9 <a href=\"https:\/\/www.facebook.com\/LPO.fr\/posts\/-en-cette-p%C3%A9riode-de-tr%C3%A8s-fortes-chaleurs-et-de-canicule-que-nous-avons-connu-la\/1171964371642245\/\" target=\"_blank\" rel=\"noopener\">sur Facebook<\/a> fin juin &#8211; lors du premier \u00e9pisode caniculaire de l\u2019\u00e9t\u00e9 -, elle recommande par ailleurs de contacter l\u2019organisme le plus proche de chez vous pour obtenir des conseils si vous trouvez un animal souffrant de la chaleur. Renouvelez l\u2019eau fr\u00e9quemment pour \u00e9viter de donner un g\u00eete (et le couvert) aux moustiques.<\/p>\n<p>  Dormir fen\u00eatres ouvertes ou ferm\u00e9es la nuit?<\/p>\n<p>La consigne d\u00e9pend de la temp\u00e9rature ext\u00e9rieure\u00a0: ouvrez les fen\u00eatres quand l\u2019air ext\u00e9rieur est plus frais que dans votre logement, sinon gardez-les ferm\u00e9es et les volets clos pour limiter le r\u00e9chauffement nocturne.<\/p>\n<p>  Est-ce dangereux de faire du sport\u00a0?<\/p>\n<p>Il est \u00ab\u00a0d\u00e9conseill\u00e9\u00a0\u00bb de pratiquer une activit\u00e9 physique en ext\u00e9rieur \u00ab\u00a0au-del\u00e0 de 32\u00a0\u00b0C\u00a0\u00bb, peut-on lire sur le site du minist\u00e8re des Sports. Ou du moins de ne pas \u00ab\u00a0faire d\u2019efforts physiques intenses\u00a0\u00bb selon l\u2019Agence r\u00e9gionale de sant\u00e9 (ARS).<\/p>\n<p>  Pourquoi ne met-on pas de la peinture blanche sur les toits et la chauss\u00e9e pour faire baisser la temp\u00e9rature dans les rues et les b\u00e2timents\u00a0?<\/p>\n<p>Concernant la peinture anti-chaleur, la M\u00e9tropole de Lyon a men\u00e9 des exp\u00e9rimentations sur plusieurs sites en\u00a02021 et\u00a02022\u00a0: les r\u00e9sultats n\u2019ont finalement pas donn\u00e9 enti\u00e8re satisfaction. \u00ab\u00a0Le rev\u00eatement des sols est donc une alternative quand la v\u00e9g\u00e9talisation n\u2019est pas possible \u00e0 cause de passages de r\u00e9seaux souterrains par exemple, du m\u00e9tro ou des parcs de stationnement\u00a0\u00bb, indique la collectivit\u00e9 au Progr\u00e8s.<\/p>\n<p class=\"note\">Vous avez d\u2019autres questions\u00a0? Envoyez-nous un mail sur web69@leprogres.fr.<\/p>\n","protected":false},"excerpt":{"rendered":"Pourquoi de tels \u00e9carts entre le centre et la p\u00e9riph\u00e9rie la nuit? C\u2019est l\u2019illustration du ph\u00e9nom\u00e8ne d\u2019\u00eelot de&hellip;\n","protected":false},"author":2,"featured_media":315459,"comment_status":"","ping_status":"","sticky":false,"template":"","format":"standard","meta":{"footnotes":""},"categories":[1889],"tags":[1111,11,2430,6698,4523,9771,2757,436,1777,674,107,1011,27,2428,2756,8423,12,25,2429,3151,104],"class_list":{"0":"post-315458","1":"post","2":"type-post","3":"status-publish","4":"format-standard","5":"has-post-thumbnail","7":"category-lyon","8":"tag-actu","9":"tag-actualites","10":"tag-auvergne-rhone-alpes","11":"tag-canicule","12":"tag-conseils-pratiques","13":"tag-desinfox","14":"tag-edition-lyon-villeurbanne","15":"tag-environnement","16":"tag-eu","17":"tag-europe","18":"tag-fil-info","19":"tag-fr","20":"tag-france","21":"tag-lyon","22":"tag-lyon-bassin","23":"tag-meteorologie-climat","24":"tag-news","25":"tag-republique-francaise","26":"tag-rhone","27":"tag-selection-de-la-redaction-69","28":"tag-societe"},"share_on_mastodon":{"url":"https:\/\/pubeurope.com\/@fr\/115019565177911011","error":""},"_links":{"self":[{"href":"https:\/\/www.europesays.com\/fr\/wp-json\/wp\/v2\/posts\/315458","targetHints":{"allow":["GET"]}}],"collection":[{"href":"https:\/\/www.europesays.com\/fr\/wp-json\/wp\/v2\/posts"}],"about":[{"href":"https:\/\/www.europesays.com\/fr\/wp-json\/wp\/v2\/types\/post"}],"author":[{"embeddable":true,"href":"https:\/\/www.europesays.com\/fr\/wp-json\/wp\/v2\/users\/2"}],"replies":[{"embeddable":true,"href":"https:\/\/www.europesays.com\/fr\/wp-json\/wp\/v2\/comments?post=315458"}],"version-history":[{"count":0,"href":"https:\/\/www.europesays.com\/fr\/wp-json\/wp\/v2\/posts\/315458\/revisions"}],"wp:featuredmedia":[{"embeddable":true,"href":"https:\/\/www.europesays.com\/fr\/wp-json\/wp\/v2\/media\/315459"}],"wp:attachment":[{"href":"https:\/\/www.europesays.com\/fr\/wp-json\/wp\/v2\/media?parent=315458"}],"wp:term":[{"taxonomy":"category","embeddable":true,"href":"https:\/\/www.europesays.com\/fr\/wp-json\/wp\/v2\/categories?post=315458"},{"taxonomy":"post_tag","embeddable":true,"href":"https:\/\/www.europesays.com\/fr\/wp-json\/wp\/v2\/tags?post=315458"}],"curies":[{"name":"wp","href":"https:\/\/api.w.org\/{rel}","templated":true}]}}