{"id":315465,"date":"2025-08-13T04:31:16","date_gmt":"2025-08-13T04:31:16","guid":{"rendered":"https:\/\/www.europesays.com\/fr\/315465\/"},"modified":"2025-08-13T04:31:16","modified_gmt":"2025-08-13T04:31:16","slug":"avec-la-canicule-les-mini-ventilateurs-portatifs-font-fureur-a-paris","status":"publish","type":"post","link":"https:\/\/www.europesays.com\/fr\/315465\/","title":{"rendered":"avec la canicule, les mini-ventilateurs portatifs font fureur \u00e0 Paris"},"content":{"rendered":"<p>            Par<br \/>\n        <strong><br \/>\n            <a href=\"https:\/\/actu.fr\/auteur\/emilie-salabelle\" title=\"Consulter tous les articles de Emilie Salabelle\" target=\"_blank\" rel=\"noopener\">Emilie Salabelle<\/a><br \/>\n        <\/strong><\/p>\n<p>        Publi\u00e9 le<\/p>\n<p>            13 ao\u00fbt 2025 \u00e0 6h04        <\/p>\n<p><a href=\"https:\/\/actu.fr\/tag\/gare-de-lyon\" target=\"_blank\" rel=\"noopener\">Gare de Lyon<\/a>, lundi 11\u00a0ao\u00fbt 2025. La <strong><a href=\"https:\/\/actu.fr\/ile-de-france\/paris_75056\/il-va-faire-encore-plus-chaud-a-paris-et-en-ile-de-france-meteo-france-augmente-la-vigilance-canicule_63023302.html\" target=\"_blank\" rel=\"noopener\">canicule<\/a> <\/strong>annonc\u00e9e n\u2019en est qu\u2019\u00e0 ses pr\u00e9misses, mais d\u00e9j\u00e0, l\u2019atmosph\u00e8re est \u00e9touffante dans les halls de la gare parisienne. En attendant le train, on patiente comme on peut. \u00c7\u00e0 et l\u00e0, les <a href=\"https:\/\/actu.fr\/ile-de-france\/paris_75056\/reportage-l-unique-musee-de-l-eventail-a-paris-menace-d-expulsion-un-savoir-faire-en-danger_39070676.html\" target=\"_blank\" rel=\"noopener\">\u00e9ventails<\/a> papillonnent. Mais cet \u00e9t\u00e9, un accessoire lui vole la vedette\u2009: braqu\u00e9s sur les visages rougis, fix\u00e9s aux anses des poussettes, ou pos\u00e9s sur les valises, les <strong>mini-ventilateurs portatifs<\/strong> sont partout. Parfois pliables ou munis d\u2019un r\u00e9servoir \u00e0 eau, rechargeables gr\u00e2ce \u00e0 un port USB, ils n\u2019ont pas tard\u00e9 \u00e0 s\u2019imposer \u00e0 Paris comme dans toute la France. Vendus \u00e0 des prix modiques, on les trouve en ligne, sur les \u00e9tals des march\u00e9s, dans <a href=\"https:\/\/actu.fr\/societe\/action-gifi-hema-le-secret-du-succes-des-bazars-magasins-de-crise-devenus-tendances-en-ile-de-france_62876270.html\" target=\"_blank\" rel=\"noopener\">les bazars<\/a>\u2026 quand ils ne sont pas en rupture de stock. Un succ\u00e8s qui p\u00e8se lourd sur le plan \u00e9cologique. <a href=\"https:\/\/actu.fr\/paris\/\" target=\"_blank\" rel=\"noopener\">actu Paris<\/a> est all\u00e9 se rendre compte du ph\u00e9nom\u00e8ne aupr\u00e8s de ceux qui l\u2019ont adopt\u00e9.<\/p>\n<p>De la plage au boulot, un accessoire visible partout<\/p>\n<p class=\" wall-content\">Install\u00e9e sur une chaise de camping d\u00e9pli\u00e9e face au tableau d\u2019affichage, Rozi, le regard dans le vague, patiente en attendant l\u2019embarquement de son train pour <a href=\"https:\/\/actu.fr\/marseille\/\" target=\"_blank\" rel=\"noopener\">Marseille<\/a>. Dans sa main, son ventilateur mauve lui apporte un semblant de fra\u00eecheur. Cela fait quelques \u00e9t\u00e9s que la jeune femme a adopt\u00e9 ce r\u00e9flexe. \u00ab\u2009L\u2019ann\u00e9e derni\u00e8re, j\u2019en avais achet\u00e9 un en ligne, mais il n\u2019a pas tenu longtemps. Celui-l\u00e0, je l\u2019ai eu pour un peu plus de 15\u00a0euros chez Hema. Il est mignon, et tr\u00e8s pratique\u2009\u00bb, loue-t-elle. \u00c0 la moindre alerte chaleur, son gadget de poche l\u2019accompagne partout. \u00ab<strong>\u2009Je l\u2019am\u00e8ne au travail, au resto, \u00e0 la plage\u2026 \u00c7a bat clairement l\u2019\u00e9ventail\u2009!<\/strong>\u2009\u00bb<\/p>\n<p>    <img   decoding=\"async\" loading=\"lazy\" src=\"https:\/\/www.europesays.com\/fr\/wp-content\/uploads\/2025\/08\/20250811-145228-960x640.jpg\" alt=\"Au travail, sur la plage, en attendant le train, le ventilateur portatif est toujours dans les affaires de Rozi en \u00e9t\u00e9.\" width=\"960\" height=\"640\"\/><br \/>\n    Au travail, sur la plage, en attendant le train, le ventilateur portatif est toujours dans les affaires de Rozi en \u00e9t\u00e9. (\u00a9ES \/ actu Paris)<\/p>\n<p class=\" wall-content\">Devenu viral, l\u2019accessoire est pourtant tr\u00e8s d\u00e9cri\u00e9 sur le plan environnemental. Symbole estival de la fast-tech \u2013 soit des petits appareils \u00e9lectriques bon march\u00e9 et de pi\u00e8tre qualit\u00e9, pendant technologique de la fast-fashion dans l\u2019industrie textile \u2013 ces petits objets affichent en effet une empreinte carbone lourde. Parue en 2025,<a href=\"https:\/\/www.materialfocus.org.uk\/?press-releases=mini-fans-fanning-the-flames-of-the-fast-tech-crisis\" target=\"_blank\" rel=\"noopener\"> une \u00e9tude<\/a> de l\u2019ONG britannique Material Focus, d\u00e9di\u00e9e au recyclage des appareils \u00e9lectriques, pointe du doigt leurs effets pervers.<\/p>\n<p>\u00ab\u2009\u00c7a me sauve la vie\u2009\u00bb<\/p>\n<p class=\" wall-content\">Vendus en grande quantit\u00e9 et d\u2019une qualit\u00e9 discutable, ils affichent une dur\u00e9e de vie courte et sont trait\u00e9s comme des p\u00e9rissables. Souvent jet\u00e9s \u00e0 la poubelle sans \u00eatre recycl\u00e9s, ils finissent \u00e0 la d\u00e9charge, et avec eux les m\u00e9taux de leurs batteries. Selon l\u2019\u00e9tude, \u00e0 l\u2019\u00e9chelle de la Grande-Bretagne, 7,1 millions de mini-ventilateurs auraient \u00e9t\u00e9 achet\u00e9s en 2024, et 3,4 millions ont d\u00e9j\u00e0 \u00e9t\u00e9 jet\u00e9s ou sont rest\u00e9s inutilis\u00e9s la m\u00eame ann\u00e9e. 589 millions d\u2019articles de fast-tech ont ainsi \u00e9t\u00e9 jet\u00e9s en 2024 et 2025, soit 2\u2009278 terrains de football par an, compare l\u2019\u00e9tude. Or, rappelle l\u2019ONG, \u00ab\u2009tout ce qui comporte une prise, une batterie ou un c\u00e2ble peut \u00eatre recycl\u00e9\u2009\u00bb.<\/p>\n<p class=\" wall-content\">\u00c0 chaque alerte m\u00e9t\u00e9o, le <strong>r\u00e9flexe court-termiste<\/strong> pr\u00e9domine. La demande en mini-ventilateurs augmente d\u00e8s qu\u2019une vague de chaleur est annonc\u00e9e, expose l\u2019\u00e9tude. Des achats \u00ab\u2009rapides et impulsifs\u2009\u00bb. Exactement la situation de Hint. Assise au bord d\u2019un quai avec ses deux filles de cinq et sept ans, la m\u00e8re de famille braque sa soufflerie miniature sur sa prog\u00e9niture. \u00ab\u2009On a re\u00e7u un mail de la SNCF nous pr\u00e9venant qu\u2019il allait faire chaud et qu\u2019il fallait s\u2019\u00e9quiper en cons\u00e9quence. J\u2019ai voulu en acheter un sur internet, mais c\u2019\u00e9tait trop tard, on ne l\u2019aurait pas re\u00e7u \u00e0 temps. J\u2019\u00e9tais ravie de trouver celui-l\u00e0 au march\u00e9\u2009\u00bb, rembobine-t-elle. Face aux cinq heures de train qui l\u2019attendent pour rejoindre Cannes, l\u2019accessoire lui \u00ab\u2009sauve la vie. <strong>Avec \u00e7a, c\u2019est l\u2019\u00e9t\u00e9 facile avec des enfants<\/strong>\u2009!\u2009\u00bb, sourit-elle. Attabl\u00e9e \u00e0 la terrasse d\u2019un caf\u00e9, une touriste espagnole a carr\u00e9ment encercl\u00e9 le landau de son b\u00e9b\u00e9 de trois mois d\u2019un trio de pales \u00e9lectriques. \u00ab\u2009Je l\u2019ai achet\u00e9 \u00e0 cause de la canicule, \u00e7a lui fait du bien\u2009\u00bb, observe-t-elle.<\/p>\n<p>    <img   decoding=\"async\" loading=\"lazy\" src=\"https:\/\/www.europesays.com\/fr\/wp-content\/uploads\/2025\/08\/527541982-1973251166840473-6551112951127426868-n-960x640.jpg\" alt=\"Une touriste espagnole a entour\u00e9 le landau de son b\u00e9b\u00e9 d'un trio de mini-ventilateurs.\" width=\"960\" height=\"640\"\/><br \/>\n    Une touriste espagnole a entour\u00e9 le landau de son b\u00e9b\u00e9 d\u2019un trio de mini-ventilateurs. (\u00a9MAM \/ actu Paris)\u00ab\u2009Un \u00e9ventail serait plus \u00e9thique\u2009\u00bb<\/p>\n<p class=\" wall-content\">La course au mini-ventilateur plastique se voit aussi dans le commerce. Dans les rayons d\u2019un Gifi parisien, impossible d\u2019en trouver un disponible. \u00ab\u2009On a \u00e9t\u00e9 d\u00e9valis\u00e9s\u2009\u00bb, commente en coup de vent un vendeur. Des ruptures de stock ponctuelles qui n\u2019entravent en rien un march\u00e9 \u00e0 l\u2019essor titanesque.<\/p>\n<p><a class=\"jo-module-caroussel__img-container\" href=\"https:\/\/static.actu.fr\/uploads\/2025\/08\/design-sans-titre-2025-08-12t134557387.png\" title=\"Agrandir la photo Des mod\u00e8les de toutes sortes sont vendus. (\u00a9 ES \/ actu Paris)\" data-idx=\"1\" target=\"_blank\" rel=\"noopener\"><br \/>\n    <img decoding=\"async\" class=\"jo-module-caroussel__img\" loading=\"lazy\" src=\"https:\/\/www.europesays.com\/fr\/wp-content\/uploads\/2025\/08\/design-sans-titre-2025-08-12t134557387-640x427.png\" alt=\"Des mod\u00e8les de toutes sortes sont vendus. (\u00a9 ES \/ actu Paris)\" width=\"640\" height=\"427\"\/><\/a><a class=\"jo-module-caroussel__img-container\" href=\"https:\/\/static.actu.fr\/uploads\/2025\/08\/20250811-145812.jpg\" title=\"Agrandir la photo Des mod\u00e8les de toutes sortes sont vendus. (\u00a9 ES \/ actu Paris)\" data-idx=\"2\" target=\"_blank\" rel=\"noopener\"><br \/>\n    <img decoding=\"async\" class=\"jo-module-caroussel__img\" loading=\"lazy\" src=\"https:\/\/www.europesays.com\/fr\/wp-content\/uploads\/2025\/08\/20250811-145812-640x427.jpg\" alt=\"Des mod\u00e8les de toutes sortes sont vendus. (\u00a9 ES \/ actu Paris)\" width=\"640\" height=\"427\"\/><\/a><\/p>\n<p class=\" wall-content\">Vendus moins d\u20191\u00a0euro pour les premiers prix sur les plateformes d\u2019achat en ligne, ces accessoires se d\u00e9clinent \u00e0 l\u2019infini. Certains mod\u00e8les, plus sophistiqu\u00e9s que d\u2019autres, proposent plusieurs vitesses, des \u00e9clairages diff\u00e9rents, et une autonomie de longue dur\u00e9e. C\u2019est le cas de celui achet\u00e9 une quarantaine d\u2019euros par Nassiba. Il a vite \u00e9t\u00e9 adopt\u00e9 par son conjoint Ali. \u00ab\u2009Je l\u2019avais achet\u00e9 pour moi, mais il me l\u2019a piqu\u00e9\u2009!\u2009\u00bb rigole la cinquantenaire au carr\u00e9 rouge flamboyant. \u00ab\u2009\u00c7a rafra\u00eechit bien avec cette chaleur.<strong> Je ne pourrais plus m\u2019en passer<\/strong>\u2009\u00bb, se justifie le mari.<\/p>\n<p>    <img   decoding=\"async\" loading=\"lazy\" src=\"https:\/\/www.europesays.com\/fr\/wp-content\/uploads\/2025\/08\/20250811-144250-960x640.jpg\" alt=\"En attendant leur train, Nassiba et Ali, accompagn\u00e9s de leur fils Hani-Tayeb mutualisent les solutions de rafraichissement.\" width=\"960\" height=\"640\"\/><br \/>\n    En attendant leur train, Nassiba et Ali, accompagn\u00e9s de leur fils Hani-Tayeb mutualisent les solutions de rafra\u00eechissement. (\u00a9ES \/ actu Paris)<\/p>\n<p class=\" wall-content\">Face \u00e0 cette mainmise, Nassiba a repris ses vieux r\u00e9flexes, et ressorti l\u2019une de ses valeurs s\u00fbres, un joli<strong> \u00e9ventail en bois et tissu<\/strong> carmin, \u00ab\u2009achet\u00e9e il y a 19\u00a0ans en Espagne\u2009\u00bb, raconte-t-elle en s\u2019\u00e9ventant \u00e9nergiquement. \u00ab\u2009\u00c7a marche tr\u00e8s bien aussi, regardez\u2009! Je travaille les mains et les bras avec \u00e7a\u2009\u00bb, plaisante-t-elle. \u00ab\u2009De quoi se donner encore plus chaud\u2009\u00bb, raille son conjoint, persuad\u00e9 de la sup\u00e9riorit\u00e9 de sa brise artificielle.<\/p>\n<p class=\" wall-content\">Si l\u2019argument \u00e9cologique glisse sur lui, ce n\u2019est pas le cas de Sophie, qui \u00e9prouve quelques scrupules face \u00e0 son ventilateur blanc en cours de chargement sur un port USB en libre-service de la gare. Achet\u00e9 chez Muiji pour une dizaine d\u2019euros, la jeune femme ne l\u2019utilise que rarement, explique-t-elle\u2009: \u00ab\u2009Je l\u2019utilise juste pour le train, les endroits o\u00f9 on a besoin d\u2019air. Mais ce serait plus \u00e9thique d\u2019utiliser un \u00e9ventail\u2009\u00bb, glisse-t-elle. Et de s\u2019interroger\u2009: \u00ab\u2009Je sais que j\u2019en ai un quelque part, mais o\u00f9\u2009?\u2009\u00bb<\/p>\n<p class=\" wall-content\">Suivez toute l\u2019actualit\u00e9 de vos villes et m\u00e9dias favoris en vous inscrivant \u00e0 <a href=\"https:\/\/moncompte.actu.fr\" title=\"D\u00e9couvez Mon Actu\" rel=\"nofollow noopener\" data-trk=\"{&quot;cta&quot;:{&quot;action&quot;:&quot;https:\\\/\\\/moncompte.actu.fr&quot;,&quot;category&quot;:&quot;mon compte&quot;,&quot;from&quot;:&quot;article footer&quot;,&quot;name&quot;:&quot;Mon actu&quot;,&quot;type&quot;:&quot;cta&quot;}}\" target=\"_blank\">Mon Actu<\/a>.<\/p>\n","protected":false},"excerpt":{"rendered":"Par Emilie Salabelle Publi\u00e9 le 13 ao\u00fbt 2025 \u00e0 6h04 Gare de Lyon, lundi 11\u00a0ao\u00fbt 2025. La canicule&hellip;\n","protected":false},"author":2,"featured_media":315466,"comment_status":"","ping_status":"","sticky":false,"template":"","format":"standard","meta":{"footnotes":""},"categories":[1888],"tags":[11,6698,436,1777,674,1011,27,12,626,5140,25,104],"class_list":{"0":"post-315465","1":"post","2":"type-post","3":"status-publish","4":"format-standard","5":"has-post-thumbnail","7":"category-paris","8":"tag-actualites","9":"tag-canicule","10":"tag-environnement","11":"tag-eu","12":"tag-europe","13":"tag-fr","14":"tag-france","15":"tag-news","16":"tag-paris","17":"tag-rechauffement-climatique","18":"tag-republique-francaise","19":"tag-societe"},"share_on_mastodon":{"url":"https:\/\/pubeurope.com\/@fr\/115019585247300613","error":""},"_links":{"self":[{"href":"https:\/\/www.europesays.com\/fr\/wp-json\/wp\/v2\/posts\/315465","targetHints":{"allow":["GET"]}}],"collection":[{"href":"https:\/\/www.europesays.com\/fr\/wp-json\/wp\/v2\/posts"}],"about":[{"href":"https:\/\/www.europesays.com\/fr\/wp-json\/wp\/v2\/types\/post"}],"author":[{"embeddable":true,"href":"https:\/\/www.europesays.com\/fr\/wp-json\/wp\/v2\/users\/2"}],"replies":[{"embeddable":true,"href":"https:\/\/www.europesays.com\/fr\/wp-json\/wp\/v2\/comments?post=315465"}],"version-history":[{"count":0,"href":"https:\/\/www.europesays.com\/fr\/wp-json\/wp\/v2\/posts\/315465\/revisions"}],"wp:featuredmedia":[{"embeddable":true,"href":"https:\/\/www.europesays.com\/fr\/wp-json\/wp\/v2\/media\/315466"}],"wp:attachment":[{"href":"https:\/\/www.europesays.com\/fr\/wp-json\/wp\/v2\/media?parent=315465"}],"wp:term":[{"taxonomy":"category","embeddable":true,"href":"https:\/\/www.europesays.com\/fr\/wp-json\/wp\/v2\/categories?post=315465"},{"taxonomy":"post_tag","embeddable":true,"href":"https:\/\/www.europesays.com\/fr\/wp-json\/wp\/v2\/tags?post=315465"}],"curies":[{"name":"wp","href":"https:\/\/api.w.org\/{rel}","templated":true}]}}