{"id":31547,"date":"2025-04-17T11:25:08","date_gmt":"2025-04-17T11:25:08","guid":{"rendered":"https:\/\/www.europesays.com\/fr\/31547\/"},"modified":"2025-04-17T11:25:08","modified_gmt":"2025-04-17T11:25:08","slug":"au-nord-de-toulouse-il-explose-le-compteur-de-la-mercedes-et-depasse-les-200-km-h-sur-lautoroute","status":"publish","type":"post","link":"https:\/\/www.europesays.com\/fr\/31547\/","title":{"rendered":"Au nord de Toulouse. Il explose le compteur de la Mercedes et d\u00e9passe les 200 km\/h sur l&rsquo;autoroute"},"content":{"rendered":"<p>            Par<br \/>\n        <strong><br \/>\n            <a href=\"https:\/\/actu.fr\/auteur\/mareva-laville-actu-fr\" title=\"Consulter tous les articles de Mar\u00e9va Laville\" target=\"_blank\" rel=\"noopener\">Mar\u00e9va Laville<\/a><br \/>\n        <\/strong><\/p>\n<p>        Publi\u00e9 le<\/p>\n<p>            16 avr. 2025 \u00e0 12h31        <\/p>\n<p>La vitesse lui est mont\u00e9e \u00e0 la t\u00eate. Et le pied est devenu un peu trop lourd\u2026 Sur <a href=\"https:\/\/actu.fr\/tag\/autoroute-62-a62\" target=\"_blank\" rel=\"noopener\">l\u2019A62,<\/a> dans le sens Montauban-<a href=\"http:\/\/www.actu.fr\/toulouse\" target=\"_blank\" rel=\"noopener\">Toulouse<\/a>, un homme de 33\u00a0ans au volant d\u2019une <strong>Mercedes C43 AMG<\/strong> a explos\u00e9 son compteur.<\/p>\n<p>Flash\u00e9 \u00e0 221 km\/h !<\/p>\n<p class=\" wall-content\">Mercredi 9 avril 2025, il a \u00e9t\u00e9 contr\u00f4l\u00e9 vers 22h45 \u00e0 <strong>221 km\/h <\/strong>par les gendarmes du Peloton motoris\u00e9 de Toulouse. Ils ont retenu une vitesse de 209 km\/h. Soit pr\u00e8s de 100 km\/h de plus que la vitesse autoris\u00e9e, plafonn\u00e9e \u00e0 130 km\/h.<\/p>\n<p class=\" wall-content\">Le jeune pilote a d\u00fb mettre un terme \u00e0 son circuit dans la foul\u00e9e, au niveau de la commune de Saint-Sauveur, au nord de Toulouse. \u00ab\u2009Il a imm\u00e9diatement \u00e9t\u00e9 intercept\u00e9 par les gendarmes gr\u00e2ce \u00e0 leur v\u00e9hicule rapide d\u2019intervention, la Renault M\u00e9gane RS\u2009\u00bb, d\u00e9taillent les gendarmes de Haute-Garonne.<\/p>\n<p>Le permis sur la sellette<\/p>\n<p class=\" wall-content\">Permis retenu sur place et petit bolide parti \u00e0 la fourri\u00e8re pour sept jours. L\u2019amateur de vitesse \u2013 non sans risques \u2013 pourrait se voir coller une <strong>amende allant jusqu\u2019\u00e0 1\u2009500\u00a0\u20ac<\/strong> et dire adieu \u00e0 son<strong> permis de conduire<\/strong> le temps de six mois.<\/p>\n<p class=\" wall-content\">Suivez toute l\u2019actualit\u00e9 de vos villes et m\u00e9dias favoris en vous inscrivant \u00e0 <a href=\"https:\/\/moncompte.actu.fr\" title=\"D\u00e9couvez Mon Actu\" rel=\"nofollow noopener\" data-trk=\"{&quot;cta&quot;:{&quot;action&quot;:&quot;https:\\\/\\\/moncompte.actu.fr&quot;,&quot;category&quot;:&quot;mon compte&quot;,&quot;from&quot;:&quot;article footer&quot;,&quot;name&quot;:&quot;Mon actu&quot;,&quot;type&quot;:&quot;cta&quot;}}\" target=\"_blank\">Mon Actu<\/a>.<\/p>\n<ul class=\"ac-article-tag wall-content\">\n<li><a href=\"https:\/\/actu.fr\/tag\/autoroute-62-a62\" data-trk=\"{&quot;cta&quot;:{&quot;action&quot;:&quot;Autoroute 62 (A62)&quot;,&quot;category&quot;:&quot;tag&quot;,&quot;from&quot;:&quot;article footer&quot;,&quot;name&quot;:&quot;Autoroute 62 (A62)&quot;,&quot;type&quot;:&quot;cta&quot;}}\" target=\"_blank\" rel=\"noopener\">#Autoroute 62 (A62)<\/a><\/li>\n<li><a href=\"https:\/\/actu.fr\/tag\/gendarmerie\" data-trk=\"{&quot;cta&quot;:{&quot;action&quot;:&quot;Gendarmerie&quot;,&quot;category&quot;:&quot;tag&quot;,&quot;from&quot;:&quot;article footer&quot;,&quot;name&quot;:&quot;Gendarmerie&quot;,&quot;type&quot;:&quot;cta&quot;}}\" target=\"_blank\" rel=\"noopener\">#Gendarmerie<\/a><\/li>\n<\/ul>\n","protected":false},"excerpt":{"rendered":"Par Mar\u00e9va Laville Publi\u00e9 le 16 avr. 2025 \u00e0 12h31 La vitesse lui est mont\u00e9e \u00e0 la t\u00eate.&hellip;\n","protected":false},"author":2,"featured_media":31548,"comment_status":"","ping_status":"","sticky":false,"template":"","format":"standard","meta":{"footnotes":""},"categories":[2816],"tags":[1111,11,6343,1777,674,118,1011,27,3381,12,2680,25,2312],"class_list":{"0":"post-31547","1":"post","2":"type-post","3":"status-publish","4":"format-standard","5":"has-post-thumbnail","7":"category-toulouse","8":"tag-actu","9":"tag-actualites","10":"tag-autoroute-62-a62","11":"tag-eu","12":"tag-europe","13":"tag-faits-divers","14":"tag-fr","15":"tag-france","16":"tag-gendarmerie","17":"tag-news","18":"tag-occitanie","19":"tag-republique-francaise","20":"tag-toulouse"},"share_on_mastodon":{"url":"https:\/\/pubeurope.com\/@fr\/114353060208795495","error":""},"_links":{"self":[{"href":"https:\/\/www.europesays.com\/fr\/wp-json\/wp\/v2\/posts\/31547","targetHints":{"allow":["GET"]}}],"collection":[{"href":"https:\/\/www.europesays.com\/fr\/wp-json\/wp\/v2\/posts"}],"about":[{"href":"https:\/\/www.europesays.com\/fr\/wp-json\/wp\/v2\/types\/post"}],"author":[{"embeddable":true,"href":"https:\/\/www.europesays.com\/fr\/wp-json\/wp\/v2\/users\/2"}],"replies":[{"embeddable":true,"href":"https:\/\/www.europesays.com\/fr\/wp-json\/wp\/v2\/comments?post=31547"}],"version-history":[{"count":0,"href":"https:\/\/www.europesays.com\/fr\/wp-json\/wp\/v2\/posts\/31547\/revisions"}],"wp:featuredmedia":[{"embeddable":true,"href":"https:\/\/www.europesays.com\/fr\/wp-json\/wp\/v2\/media\/31548"}],"wp:attachment":[{"href":"https:\/\/www.europesays.com\/fr\/wp-json\/wp\/v2\/media?parent=31547"}],"wp:term":[{"taxonomy":"category","embeddable":true,"href":"https:\/\/www.europesays.com\/fr\/wp-json\/wp\/v2\/categories?post=31547"},{"taxonomy":"post_tag","embeddable":true,"href":"https:\/\/www.europesays.com\/fr\/wp-json\/wp\/v2\/tags?post=31547"}],"curies":[{"name":"wp","href":"https:\/\/api.w.org\/{rel}","templated":true}]}}