{"id":315483,"date":"2025-08-13T04:40:10","date_gmt":"2025-08-13T04:40:10","guid":{"rendered":"https:\/\/www.europesays.com\/fr\/315483\/"},"modified":"2025-08-13T04:40:10","modified_gmt":"2025-08-13T04:40:10","slug":"le-lanceur-europeen-ariane-6-decolle-avec-succes-en-guyane","status":"publish","type":"post","link":"https:\/\/www.europesays.com\/fr\/315483\/","title":{"rendered":"Le lanceur europ\u00e9en Ariane 6 d\u00e9colle avec succ\u00e8s en Guyane"},"content":{"rendered":"<p>Le satellite m\u00e9t\u00e9orologique MetOp-SG-A1 va \u00eatre mis en orbite par la fus\u00e9e. Il est destin\u00e9 \u00e0 am\u00e9liorer la pr\u00e9cision des pr\u00e9visions m\u00e9t\u00e9orologiques et la compr\u00e9hension du climat.<\/p>\n<p class=\"fig-paragraph\">Le lanceur lourd europ\u00e9en\u00a0<a href=\"https:\/\/www.lefigaro.fr\/tag\/ariane-6\" target=\"_blank\" rel=\"noopener nofollow\" data-gtm-custom-categorie=\"navigation\" data-gtm-custom-action=\"crossclick\" data-gtm-custom-label=\"Contextuel\" data-gtm-event=\"customEventSPE\">Ariane 6<\/a>\u00a0a d\u00e9coll\u00e9 mardi 13 ao\u00fbt au soir du centre spatial de Kourou en Guyane fran\u00e7aise. Pour son deuxi\u00e8me vol commercial, Ariane 6 doit mettre en orbite le satellite m\u00e9t\u00e9orologique MetOp-SG-A1, premier satellite de nouvelle g\u00e9n\u00e9ration en orbite polaire. La fus\u00e9e a d\u00e9coll\u00e9 \u00e0 l&rsquo;horaire pr\u00e9vu, soit 21h37 heure locale (00h37 GMT, mercredi).<\/p>\n<p class=\"fig-paragraph\">Le satellite pr\u00e9sent \u00e0 son bord, pesant un peu plus de quatre tonnes, est destin\u00e9 \u00e0 am\u00e9liorer la pr\u00e9cision des pr\u00e9visions m\u00e9t\u00e9orologiques et la compr\u00e9hension du climat.<\/p>\n<p>                                    <a class=\"fig-a11y-skip a11y-hidden\" href=\"#fig-a11y-skip-main-inarticle\"><br \/>\n        Passer la publicit\u00e9<br \/>\n    <\/a><\/p>\n<p class=\"fig-paragraph\">Construit par Airbus Defence and Space pour l\u2019Organisation europ\u00e9enne pour l\u2019exploitation des satellites m\u00e9t\u00e9orologiques (Eumetsat) dans le cadre d\u2019un contrat avec l\u2019Agence spatiale europ\u00e9enne (ESA), il sera plac\u00e9 en orbite h\u00e9liosynchrone \u00e0 environ 800 km d\u2019altitude.<\/p>\n<p>Troisi\u00e8me lancement<\/p>\n<p class=\"fig-paragraph\">Ce satellite embarque six instruments, dont IASI-NG, un sondeur infrarouge qui fournira des mesures deux fois plus pr\u00e9cises que son pr\u00e9d\u00e9cesseur IASI. Ce sondeur mesurera les profils de temp\u00e9rature et de vapeur d\u2019eau dans l\u2019atmosph\u00e8re, la temp\u00e9rature des oc\u00e9ans et des continents, ainsi que 16 variables essentielles pour le suivi climatique &#8211; telles que les gaz \u00e0 effet de serre, les poussi\u00e8res d\u00e9sertiques ou la couverture nuageuse &#8211; uniquement d\u00e9tectables depuis l\u2019espace. Autre outil cl\u00e9\u00a0: Sentinel-5 du programme europ\u00e9en Copernicus pour la surveillance des principaux polluants atmosph\u00e9riques et de l\u2019ozone stratosph\u00e9rique.<\/p>\n<p class=\"fig-paragraph\">Il s\u2019agit du troisi\u00e8me lancement d\u2019Ariane 6 depuis son vol inaugural en juillet 2024 et le deuxi\u00e8me commercial apr\u00e8s celui du 6 mars avec un satellite militaire. \u00abTroisi\u00e8me lancement, troisi\u00e8me succ\u00e8s!\u00bb, s\u2019est f\u00e9licit\u00e9 David Cavaillol\u00e8s, le pr\u00e9sident ex\u00e9cutif d\u2019Arianespace. \u00abIl n\u2019y avait pas de meilleur d\u00e9but possible.\u00bb<\/p>\n<p class=\"fig-paragraph\">L\u2019autre fus\u00e9e europ\u00e9enne l\u00e9g\u00e8re, Vega-C, n\u2019a repris les vols qu\u2019en d\u00e9cembre 2024 apr\u00e8s avoir \u00e9t\u00e9 immobilis\u00e9e pendant deux ans dans la foul\u00e9e d\u2019un accident ayant entra\u00een\u00e9 la perte de satellites. Le carnet de commandes d\u2019Ariane 6 compte maintenant 32 vols offrant des ann\u00e9es d\u2019activit\u00e9 au centre spatial guyanais. La cadence des tirs va augmenter au fil des mois\u00a0: \u00abnotre cible, c\u2019est de faire neuf \u00e0 dix lancements par an\u00bb, ambitionne David Cavaillol\u00e8s.<\/p>\n","protected":false},"excerpt":{"rendered":"Le satellite m\u00e9t\u00e9orologique MetOp-SG-A1 va \u00eatre mis en orbite par la fus\u00e9e. Il est destin\u00e9 \u00e0 am\u00e9liorer la&hellip;\n","protected":false},"author":2,"featured_media":315484,"comment_status":"","ping_status":"","sticky":false,"template":"","format":"standard","meta":{"footnotes":""},"categories":[2],"tags":[11,6445,1011,27,889,12,25],"class_list":{"0":"post-315483","1":"post","2":"type-post","3":"status-publish","4":"format-standard","5":"has-post-thumbnail","7":"category-actualites","8":"tag-actualites","9":"tag-ariane-6","10":"tag-fr","11":"tag-france","12":"tag-fusee","13":"tag-news","14":"tag-republique-francaise"},"share_on_mastodon":{"url":"https:\/\/pubeurope.com\/@fr\/115019620273418317","error":""},"_links":{"self":[{"href":"https:\/\/www.europesays.com\/fr\/wp-json\/wp\/v2\/posts\/315483","targetHints":{"allow":["GET"]}}],"collection":[{"href":"https:\/\/www.europesays.com\/fr\/wp-json\/wp\/v2\/posts"}],"about":[{"href":"https:\/\/www.europesays.com\/fr\/wp-json\/wp\/v2\/types\/post"}],"author":[{"embeddable":true,"href":"https:\/\/www.europesays.com\/fr\/wp-json\/wp\/v2\/users\/2"}],"replies":[{"embeddable":true,"href":"https:\/\/www.europesays.com\/fr\/wp-json\/wp\/v2\/comments?post=315483"}],"version-history":[{"count":0,"href":"https:\/\/www.europesays.com\/fr\/wp-json\/wp\/v2\/posts\/315483\/revisions"}],"wp:featuredmedia":[{"embeddable":true,"href":"https:\/\/www.europesays.com\/fr\/wp-json\/wp\/v2\/media\/315484"}],"wp:attachment":[{"href":"https:\/\/www.europesays.com\/fr\/wp-json\/wp\/v2\/media?parent=315483"}],"wp:term":[{"taxonomy":"category","embeddable":true,"href":"https:\/\/www.europesays.com\/fr\/wp-json\/wp\/v2\/categories?post=315483"},{"taxonomy":"post_tag","embeddable":true,"href":"https:\/\/www.europesays.com\/fr\/wp-json\/wp\/v2\/tags?post=315483"}],"curies":[{"name":"wp","href":"https:\/\/api.w.org\/{rel}","templated":true}]}}