{"id":315488,"date":"2025-08-13T04:45:19","date_gmt":"2025-08-13T04:45:19","guid":{"rendered":"https:\/\/www.europesays.com\/fr\/315488\/"},"modified":"2025-08-13T04:45:19","modified_gmt":"2025-08-13T04:45:19","slug":"pro-d2-de-la-terre-aux-terrains-tranquille-comme-baptiste-serrano-a-colomiers","status":"publish","type":"post","link":"https:\/\/www.europesays.com\/fr\/315488\/","title":{"rendered":"Pro D2. De la terre aux terrains, tranquille comme Baptiste Serrano \u00e0 Colomiers"},"content":{"rendered":"<p>            Par<br \/>\n        <strong><br \/>\n            <a href=\"https:\/\/actu.fr\/auteur\/remy-messegue\" title=\"Consulter tous les articles de R\u00e9my Mess\u00e9gu\u00e9\" target=\"_blank\" rel=\"noopener\">R\u00e9my Mess\u00e9gu\u00e9<\/a><br \/>\n        <\/strong><\/p>\n<p>        Publi\u00e9 le<\/p>\n<p>            12 ao\u00fbt 2025 \u00e0 10h35        <\/p>\n<p><strong>Baptiste Serrano<\/strong>, 23 ans, est ce que l\u2019on appelle commun\u00e9ment un enfant du club. Arriv\u00e9 \u00e0 l\u2019\u00e2ge de 10 ans \u00e0 l\u2019\u00e9cole de rugby, il a <a href=\"https:\/\/actu.fr\/sports\/rugby\/pro\/pro-d2-apres-une-saison-reussie-colomiers-veut-faire-rimer-transition-avec-ambition_63000745.html\" target=\"_blank\" rel=\"noopener\">tout connu avec Colomiers,<\/a> le <strong>titre en Crabos en 2019<\/strong> jusqu\u2019\u00e0 sa premi\u00e8re sous le maillot \u00e0 la Colombe et une nouvelle saison qui arrive. Le trois-quarts centre n\u2019est pas un grand bavard mais si vous basculez sur ses passions, il s\u2019ouvre tout de suite beaucoup plus. Portrait.<\/p>\n<p>Un titre grav\u00e9 \u00e0 vie en 2019<\/p>\n<p class=\" wall-content\">Alors forc\u00e9ment, au moment de se retourner apr\u00e8s 13 ans dans son club de toujours c\u2019est la fiert\u00e9 qui prime : \u00ab\u00a0\u00catre pro \u00e0 Colomiers, c\u2019\u00e9tait un peu le top. C\u2019est le club o\u00f9 j\u2019ai grandi, j\u2019y ai v\u00e9cu toutes mes exp\u00e9riences, j\u2019ai pris beaucoup de plaisir. J\u2019y ai connu \u00e9galement tous mes copains avec qui je joue encore et \u00e7a c\u2019est une chance, c\u2019est une grosse chance.\u00a0\u00bb<\/p>\n<p class=\" wall-content\">Une ann\u00e9e en particulier est rest\u00e9 dans sa m\u00e9moire. Celle du titre en juniors Crabos. \u00c0 l\u2019\u00e9vocation de ce dernier, un grand sourire barre son visage et il pr\u00e9cise : \u00ab\u00a0C\u2019est vrai que <strong>cette ann\u00e9e 2019 restera ancr\u00e9e dans nos souvenirs<\/strong>. Cela a cr\u00e9\u00e9 des liens particuliers entre nous tous.\u00a0\u00bb<\/p>\n<p class=\" wall-content\">Des liens que le centre colum\u00e9rin ne cultive pas forc\u00e9ment via son t\u00e9l\u00e9phone comme vous l\u2019expliqueront des membres du club. \u00c9tonnant pour un jeune de sa g\u00e9n\u00e9ration, n\u00e9 en 2002, mais pas pour lui : \u00ab\u00a0\u00c7a vient de mes racines. <strong>Je suis issu de la campagne<\/strong>. J\u2019ai connu le t\u00e9l\u00e9phone tard et je ne le connais encore pas forc\u00e9ment tr\u00e8s bien. Je profite plus des choses \u00e0 faire en ext\u00e9rieur que de \u00e7a (sic).\u00a0\u00bb<\/p>\n<p>Des racines proches de la terre<\/p>\n<p class=\" wall-content\">Originaire de Sainte-Foy-de-Peyroli\u00e8res, au Sud-Ouest de Toulouse, \u00ab\u00a0pr\u00e8s de Bragayrac et Samatan\u00a0\u00bb, comme il tient \u00e0 le pr\u00e9ciser. Deux villages inconnus pour la majorit\u00e9 des personnes mais comme le centre du monde pour lui, de son monde.<\/p>\n<p class=\" wall-content\">Un monde dans lequel il revient r\u00e9guli\u00e8rement. Proche de ses racines paysannes pour aider sa m\u00e8re \u00e0 la ferme : \u00ab\u00a0J\u2019aide \u00e0 toutes les t\u00e2ches qui sont un peu trop physiques parce que ma m\u00e8re vit seule. Il y a aussi mes grands-parents \u00e0 c\u00f4t\u00e9. J\u2019aide quand je peux. Tout ce qui est trop fatigant pour ma m\u00e8re, j\u2019essaie de le faire pour ne pas qu\u2019elle se fatigue trop.\u00a0\u00bb<\/p>\n<p>    <img   decoding=\"async\" loading=\"lazy\" src=\"https:\/\/www.europesays.com\/fr\/wp-content\/uploads\/2025\/08\/img-5414-960x640.png\" alt=\"Baptiste Serrano, au premier plan, rayonne sous les couleurs de Colomiers.\" width=\"960\" height=\"640\"\/><br \/>\n    Baptiste Serrano, au premier plan, rayonne sous les couleurs de Colomiers. (\u00a9Colomiers Rugby)<\/p>\n<p class=\" wall-content\">La ferme pour le travail mais aussi pour retrouver les amis, parfois, pour ce gar\u00e7on qu\u2019on comprend vite attach\u00e9 \u00e0 la notion de groupe: \u00ab\u00a0<strong>Je me suis fabriqu\u00e9 un brasero<\/strong> lors de mes \u00e9tudes de chaudronnerie. Donc de temps en temps, mes amis viennent m\u2019aider \u00e0 la vie \u00e0 la ferme, \u00e7a les fait rire puisqu\u2019ils n\u2019ont jamais fait, on passe un bon moment puis le soir on mange ensemble, on boit un verre et chacun rentre chez soi.\u00a0\u00bb<\/p>\n<p class=\" wall-content\">Chacun chez soi, car Baptiste cultive \u00e9galement des passions plus solitaires. Notamment la chasse et la p\u00eache. Cette derni\u00e8re l\u2019occupe sur son temps libre et ses plages de r\u00e9cup\u00e9ration.<\/p>\n<p>La p\u00eache comme exutoire<\/p>\n<p class=\" wall-content\">Prenez pour exemple la semaine de repos accord\u00e9 par le staff en plein c\u0153ur de la pr\u00e9paration physique, Baptiste Serrano s\u2019est \u00e9vad\u00e9 : \u00ab\u00a0<strong>Je suis parti \u00e0 la p\u00eache \u00e0 la truite en montagne, pendant trois jours en Espagne<\/strong>. J\u2019y ai retrouv\u00e9 un copain, Paolo (Parpagiola, un autre joueur de Colomiers). Il \u00e9tait parti de son c\u00f4t\u00e9, et on s\u2019est retrouv\u00e9 pour faire quelques coups ensemble. Je suis parti tout seul, \u00e7a fait du bien de s\u2019a\u00e9rer l\u2019esprit, sans forc\u00e9ment parler avec quelqu\u2019un. Rester seul avec soi-m\u00eame c\u2019est tr\u00e8s bien.\u00a0\u00bb<\/p>\n<p class=\" wall-content\">Quant \u00e0 l\u2019organisation de ses sorties, tout est millim\u00e9tr\u00e9 par rapport au soleil : \u00ab\u00a0J\u2019ai pris ma voiture, soit je fais du bivouac, soit je loue une tente, un camping ou un h\u00f4tel, je pars le matin quand le soleil se l\u00e8ve, et je rentre le soir quand il fait nuit.\u00a0\u00bb<\/p>\n<p class=\" wall-content\">Au del\u00e0, de \u00e7a, on comprend vite que le Colum\u00e9rin est avant tout proche de la nature : \u00ab\u00a0<strong>Lorsqu\u2019on grandit dans la nature, c\u2019est l\u00e0 que se trouvent nos rep\u00e8res<\/strong>. On a toujours un lien avec elle. M\u00eame \u00e0 la maison, avoir des b\u00eates, retrouver ce qu\u2019on a toujours v\u00e9cu c\u2019est rassurant. Quand je pars en vacances, une ou deux semaines \u00e7a me tarde de rentrer, j\u2019en ai marre.\u00a0\u00bb<\/p>\n<p class=\" wall-content\">Et cette fois, il est bel et bien rentr\u00e9 pour attaquer une nouvelle saison \u00e0 Colomiers, son club de toujours avec lequel il se voit continuer de longues ann\u00e9es, m\u00eame si quand on lui pose la question, l\u2019homme de peu de mots reprend le dessus et r\u00e9pond : \u00ab\u00a0Dans l\u2019id\u00e9al ce serait le top.\u00a0\u00bb<\/p>\n<p class=\" wall-content\">Suivez toute l\u2019actualit\u00e9 de vos villes et m\u00e9dias favoris en vous inscrivant \u00e0 <a href=\"https:\/\/moncompte.actu.fr\" title=\"D\u00e9couvez Mon Actu\" rel=\"nofollow noopener\" data-trk=\"{&quot;cta&quot;:{&quot;action&quot;:&quot;https:\\\/\\\/moncompte.actu.fr&quot;,&quot;category&quot;:&quot;mon compte&quot;,&quot;from&quot;:&quot;article footer&quot;,&quot;name&quot;:&quot;Mon actu&quot;,&quot;type&quot;:&quot;cta&quot;}}\" target=\"_blank\">Mon Actu<\/a>.<\/p>\n","protected":false},"excerpt":{"rendered":"Par R\u00e9my Mess\u00e9gu\u00e9 Publi\u00e9 le 12 ao\u00fbt 2025 \u00e0 10h35 Baptiste Serrano, 23 ans, est ce que l\u2019on&hellip;\n","protected":false},"author":2,"featured_media":315489,"comment_status":"","ping_status":"","sticky":false,"template":"","format":"standard","meta":{"footnotes":""},"categories":[1416],"tags":[1011,27,3788,2308,479,1468,60],"class_list":{"0":"post-315488","1":"post","2":"type-post","3":"status-publish","4":"format-standard","5":"has-post-thumbnail","7":"category-rugby","8":"tag-fr","9":"tag-france","10":"tag-pro","11":"tag-pro-d2","12":"tag-rugby","13":"tag-rugby-football","14":"tag-sports"},"share_on_mastodon":{"url":"https:\/\/pubeurope.com\/@fr\/115019639936596883","error":""},"_links":{"self":[{"href":"https:\/\/www.europesays.com\/fr\/wp-json\/wp\/v2\/posts\/315488","targetHints":{"allow":["GET"]}}],"collection":[{"href":"https:\/\/www.europesays.com\/fr\/wp-json\/wp\/v2\/posts"}],"about":[{"href":"https:\/\/www.europesays.com\/fr\/wp-json\/wp\/v2\/types\/post"}],"author":[{"embeddable":true,"href":"https:\/\/www.europesays.com\/fr\/wp-json\/wp\/v2\/users\/2"}],"replies":[{"embeddable":true,"href":"https:\/\/www.europesays.com\/fr\/wp-json\/wp\/v2\/comments?post=315488"}],"version-history":[{"count":0,"href":"https:\/\/www.europesays.com\/fr\/wp-json\/wp\/v2\/posts\/315488\/revisions"}],"wp:featuredmedia":[{"embeddable":true,"href":"https:\/\/www.europesays.com\/fr\/wp-json\/wp\/v2\/media\/315489"}],"wp:attachment":[{"href":"https:\/\/www.europesays.com\/fr\/wp-json\/wp\/v2\/media?parent=315488"}],"wp:term":[{"taxonomy":"category","embeddable":true,"href":"https:\/\/www.europesays.com\/fr\/wp-json\/wp\/v2\/categories?post=315488"},{"taxonomy":"post_tag","embeddable":true,"href":"https:\/\/www.europesays.com\/fr\/wp-json\/wp\/v2\/tags?post=315488"}],"curies":[{"name":"wp","href":"https:\/\/api.w.org\/{rel}","templated":true}]}}