{"id":315492,"date":"2025-08-13T04:48:16","date_gmt":"2025-08-13T04:48:16","guid":{"rendered":"https:\/\/www.europesays.com\/fr\/315492\/"},"modified":"2025-08-13T04:48:16","modified_gmt":"2025-08-13T04:48:16","slug":"motogp-probleme-confirme-chez-honda-et-lcr-zarco-sans-coequipier-en-autriche","status":"publish","type":"post","link":"https:\/\/www.europesays.com\/fr\/315492\/","title":{"rendered":"MotoGP Probl\u00e8me confirm\u00e9 chez Honda et LCR, Zarco sans co\u00e9quipier en Autriche ?"},"content":{"rendered":"<p>Devant la profusion de bless\u00e9s, c\u00f4t\u00e9 pilotes Honda, la marque japonaise est confront\u00e9e \u00e0 un r\u00e9el probl\u00e8me en MotoGP. En effet, Somkiat Chantra, pilote LCR cette saison, reste en convalescence et ne sera donc pas engag\u00e9 sur le Grand-Prix d\u2019Autriche 2025, le week-end prochain. Toutefois, sur la liste officielle des pilotes, le Tha\u00eflandais n\u2019est pas encore officiellement remplac\u00e9. Et pour cause, les solutions sont pour le moins rares\u2026<\/p>\n<p>MotoGP : qui reste-t-il, pour remplacer Chantra ?<\/p>\n<p>Avec les blessures de Takaaki Nakagami, Aleix Espargaro ou encore, de Iker Lecuona, Honda ne dispose plus d\u2019options attractives pour remplacer Somkiat Chantra, sur le Red Bull Ring. Sachant que l\u2019int\u00e9ress\u00e9 ne performe pas et que les points lui sont g\u00e9n\u00e9ralement inaccessibles, nous pouvons d\u2019ailleurs nous demander s\u2019il ne serait pas pr\u00e9f\u00e9rable, c\u00f4t\u00e9 Honda et LCR, de ne pas le remplacer. Histoire de ne pas risquer d\u2019engendrer des frais avec de la casse \u00e9ventuelle, chose qui risque de se produire avec un pilote totalement inexp\u00e9riment\u00e9 en MotoGP ou un profil n\u2019ayant plus roul\u00e9 depuis longtemps, dans la cat\u00e9gorie en question.<\/p>\n<p>Car Xavi Vierge, totalement inexp\u00e9riment\u00e9 en MotoGP et Tetsuta Nagashima, rempla\u00e7ant de Takaaki Nakagami en 2022, seraient d\u00e9sormais sur la courte liste d\u2019Honda. A d\u00e9faut de Stefan Bradl, qui ne veut plus prendre part \u00e0 des Grand-Prix, comme il l\u2019avait annonc\u00e9 l\u2019ann\u00e9e derni\u00e8re. Pour le moment, donc, les dirigeants du constructeur Japonais h\u00e9sitent toujours mais le nom de l\u2019int\u00e9rimaire devrait \u00eatre r\u00e9v\u00e9l\u00e9 officiellement dans les heures \u00e0 venir\u2026<\/p>\n<blockquote class=\"twitter-tweet\">\n<p dir=\"ltr\" lang=\"en\">Meet <a href=\"https:\/\/twitter.com\/JohannZarco1?ref_src=twsrc%5Etfw\" target=\"_blank\" rel=\"noopener nofollow\">@JohannZarco1<\/a> at the <a href=\"https:\/\/twitter.com\/hashtag\/SanMarinoGP?src=hash&amp;ref_src=twsrc%5Etfw\" target=\"_blank\" rel=\"noopener nofollow\">#SanMarinoGP<\/a>\ud83c\uddf8\ud83c\uddf2<\/p>\n<p>Go beyond the grandstands with a <a href=\"https:\/\/twitter.com\/hashtag\/MotoGPPremier?src=hash&amp;ref_src=twsrc%5Etfw\" target=\"_blank\" rel=\"noopener nofollow\">#MotoGPPremier<\/a> Chicane package\u2014get a paddock and garage tour, plus access to our exclusive team event!<\/p>\n<p>Don\u2019t miss out\ud83d\udcf2 <a href=\"https:\/\/t.co\/qvf5qcQuCN\" rel=\"nofollow\">https:\/\/t.co\/qvf5qcQuCN<\/a><a href=\"https:\/\/twitter.com\/hashtag\/JohannZarco?src=hash&amp;ref_src=twsrc%5Etfw\" target=\"_blank\" rel=\"noopener nofollow\">#JohannZarco<\/a> <a href=\"https:\/\/twitter.com\/hashtag\/JZ5?src=hash&amp;ref_src=twsrc%5Etfw\" target=\"_blank\" rel=\"noopener nofollow\">#JZ5<\/a> <a href=\"https:\/\/twitter.com\/hashtag\/LCRHonda?src=hash&amp;ref_src=twsrc%5Etfw\" target=\"_blank\" rel=\"noopener nofollow\">#LCRHonda<\/a> <a href=\"https:\/\/twitter.com\/hashtag\/MotoGP?src=hash&amp;ref_src=twsrc%5Etfw\" target=\"_blank\" rel=\"noopener nofollow\">#MotoGP<\/a> <a href=\"https:\/\/t.co\/YDrqTOH9Nl\" rel=\"nofollow\">pic.twitter.com\/YDrqTOH9Nl<\/a><\/p>\n<p>\u2014 LCR Team (@lcr_team) <a href=\"https:\/\/twitter.com\/lcr_team\/status\/1953727893449977934?ref_src=twsrc%5Etfw\" target=\"_blank\" rel=\"noopener nofollow\">August 8, 2025<\/a><\/p>\n<\/blockquote>\n<p>Article publi\u00e9 le 11\/08\/2025 \u00e0 6h03<\/p>\n<p>                                                            <script async src=\"https:\/\/platform.twitter.com\/widgets.js\" charset=\"utf-8\"><\/script><\/p>\n","protected":false},"excerpt":{"rendered":"Devant la profusion de bless\u00e9s, c\u00f4t\u00e9 pilotes Honda, la marque japonaise est confront\u00e9e \u00e0 un r\u00e9el probl\u00e8me en&hellip;\n","protected":false},"author":2,"featured_media":315493,"comment_status":"","ping_status":"","sticky":false,"template":"","format":"standard","meta":{"footnotes":""},"categories":[1413],"tags":[1011,27,4922,9452,1457,1456,1458,60],"class_list":{"0":"post-315492","1":"post","2":"type-post","3":"status-publish","4":"format-standard","5":"has-post-thumbnail","7":"category-moto","8":"tag-fr","9":"tag-france","10":"tag-honda","11":"tag-lcr","12":"tag-moto","13":"tag-motocycle","14":"tag-motogp","15":"tag-sports"},"share_on_mastodon":{"url":"https:\/\/pubeurope.com\/@fr\/115019651689907455","error":""},"_links":{"self":[{"href":"https:\/\/www.europesays.com\/fr\/wp-json\/wp\/v2\/posts\/315492","targetHints":{"allow":["GET"]}}],"collection":[{"href":"https:\/\/www.europesays.com\/fr\/wp-json\/wp\/v2\/posts"}],"about":[{"href":"https:\/\/www.europesays.com\/fr\/wp-json\/wp\/v2\/types\/post"}],"author":[{"embeddable":true,"href":"https:\/\/www.europesays.com\/fr\/wp-json\/wp\/v2\/users\/2"}],"replies":[{"embeddable":true,"href":"https:\/\/www.europesays.com\/fr\/wp-json\/wp\/v2\/comments?post=315492"}],"version-history":[{"count":0,"href":"https:\/\/www.europesays.com\/fr\/wp-json\/wp\/v2\/posts\/315492\/revisions"}],"wp:featuredmedia":[{"embeddable":true,"href":"https:\/\/www.europesays.com\/fr\/wp-json\/wp\/v2\/media\/315493"}],"wp:attachment":[{"href":"https:\/\/www.europesays.com\/fr\/wp-json\/wp\/v2\/media?parent=315492"}],"wp:term":[{"taxonomy":"category","embeddable":true,"href":"https:\/\/www.europesays.com\/fr\/wp-json\/wp\/v2\/categories?post=315492"},{"taxonomy":"post_tag","embeddable":true,"href":"https:\/\/www.europesays.com\/fr\/wp-json\/wp\/v2\/tags?post=315492"}],"curies":[{"name":"wp","href":"https:\/\/api.w.org\/{rel}","templated":true}]}}