{"id":315494,"date":"2025-08-13T04:49:11","date_gmt":"2025-08-13T04:49:11","guid":{"rendered":"https:\/\/www.europesays.com\/fr\/315494\/"},"modified":"2025-08-13T04:49:11","modified_gmt":"2025-08-13T04:49:11","slug":"un-championnat-du-monde-qui-peut-tout-changer-pour-thomas-pradier","status":"publish","type":"post","link":"https:\/\/www.europesays.com\/fr\/315494\/","title":{"rendered":"un championnat du monde\u00a0qui peut tout changer pour Thomas Pradier"},"content":{"rendered":"<p>Les championnats du monde de karting 2025 approchent pour le For\u00e9zien Thomas Pradier. Du 11 au 14\u00a0septembre prochain, le gar\u00e7on jouera gros sur la piste de Kristianstad, en Su\u00e8de. Le bilan de sa saison tout d\u2019abord, qui est jusqu\u2019ici plus que positif sachant qu\u2019il d\u00e9bute dans cette cat\u00e9gorie OK &#8211; Champions of the future, mais aussi son avenir sur lequel plane l\u2019incertitude. Un tr\u00e8s bon week-end et de nouvelles portes s\u2019ouvriront \u00e0 lui. \u00ab\u00a0Une victoire peut tout changer. <a href=\"https:\/\/www.leprogres.fr\/p\/isack-hadjar\" target=\"_blank\" rel=\"nofollow noopener\">Isack Hadjar<\/a> ne brillait pas en karting, mais il s\u2019est montr\u00e9 sur une grande course \u00e0 Monaco et \u00e7a s\u2019est acc\u00e9l\u00e9r\u00e9\u00a0\u00bb, explique le papa de Thomas, Damien Pradier.<\/p>\n<p>Le p\u00e8re de famille, tr\u00e8s attentif \u00e0 l\u2019\u00e9volution de son fils, voit trois&#8230;<\/p>\n","protected":false},"excerpt":{"rendered":"Les championnats du monde de karting 2025 approchent pour le For\u00e9zien Thomas Pradier. Du 11 au 14\u00a0septembre prochain,&hellip;\n","protected":false},"author":2,"featured_media":315495,"comment_status":"","ping_status":"","sticky":false,"template":"","format":"standard","meta":{"footnotes":""},"categories":[1412],"tags":[1976,7359,1451,45439,1452,1453,1454,1455,1011,27,3367,517,60,45438],"class_list":{"0":"post-315494","1":"post","2":"type-post","3":"status-publish","4":"format-standard","5":"has-post-thumbnail","7":"category-f1","8":"tag-auto-moto","9":"tag-edition-loire-centre","10":"tag-f1","11":"tag-feurs-bassin","12":"tag-formula-1","13":"tag-formula1","14":"tag-formule-1","15":"tag-formule1","16":"tag-fr","17":"tag-france","18":"tag-loire","19":"tag-sport","20":"tag-sports","21":"tag-valeille"},"share_on_mastodon":{"url":"https:\/\/pubeurope.com\/@fr\/115019655618849396","error":""},"_links":{"self":[{"href":"https:\/\/www.europesays.com\/fr\/wp-json\/wp\/v2\/posts\/315494","targetHints":{"allow":["GET"]}}],"collection":[{"href":"https:\/\/www.europesays.com\/fr\/wp-json\/wp\/v2\/posts"}],"about":[{"href":"https:\/\/www.europesays.com\/fr\/wp-json\/wp\/v2\/types\/post"}],"author":[{"embeddable":true,"href":"https:\/\/www.europesays.com\/fr\/wp-json\/wp\/v2\/users\/2"}],"replies":[{"embeddable":true,"href":"https:\/\/www.europesays.com\/fr\/wp-json\/wp\/v2\/comments?post=315494"}],"version-history":[{"count":0,"href":"https:\/\/www.europesays.com\/fr\/wp-json\/wp\/v2\/posts\/315494\/revisions"}],"wp:featuredmedia":[{"embeddable":true,"href":"https:\/\/www.europesays.com\/fr\/wp-json\/wp\/v2\/media\/315495"}],"wp:attachment":[{"href":"https:\/\/www.europesays.com\/fr\/wp-json\/wp\/v2\/media?parent=315494"}],"wp:term":[{"taxonomy":"category","embeddable":true,"href":"https:\/\/www.europesays.com\/fr\/wp-json\/wp\/v2\/categories?post=315494"},{"taxonomy":"post_tag","embeddable":true,"href":"https:\/\/www.europesays.com\/fr\/wp-json\/wp\/v2\/tags?post=315494"}],"curies":[{"name":"wp","href":"https:\/\/api.w.org\/{rel}","templated":true}]}}