{"id":315496,"date":"2025-08-13T04:50:14","date_gmt":"2025-08-13T04:50:14","guid":{"rendered":"https:\/\/www.europesays.com\/fr\/315496\/"},"modified":"2025-08-13T04:50:14","modified_gmt":"2025-08-13T04:50:14","slug":"cyclisme-tour-du-danemark-mads-pedersen-remporte-la-premiere-etape-axel-zingle-deja-loin","status":"publish","type":"post","link":"https:\/\/www.europesays.com\/fr\/315496\/","title":{"rendered":"Cyclisme. Tour du Danemark &#8211; Mads Pedersen remporte la premi\u00e8re \u00e9tape, Axel Zingle d\u00e9j\u00e0 loin"},"content":{"rendered":"<p>Quelle d\u00e9monstration de <strong>Mads Pedersen<\/strong> (Lidl-Trek) ! Le Danois de 29 ans a remport\u00e9 ce mardi la premi\u00e8re \u00e9tape du <strong><a href=\"https:\/\/www.cyclismactu.net\/..\/news-cyclisme-tour-du-danemark-profils-parcours-favoris-postnord-tour-of-denmark-2025-89561.html?utm_campaign=post-auto&amp;utm_medium=twitter&amp;utm_source=mashup-cyclismactu\" rel=\"nofollow noopener\" target=\"_blank\">Tour de Danemark<\/a><\/strong>, largement devant\u00a0<strong>Lukas Kubis<\/strong>\u00a0(Unibet Tietema Rockets) et\u00a0<strong>Conrad Haugsted<\/strong>\u00a0(Team Coloquick). De retour apr\u00e8s plus d&rsquo;un mois d&rsquo;absence,\u00a0<strong>Pedersen <\/strong>avait lanc\u00e9 une attaque d\u00e9cisive dans la deuxi\u00e8me mont\u00e9e de l&rsquo;Helligpeder \u00e0 35 kilom\u00e8tres de l&rsquo;arriv\u00e9e, qui lui a permis de distancer ses principaux rivaux et meilleurs sprinteurs du peloton. Il en profite pour prendre la t\u00eate du classement g\u00e9n\u00e9ral, avant la 2e \u00e9tape mercredi qui devrait \u00e9galement lui convenir. Premier Fran\u00e7ais, <strong>Axel Zingle<\/strong> (Team Visma\u00a0|\u00a0Lease a Bike) termine seulement 12e ce mardi, dans le peloton des battus, \u00e0 38 secondes du vainqueur.<\/p>\n<p>Vid\u00e9o &#8211; Revivez le final de cette 1\u00e8re \u00e9tape au Danemark Lire la suite de l&rsquo;article&#13;<\/p>\n<p>\u00a0<\/p>\n<p>&#13;<br \/>\nLe r\u00e9sum\u00e9 de la course :&#13;<\/p>\n<p>Ce <strong>Tour du Danemark<\/strong> d\u00e9marrait fort avec une premi\u00e8re \u00e9tape de 178 kilom\u00e8tres et 1500m de d\u00e9nivel\u00e9, entre\u00a0Nex\u00f8\u00a0et\u00a0R\u00f8nne sur l&rsquo;\u00eele de Bornholm. D\u00e8s le d\u00e9part, six coureurs se d\u00e9tachent pour former l&rsquo;\u00e9chapp\u00e9e du jour : <strong>Victor\u00a0<\/strong><strong>Vercouillie<\/strong> (Team Flanders-Baloise), <strong>Martin Pluto<\/strong> (BEAT Cycling Club), <strong>Magnus Bak Klaris<\/strong> (Airtox-Carl Ras), <strong>Marius Innhaug\u00a0Dahl<\/strong> (Decathlon AG2R La Mon. Dev.), <strong>Julius Johansen<\/strong> (UAE Team Emirates-XRG)\u00a0et <strong>Conrad Haugsted<\/strong> (Team Coloquick). \u00c0 46 kilom\u00e8tres de l&rsquo;arriv\u00e9e, alors que les coureurs abordaient le premier des 3 passages sur la mont\u00e9e de l&rsquo;Helligpeder (0,7 km \u00e0 7,4% de moyenne), un virage \u00e0 180\u00b0 a forc\u00e9 la majorit\u00e9 du peloton \u00e0 mettre pied \u00e0 terre, une sc\u00e8ne marquante qui s&rsquo;est r\u00e9p\u00e9t\u00e9e au cours des trois passages.<\/p>\n<p>&#13;<\/p>\n<p>Lors du 2e passage, \u00e0 35 kilom\u00e8tres de l&rsquo;arriv\u00e9e, <strong>Mads Pedersen<\/strong> (Lidl-Trek) a d\u00e9cid\u00e9 d&rsquo;acc\u00e9l\u00e9rer apr\u00e8s avoir abord\u00e9 ce m\u00eame virage dans les premi\u00e8res positions, avec seulement le Slovaque\u00a0<strong>Lukas Kubis<\/strong> (Unibet Tietema Rockets) dans sa roue.\u00a0Ils sont rapidement rejoints par <strong>Mattias Skjelmose<\/strong> (Lidl-Trek),\u00a0<strong>Niklas Larsen<\/strong> (BHS-PL Beton Bornholm) et\u00a0<strong>William Blume Levy<\/strong> (Uno-X Mobility), et ce groupe de poursuivants se met en chasse du groupe de t\u00eate. A 11 kilom\u00e8tres de l&rsquo;arriv\u00e9e, ils r\u00e9cup\u00e8rent les derniers membres de l&rsquo;\u00e9chapp\u00e9e, et avec pr\u00e8s d&rsquo;une minute d&rsquo;avance sur le peloton, on sait que la victoire se jouera dans ce groupe. Malgr\u00e9 quelques attaques bien contr\u00f4l\u00e9es par Skjelmose, le Danois Mads Pedersen \u00e9tait au-dessus et a largement domin\u00e9 le sprint final, devant\u00a0<strong>Lukas Kubis<\/strong>\u00a0(Unibet Tietema Rockets) et\u00a0<strong>Conrad Haugsted<\/strong>\u00a0(Team Coloquick).<\/p>\n<p>&#13;<\/p>\n<p>https:\/\/www.cyclismactu.net\/news-cyclisme-tour-du-danemark-profils-parcours-favoris-postnord-tour-of-denmark-2025-89561.html?utm_campaign=post-auto&#038;utm_medium=twitter&#038;utm_source=mashup-cyclismactu<\/p>\n<p>Tour du Danemark &#8211; Classement de la 1\u00e8 \u00e9tape Tour du Danemark &#8211; Classement g\u00e9n\u00e9ral provisoire apr\u00e8s la 1\u00e8 \u00e9tape<\/p>\n","protected":false},"excerpt":{"rendered":"Quelle d\u00e9monstration de Mads Pedersen (Lidl-Trek) ! Le Danois de 29 ans a remport\u00e9 ce mardi la premi\u00e8re&hellip;\n","protected":false},"author":2,"featured_media":315497,"comment_status":"","ping_status":"","sticky":false,"template":"","format":"standard","meta":{"footnotes":""},"categories":[1411],"tags":[1154,207,211,1011,27,209,60,210,45381,212,208,213],"class_list":{"0":"post-315496","1":"post","2":"type-post","3":"status-publish","4":"format-standard","5":"has-post-thumbnail","7":"category-cyclisme","8":"tag-cycling","9":"tag-cyclisme","10":"tag-ffc","11":"tag-fr","12":"tag-france","13":"tag-route","14":"tag-sports","15":"tag-tour-de-france","16":"tag-tour-du-danemark","17":"tag-uci","18":"tag-velo","19":"tag-world-tour"},"share_on_mastodon":{"url":"https:\/\/pubeurope.com\/@fr\/115019659578729914","error":""},"_links":{"self":[{"href":"https:\/\/www.europesays.com\/fr\/wp-json\/wp\/v2\/posts\/315496","targetHints":{"allow":["GET"]}}],"collection":[{"href":"https:\/\/www.europesays.com\/fr\/wp-json\/wp\/v2\/posts"}],"about":[{"href":"https:\/\/www.europesays.com\/fr\/wp-json\/wp\/v2\/types\/post"}],"author":[{"embeddable":true,"href":"https:\/\/www.europesays.com\/fr\/wp-json\/wp\/v2\/users\/2"}],"replies":[{"embeddable":true,"href":"https:\/\/www.europesays.com\/fr\/wp-json\/wp\/v2\/comments?post=315496"}],"version-history":[{"count":0,"href":"https:\/\/www.europesays.com\/fr\/wp-json\/wp\/v2\/posts\/315496\/revisions"}],"wp:featuredmedia":[{"embeddable":true,"href":"https:\/\/www.europesays.com\/fr\/wp-json\/wp\/v2\/media\/315497"}],"wp:attachment":[{"href":"https:\/\/www.europesays.com\/fr\/wp-json\/wp\/v2\/media?parent=315496"}],"wp:term":[{"taxonomy":"category","embeddable":true,"href":"https:\/\/www.europesays.com\/fr\/wp-json\/wp\/v2\/categories?post=315496"},{"taxonomy":"post_tag","embeddable":true,"href":"https:\/\/www.europesays.com\/fr\/wp-json\/wp\/v2\/tags?post=315496"}],"curies":[{"name":"wp","href":"https:\/\/api.w.org\/{rel}","templated":true}]}}