{"id":315498,"date":"2025-08-13T04:51:10","date_gmt":"2025-08-13T04:51:10","guid":{"rendered":"https:\/\/www.europesays.com\/fr\/315498\/"},"modified":"2025-08-13T04:51:10","modified_gmt":"2025-08-13T04:51:10","slug":"psg-tottenham-les-propos-de-nuno-mendes","status":"publish","type":"post","link":"https:\/\/www.europesays.com\/fr\/315498\/","title":{"rendered":"PSG \/ Tottenham &#8211; Les propos de Nuno Mendes"},"content":{"rendered":"<p>\u00c0 la veille du match face \u00e0 Tottenham en Supercoupe<br \/>\nd\u2019Europe, le lat\u00e9ral gauche du PSG, Nuno Mendes, s\u2019est pr\u00e9sent\u00e9 en<br \/>\nconf\u00e9rence de presse.<\/p>\n<p>Le <strong>PSG<\/strong> peut ajouter un nouvelle coupe<br \/>\neurop\u00e9enne dans son armoire \u00e0 troph\u00e9es. Vainqueurs de la<br \/>\n<strong>Ligue des champions<\/strong>, les Rouge &amp; Bleu affrontent<br \/>\n<strong><a href=\"https:\/\/canal-supporters.com\/psg-tottenham-thomas-frank-annonce-un-absent-de-derniere-minute-pour-la-supercoupe-deurope\/\" title=\"\" target=\"_blank\" rel=\"noopener\">Tottenham<\/a><\/strong>, qui a remport\u00e9 la <strong>Ligue<br \/>\nEuropa<\/strong>, ce mercredi \u00e0 <strong>Udine<\/strong><br \/>\n(<strong>Italie<\/strong>) dans le cadre de la <strong><a href=\"https:\/\/fr.uefa.com\/uefasupercup\/\" target=\"_blank\" rel=\"noopener\" title=\"\">Supercoupe d\u2019Europe<\/a><\/strong>. L\u2019occasion de<br \/>\nparfaitement lancer sa saison 2025-2026. Et \u00e0 la veille de cette<br \/>\nrencontre, le lat\u00e9ral gauche du <strong>PSG<\/strong>, <strong>Nuno<br \/>\nMendes<\/strong>, a r\u00e9pondu aux questions des m\u00e9dias en conf\u00e9rence<br \/>\nde presse d\u2019avant-match.<\/p>\n<p>Comment combler<br \/>\nle d\u00e9ficit de pr\u00e9paration ?<\/p>\n<p>\u00ab\u00a0On sait que c\u2019\u00e9tait une saison longue et compliqu\u00e9e.<br \/>\nOn a essay\u00e9 de tout faire pour arriver dans le meilleur \u00e9tat<br \/>\nphysique. On essaie de travailler le cardio aussi. On sait que \u00e7a<br \/>\nva \u00eatre difficile, c\u2019est une grande \u00e9quipe aussi de l\u2019autre c\u00f4t\u00e9.<br \/>\nOn est pr\u00eats pour demain et on va essayer de faire notre<br \/>\nmatch.\u00a0\u00bb<\/p>\n<p>La d\u00e9cision de<br \/>\nlaisser Donnarumma \u00e0 Paris, comme le vit-il en tant que<br \/>\nco\u00e9quipier<\/p>\n<p>\u00ab\u00a0C\u2019est le choix du coach. Nous, on fait notre travail,<br \/>\non s\u2019entra\u00eene et on fait tout pour \u00eatre dans la liste. Le coach<br \/>\nchoisit les joueurs qui sont pr\u00eats pour le match. Moi, je fais mon<br \/>\ntravail. Moi et l\u2019\u00e9quipe, on est pr\u00eats pour demain.\u00a0\u00bb<\/p>\n<p>La question du<br \/>\nBallon d\u2019or peut-elle perturber le vestiaire ?<\/p>\n<p>\u00ab\u00a0Non. on est tous bien et focalis\u00e9s pour le match de<br \/>\ndemain. Moi, je suis tranquille et mes co\u00e9quipiers aussi. Le plus<br \/>\nimportant c\u2019est le match de demain et de rapporter la coupe \u00e0 la<br \/>\nmaison.\u00a0\u00bb<\/p>\n<p>Le plus dur<br \/>\napr\u00e8s une saison intense ?<\/p>\n<p>\u00ab\u00a0Je pense que c\u2019est un peu des deux (physique et<br \/>\nmental). Physiquement, on n\u2019est pas dans l\u2019\u00e9tat physique qu\u2019on veut<br \/>\n\u00eatre. Mentalement aussi, on revient des vacances. On essaye de se<br \/>\nfocaliser sur ce match. C\u2019est le plus important. C\u2019est ce qu\u2019on<br \/>\nessaye de faire, d\u2019arriver en forme pour le match de<br \/>\ndemain.\u00a0\u00bb<\/p>\n<p>Les premiers<br \/>\njours de Zabarnyi et Chevalier avec le groupe<\/p>\n<p>\u00ab\u00a0C\u2019est trop court pour dire des choses sur eux. Ils<br \/>\nsont contents. Ils ont toujours le sourire et ils ont un bon \u00e9tat<br \/>\nphysique. Ils vont beaucoup nous aider cette ann\u00e9e et c\u2019est de \u00e7a<br \/>\nqu\u2019on a besoin.\u00a0\u00bb<\/p>\n<\/p>\n<p>Youtube :<br \/>\n<strong><a href=\"https:\/\/www.youtube.com\/@CanalSupportersParis\" target=\"_blank\" rel=\"noopener\" title=\"\">Canal Supporters<br \/>\nParis<\/a><\/strong><\/p>\n","protected":false},"excerpt":{"rendered":"\u00c0 la veille du match face \u00e0 Tottenham en Supercoupe d\u2019Europe, le lat\u00e9ral gauche du PSG, Nuno Mendes,&hellip;\n","protected":false},"author":2,"featured_media":315499,"comment_status":"","ping_status":"","sticky":false,"template":"","format":"standard","meta":{"footnotes":""},"categories":[1410],"tags":[81,1153,45440,787,63,1011,27,45441,5210,15188,91,92,93,39213,60,42411,43307,96],"class_list":{"0":"post-315498","1":"post","2":"type-post","3":"status-publish","4":"format-standard","5":"has-post-thumbnail","7":"category-football","8":"tag-canal-supporters","9":"tag-conference-de-presse","10":"tag-conference-de-presse-psg","11":"tag-cs","12":"tag-football","13":"tag-fr","14":"tag-france","15":"tag-lateral-psg","16":"tag-nuno-mendes","17":"tag-nuno-mendes-psg","18":"tag-paris-saint-germain","19":"tag-paris-sg","20":"tag-psg","21":"tag-psg-tottenham","22":"tag-sports","23":"tag-supercoupe-deurope","24":"tag-supercoupe-uefa","25":"tag-une"},"share_on_mastodon":{"url":"https:\/\/pubeurope.com\/@fr\/115019663611464855","error":""},"_links":{"self":[{"href":"https:\/\/www.europesays.com\/fr\/wp-json\/wp\/v2\/posts\/315498","targetHints":{"allow":["GET"]}}],"collection":[{"href":"https:\/\/www.europesays.com\/fr\/wp-json\/wp\/v2\/posts"}],"about":[{"href":"https:\/\/www.europesays.com\/fr\/wp-json\/wp\/v2\/types\/post"}],"author":[{"embeddable":true,"href":"https:\/\/www.europesays.com\/fr\/wp-json\/wp\/v2\/users\/2"}],"replies":[{"embeddable":true,"href":"https:\/\/www.europesays.com\/fr\/wp-json\/wp\/v2\/comments?post=315498"}],"version-history":[{"count":0,"href":"https:\/\/www.europesays.com\/fr\/wp-json\/wp\/v2\/posts\/315498\/revisions"}],"wp:featuredmedia":[{"embeddable":true,"href":"https:\/\/www.europesays.com\/fr\/wp-json\/wp\/v2\/media\/315499"}],"wp:attachment":[{"href":"https:\/\/www.europesays.com\/fr\/wp-json\/wp\/v2\/media?parent=315498"}],"wp:term":[{"taxonomy":"category","embeddable":true,"href":"https:\/\/www.europesays.com\/fr\/wp-json\/wp\/v2\/categories?post=315498"},{"taxonomy":"post_tag","embeddable":true,"href":"https:\/\/www.europesays.com\/fr\/wp-json\/wp\/v2\/tags?post=315498"}],"curies":[{"name":"wp","href":"https:\/\/api.w.org\/{rel}","templated":true}]}}