{"id":315503,"date":"2025-08-13T04:54:10","date_gmt":"2025-08-13T04:54:10","guid":{"rendered":"https:\/\/www.europesays.com\/fr\/315503\/"},"modified":"2025-08-13T04:54:10","modified_gmt":"2025-08-13T04:54:10","slug":"voici-le-top-5-des-livres-incontournables-parus-au-format-poche-cette-annee","status":"publish","type":"post","link":"https:\/\/www.europesays.com\/fr\/315503\/","title":{"rendered":"voici le top 5 des livres incontournables parus au format poche cette ann\u00e9e"},"content":{"rendered":"<p>Amazon vous pr\u00e9sente ses meilleures ventes de livres au format poche, pour vous donner des id\u00e9es de lecture en vacances. Cette s\u00e9lection fait la part belle aux autrices et auteurs fran\u00e7ais du moment\u00a0: Virginie Grimaldi, Marie Vareille, Olivier Bal et Michel Bussi.<\/p>\n<p class=\"fig-paragraph\">Livre de vacances par excellence, facile \u00e0 emporter dans la valise, le format poche est le plus pratique de tous. Plusieurs succ\u00e8s r\u00e9cents de librairie ont fait l\u2019objet d\u2019une r\u00e9\u00e9dition dans ce format passe-partout. Si vous cherchez votre lecture du mois d\u2019ao\u00fbt, ou un livre \u00e0 offrir, d\u00e9couvrez la s\u00e9lection Amazon des 5 livres de poche les plus lus du moment. Vous pouvez choisir le nouveau best-seller de Freidda McFadden (La Psy) et des romans d\u2019auteurs fran\u00e7ais \u00e0 succ\u00e8s, comme Virginie Grimaldi (Plus grand que le ciel), Marie Vareille (La derni\u00e8re allumette) ou Olivier Bal (La meute).<\/p>\n<p class=\"fig-body-cta-link\" data-module=\"fig-cta-link\" data-context=\"was @visible\">\n    <a class=\"fig-body-cta-link__link\" href=\"https:\/\/www.amazon.fr\/livre-achat-occasion-litterature-roman\/b?ie=UTF8&amp;node=301061&amp;linkCode=ll2&amp;tag=bd-bp-aout-21&amp;linkId=be737de2cb1423b79ce73bd953c81e5f&amp;language=fr_FR&amp;ref_=as_li_ss_tl\" target=\"_blank\" rel=\"sponsored noopener\" data-js-gtm=\"{&quot;event&quot;:&quot;customEventGA4&quot;,&quot;eventName&quot;:&quot;click_exit&quot;,&quot;button_action&quot;:&quot;crossclick&quot;,&quot;feature&quot;:&quot;Contextuel_bouton&quot;,&quot;feature_details&quot;:&quot;VOIR TOUTE LA LIBRAIRIE AMAZON ICI&quot;,&quot;link_url&quot;:&quot;https:\\\/\\\/www.amazon.fr\\\/livre-achat-occasion-litterature-roman\\\/b?ie=UTF8&amp;node=301061&amp;linkCode=ll2&amp;tag=bd-bp-aout-21&amp;linkId=be737de2cb1423b79ce73bd953c81e5f&amp;language=fr_FR&amp;ref_=as_li_ss_tl&quot;}\"><br \/>\n                VOIR TOUTE LA LIBRAIRIE AMAZON ICI<br \/>\n    <\/a>\n<\/p>\n<p class=\"fig-paragraph\"><strong>3 autres livres \u00e0 (re)d\u00e9couvrir cet \u00e9t\u00e9\u00a0:\u00a0<\/strong><\/p>\n<p>Voici les 5 livres de poche parus en 2025 les plus populaires sur Amazon<\/p>\n<p class=\"fig-paragraph\"><strong>Le livre <\/strong><strong>Plus grand que le ciel<\/strong> <strong>de Virginie Grimaldi<\/strong><\/p>\n<p class=\"fig-paragraph\">Sorti l\u2019an dernier et r\u00e9\u00e9dit\u00e9 au printemps en livre de poche, ce roman de Virginie Grimaldi est la meilleure vente Amazon au rayon Litt\u00e9rature francophone. Vous partez \u00e0 la rencontre d\u2019Elsa et Vincent, 2 personnages touchants \u00e0 l\u2019histoire personnelle mouvement\u00e9e, qui font connaissance dans la salle d\u2019attente de leur psychiatre. Plus grand que le ciel est disponible \u00e0 8,90 euros en livre de poche sur Amazon.<\/p>\n<p class=\"fig-paragraph\"><a href=\"https:\/\/www.amazon.fr\/Plus-grand-ciel-Virginie-Grimaldi\/dp\/2253251674?&amp;linkCode=ll1&amp;tag=bd-bp-aout-21&amp;linkId=f2b117809ecfff2818996d81e984a10c&amp;language=fr_FR&amp;ref_=as_li_ss_tl\" target=\"_blank\" rel=\"sponsored noopener\" data-gtm-custom-categorie=\"navigation\" data-gtm-custom-action=\"crossclick\" data-gtm-custom-label=\"Contextuel\" data-gtm-event=\"customEventSPE\">Cliquez ici pour profiter de l\u2019offre Amazon sur le livre Plus grand que le ciel de Virginie Grimaldi<\/a><\/p>\n<p class=\"fig-paragraph\"><strong>Le livre <\/strong><strong>La Psy<\/strong> <strong>de Freidda McFadden<\/strong><\/p>\n<p class=\"fig-paragraph\">Freidda McFadden s\u2019impose comme LA r\u00e9f\u00e9rence du moment dans le registre du thriller psychologique. Elle signe La Psy, un huis clos dans un manoir isol\u00e9, o\u00f9 de jeunes mari\u00e9s esp\u00e8rent commencer leur nouvelle vie. Mais le pass\u00e9 de l\u2019ancienne propri\u00e9taire des lieux, une psychiatre myst\u00e9rieusement d\u00e9c\u00e9d\u00e9e, refait surface avec tous ses secrets enfouis. Le livre de poche vous attend \u00e0 8,60 euros sur Amazon.<\/p>\n<p class=\"fig-paragraph\"><a href=\"https:\/\/www.amazon.fr\/psy-Freida-McFadden\/dp\/2290415626?&amp;linkCode=ll1&amp;tag=bd-bp-aout-21&amp;linkId=f17c2c7f3d39eeadd1ce699fe7210168&amp;language=fr_FR&amp;ref_=as_li_ss_tl\" target=\"_blank\" rel=\"sponsored noopener\" data-gtm-custom-categorie=\"navigation\" data-gtm-custom-action=\"crossclick\" data-gtm-custom-label=\"Contextuel\" data-gtm-event=\"customEventSPE\">Cliquez ici pour profiter de l\u2019offre Amazon sur le livre La Psy de Freidda McFadden<\/a><\/p>\n<p class=\"fig-paragraph\"><strong>Le livre <\/strong><strong>La derni\u00e8re allumette<\/strong> <strong>de Marie Vareille<\/strong><\/p>\n<p class=\"fig-paragraph\">Abiga\u00eblle m\u00e8ne une vie coup\u00e9e du monde, depuis plus de 20 ans. Elle a refoul\u00e9 les \u00e9v\u00e8nements de l\u2019enfance qui l\u2019ont conduite \u00e0 s\u2019isoler dans ce couvent en Bourgogne. Mais le pass\u00e9 finit par resurgir et se m\u00ealer au pr\u00e9sent. Son fr\u00e8re Gabriel est impliqu\u00e9 dans cette histoire, qui tient le lecteur en haleine du d\u00e9but \u00e0 la fin. Amazon vous propose La derni\u00e8re allumette de Marie Vareille \u00e0 8,90 euros, toujours au format poche.<\/p>\n<p class=\"fig-paragraph\"><a href=\"https:\/\/www.amazon.fr\/Derni%C3%A8re-Allumette-Marie-Vareille\/dp\/2253251038?&amp;linkCode=ll1&amp;tag=bd-bp-aout-21&amp;linkId=36e58794f7faf64a692d253de930c09b&amp;language=fr_FR&amp;ref_=as_li_ss_tl\" target=\"_blank\" rel=\"sponsored noopener\" data-gtm-custom-categorie=\"navigation\" data-gtm-custom-action=\"crossclick\" data-gtm-custom-label=\"Contextuel\" data-gtm-event=\"customEventSPE\">Cliquez ici pour profiter de l\u2019offre Amazon sur le livre La derni\u00e8re allumette de Marie Vareille<\/a><\/p>\n<p class=\"fig-paragraph\"><strong>Le livre <\/strong><strong>La meute<\/strong> <strong>de Olivier Bal<\/strong><\/p>\n<p class=\"fig-paragraph\">Enqu\u00eatrice sp\u00e9cialis\u00e9e en antiterrorisme, Sofia Giordano chasse l\u2019Ange noir, un tueur ultra violent qui s\u00e9lectionne ses victimes dans la haute soci\u00e9t\u00e9. En \u00e9quipe avec le lieutenant Gabriel Geller, elle doit plonger en immersion dans un groupuscule identitaire aux sinistres coutumes, pour parvenir \u00e0 ses fins. Ce polar de 528 pages est mis en sc\u00e8ne dans le sombre ch\u00e2teau de Noirval, sorti de l\u2019imaginaire d\u2019Olivier Bal. \u00c0 d\u00e9couvrir \u00e0 9,90 euros sur Amazon.<\/p>\n<p class=\"fig-paragraph\"><a href=\"https:\/\/www.amazon.fr\/Meute-Nouveaut%C3%A9-poche-r%C3%A9v%C3%A9lations-thriller\/dp\/2266348531?&amp;linkCode=ll1&amp;tag=bd-bp-aout-21&amp;linkId=6104fd0bac8f6d5a80aa800d9a841ca5&amp;language=fr_FR&amp;ref_=as_li_ss_tl\" target=\"_blank\" rel=\"sponsored noopener\" data-gtm-custom-categorie=\"navigation\" data-gtm-custom-action=\"crossclick\" data-gtm-custom-label=\"Contextuel\" data-gtm-event=\"customEventSPE\">Cliquez ici pour profiter de l\u2019offre Amazon sur le livre La Meute de Olivier Bal<\/a><\/p>\n<p class=\"fig-paragraph\"><strong>Le livre <\/strong><strong>Mon c\u0153ur a d\u00e9m\u00e9nag\u00e9<\/strong> <strong>de Michel Bussi<\/strong><\/p>\n<p class=\"fig-paragraph\">Ma\u00eetre du suspense, Michel Bussi raconte l\u2019histoire d\u2019Oph\u00e9lie, une enfant plac\u00e9e en foyer d\u2019accueil apr\u00e8s le d\u00e9c\u00e8s de sa m\u00e8re, battue \u00e0 mort par son p\u00e8re. Elle tente d\u2019\u00e9tablir la v\u00e9rit\u00e9 sur ce drame familial. L\u2019enqu\u00eate, qui s\u2019\u00e9tend sur une vingtaine d\u2019ann\u00e9es, permet de suivre l\u2019itin\u00e9raire tourment\u00e9e de la jeune femme qui cherche d\u00e9sesp\u00e9r\u00e9ment des r\u00e9ponses. Retrouvez le roman Mon c\u0153ur a d\u00e9m\u00e9nag\u00e9 en livre de poche sur Amazon, \u00e0 9,20 euros.<\/p>\n<p class=\"fig-paragraph\"><a href=\"https:\/\/www.amazon.fr\/Mon-coeur-d%C3%A9m%C3%A9nag%C3%A9-Michel-Bussi\/dp\/2266347101?&amp;linkCode=ll1&amp;tag=bd-bp-aout-21&amp;linkId=89a44421c6a4b3249f7378e25a1d16ea&amp;language=fr_FR&amp;ref_=as_li_ss_tl\" target=\"_blank\" rel=\"sponsored noopener\" data-gtm-custom-categorie=\"navigation\" data-gtm-custom-action=\"crossclick\" data-gtm-custom-label=\"Contextuel\" data-gtm-event=\"customEventSPE\">Cliquez ici pour profiter de l\u2019offre Amazon sur le livre Mon c\u0153ur a d\u00e9m\u00e9nag\u00e9 de Michel Bussi<\/a><\/p>\n<p class=\"fig-paragraph\">Contenu con\u00e7u et propos\u00e9 par nos Experts Shopping. L\u2019\u00e9quipe Shopping du Figaro est ind\u00e9pendante de la r\u00e9daction.\u00a0<\/p>\n<p>Les prix mentionn\u00e9s dans cet article le sont \u00e0 titre indicatif. Lorsque vous achetez via nos liens de vente, nous pouvons percevoir une commission d\u2019affiliation.<\/p>\n","protected":false},"excerpt":{"rendered":"Amazon vous pr\u00e9sente ses meilleures ventes de livres au format poche, pour vous donner des id\u00e9es de lecture&hellip;\n","protected":false},"author":2,"featured_media":315504,"comment_status":"","ping_status":"","sticky":false,"template":"","format":"standard","meta":{"footnotes":""},"categories":[1357],"tags":[1379,58,59,1011,27,2003,1380,2004],"class_list":{"0":"post-315503","1":"post","2":"type-post","3":"status-publish","4":"format-standard","5":"has-post-thumbnail","7":"category-livres","8":"tag-books","9":"tag-divertissement","10":"tag-entertainment","11":"tag-fr","12":"tag-france","13":"tag-livre","14":"tag-livres","15":"tag-roman"},"share_on_mastodon":{"url":"https:\/\/pubeurope.com\/@fr\/115019675303845850","error":""},"_links":{"self":[{"href":"https:\/\/www.europesays.com\/fr\/wp-json\/wp\/v2\/posts\/315503","targetHints":{"allow":["GET"]}}],"collection":[{"href":"https:\/\/www.europesays.com\/fr\/wp-json\/wp\/v2\/posts"}],"about":[{"href":"https:\/\/www.europesays.com\/fr\/wp-json\/wp\/v2\/types\/post"}],"author":[{"embeddable":true,"href":"https:\/\/www.europesays.com\/fr\/wp-json\/wp\/v2\/users\/2"}],"replies":[{"embeddable":true,"href":"https:\/\/www.europesays.com\/fr\/wp-json\/wp\/v2\/comments?post=315503"}],"version-history":[{"count":0,"href":"https:\/\/www.europesays.com\/fr\/wp-json\/wp\/v2\/posts\/315503\/revisions"}],"wp:featuredmedia":[{"embeddable":true,"href":"https:\/\/www.europesays.com\/fr\/wp-json\/wp\/v2\/media\/315504"}],"wp:attachment":[{"href":"https:\/\/www.europesays.com\/fr\/wp-json\/wp\/v2\/media?parent=315503"}],"wp:term":[{"taxonomy":"category","embeddable":true,"href":"https:\/\/www.europesays.com\/fr\/wp-json\/wp\/v2\/categories?post=315503"},{"taxonomy":"post_tag","embeddable":true,"href":"https:\/\/www.europesays.com\/fr\/wp-json\/wp\/v2\/tags?post=315503"}],"curies":[{"name":"wp","href":"https:\/\/api.w.org\/{rel}","templated":true}]}}