{"id":315505,"date":"2025-08-13T04:55:40","date_gmt":"2025-08-13T04:55:40","guid":{"rendered":"https:\/\/www.europesays.com\/fr\/315505\/"},"modified":"2025-08-13T04:55:40","modified_gmt":"2025-08-13T04:55:40","slug":"surprise-ce-personnage-va-changer-de-visage","status":"publish","type":"post","link":"https:\/\/www.europesays.com\/fr\/315505\/","title":{"rendered":"Surprise, ce personnage va changer de visage !"},"content":{"rendered":"<p><a href=\"https:\/\/www.programme-tv.net\/news\/series-tv\/352717-maxton-hall-oubliez-elite-on-a-trouve-votre-nouvelle-obsession-et-vous-allez-regretter-que-la-serie-ne-dure-que-5-heures\/\" data-api-deeplink=\"teleloisirs:\/\/news\/352717\" target=\"_blank\" rel=\"noopener\">Apr\u00e8s une premi\u00e8re saison \u00e0 succ\u00e8s sur Prime Video<\/a>, Maxton Hall, <a href=\"https:\/\/www.programme-tv.net\/news\/series-tv\/382548-maxton-hall-saison-2-lautrice-mona-kasten-juge-la-serie-adaptee-de-ses-romans\/\" data-api-deeplink=\"teleloisirs:\/\/news\/382548\" target=\"_blank\" rel=\"noopener\">adapt\u00e9e des romans de Mona Kasten<\/a>, aura bien <b>une suite qui d\u00e9barquera le 7 septembre prochain sur la plateforme de streaming.<\/b> Un tournage qui a \u00e9t\u00e9 particuli\u00e8rement compliqu\u00e9 pour Damian Hardung, l&rsquo;interpr\u00e8te de James. Au micro du podcast Short Take, l&rsquo;acteur a d\u00e9clar\u00e9 : \u00ab\u00a0La deuxi\u00e8me saison est vraiment sombre et il y a beaucoup de chagrin et de traumatisme pour mon personnage. C&rsquo;\u00e9tait vraiment tr\u00e8s dur de tourner \u00e7a. \u00c7a m&rsquo;a vraiment pouss\u00e9 \u00e0 un point o\u00f9 je me suis dit : &lsquo;Je ne sais pas si c&rsquo;est sain aujourd&rsquo;hui.&rsquo; Donc, j&rsquo;ai vraiment h\u00e2te de voir comment \u00e7a se passe \u00e0 l&rsquo;\u00e9cran.\u00a0\u00bb Le com\u00e9dien a ensuite conclu : \u00ab\u00a0J&rsquo;ai le privil\u00e8ge d&rsquo;avoir la perspective d&rsquo;appr\u00e9cier la plupart des choses que je finis par faire, d&rsquo;avoir cette l\u00e9g\u00e8ret\u00e9, qui a un peu disparu lors du tournage de la deuxi\u00e8me saison. J\u2019ai vraiment essay\u00e9 de revenir \u00e0 cet \u00e9tat d&rsquo;esprit.\u00a0\u00bb<\/p>\n<p>                        Que va-t-il se passer dans la saison 2 de Maxton Hall ?<\/p>\n<p>Dans le synopsis officiel de <a href=\"https:\/\/www.programme-tv.net\/news\/series-tv\/354079-maxton-hall-saison-2-intrigues-casting-les-premieres-informations-sur-la-suite-de-la-serie\/\" data-api-deeplink=\"teleloisirs:\/\/news\/354079\" target=\"_blank\" rel=\"noopener\">Maxton Hall saison 2<\/a> d\u00e9voil\u00e9 par Prime Video, on apprend que tout va pour le mieux entre Ruby et James, qui ont pass\u00e9 la nuit ensemble apr\u00e8s leur visite \u00e0 Oxford. Mais une ombre au tableau va rapidement arriver&#8230; Il se trouve que James va \u00eatre compl\u00e8tement an\u00e9anti par la mort de sa m\u00e8re. Un drame qui va le pousser \u00e0 quitter Ruby. Un \u00e9norme coup dur pour la jeune femme, qui aurait aim\u00e9 \u00eatre l\u00e0 pour le soutenir pour traverser cette terrible \u00e9preuve. Ruby aimerait alors retrouver sa vie d&rsquo;avant, celle o\u00f9 personne ne la connaissait \u00e0 Maxton Hall.<\/p>\n<p>De nouveaux com\u00e9diens dans Maxton Hall 2<\/p>\n<p>Cette deuxi\u00e8me saison de Maxton Hall introduira de nouveaux personnages et donc de nouveaux com\u00e9diens. Parmi eux, il y a Dagny Dewath qui incarnera Ophelia Beaufort, la s\u0153ur cadette de James et de sa s\u0153ur jumelle Lydia. De son c\u00f4t\u00e9, Proschat Madani jouera Alice Campbell, une femme d&rsquo;affaires influente qui souhaite r\u00e9compenser Ruby en lui accordant une bourse priv\u00e9e pour l&rsquo;Universit\u00e9 d&rsquo;Oxford. Anna Lucia Gustman, elle, incarnera May Clancey, l&rsquo;assistante perfectionniste de Campbell, tandis que Basil Eidenbenz sera Frederick Ellington, le fr\u00e8re a\u00een\u00e9 d&rsquo;Alistair et Elaine. Quant \u00e0 Laura De Boer, il incarnera le nouvel assistant de Mortimer Beaufort. Pour terminer, Kiro Ebra jouera Forest, un membre de la haute soci\u00e9t\u00e9 britannique qui sympathise avec Alistair, le meilleur ami de James, lors d&rsquo;un gala de charit\u00e9.<\/p>\n<p>            La m\u00e8re de Ruby sera jou\u00e9e par une autre actrice dans la saison 2 de Maxton Hall<\/p>\n<p><b>En revanche, pour cette nouvelle salve d&rsquo;\u00e9pisodes, Gina Henkel remplacera Julia-Maria K\u00f6hler dans le r\u00f4le d&rsquo;Helen Bell, la m\u00e8re de Ruby qui r\u00eave de devenir propri\u00e9taire de la boulangerie o\u00f9 elle travaille.<\/b> Le site am\u00e9ricain Deadline a r\u00e9v\u00e9l\u00e9 que Julia-Maria K\u00f6hler n&rsquo;avait pas pu respecter le timing du tournage.<\/p>\n<p>Article \u00e9crit avec la collaboration de 6m\u00e9dias.<\/p>\n","protected":false},"excerpt":{"rendered":"Apr\u00e8s une premi\u00e8re saison \u00e0 succ\u00e8s sur Prime Video, Maxton Hall, adapt\u00e9e des romans de Mona Kasten, aura&hellip;\n","protected":false},"author":2,"featured_media":315506,"comment_status":"","ping_status":"","sticky":false,"template":"","format":"standard","meta":{"footnotes":""},"categories":[1356],"tags":[4225,244,58,59,1011,27,37082,37080,37081,4224,129,252,1364],"class_list":{"0":"post-315505","1":"post","2":"type-post","3":"status-publish","4":"format-standard","5":"has-post-thumbnail","7":"category-television","8":"tag-amazon-prime-vidu00e9o","9":"tag-commentaire","10":"tag-divertissement","11":"tag-entertainment","12":"tag-fr","13":"tag-france","14":"tag-maxton-hall-le-monde-qui-nous-su00e9pare","15":"tag-maxton-hall-le-monde-qui-nous-su00e9pare-saison-1-52160697","16":"tag-maxton-hall-le-monde-qui-nous-su00e9pare-su00e9rie-52160696","17":"tag-pub-streaming-prime-video","18":"tag-svod","19":"tag-television","20":"tag-tv"},"share_on_mastodon":{"url":"https:\/\/pubeurope.com\/@fr\/115019679691078336","error":""},"_links":{"self":[{"href":"https:\/\/www.europesays.com\/fr\/wp-json\/wp\/v2\/posts\/315505","targetHints":{"allow":["GET"]}}],"collection":[{"href":"https:\/\/www.europesays.com\/fr\/wp-json\/wp\/v2\/posts"}],"about":[{"href":"https:\/\/www.europesays.com\/fr\/wp-json\/wp\/v2\/types\/post"}],"author":[{"embeddable":true,"href":"https:\/\/www.europesays.com\/fr\/wp-json\/wp\/v2\/users\/2"}],"replies":[{"embeddable":true,"href":"https:\/\/www.europesays.com\/fr\/wp-json\/wp\/v2\/comments?post=315505"}],"version-history":[{"count":0,"href":"https:\/\/www.europesays.com\/fr\/wp-json\/wp\/v2\/posts\/315505\/revisions"}],"wp:featuredmedia":[{"embeddable":true,"href":"https:\/\/www.europesays.com\/fr\/wp-json\/wp\/v2\/media\/315506"}],"wp:attachment":[{"href":"https:\/\/www.europesays.com\/fr\/wp-json\/wp\/v2\/media?parent=315505"}],"wp:term":[{"taxonomy":"category","embeddable":true,"href":"https:\/\/www.europesays.com\/fr\/wp-json\/wp\/v2\/categories?post=315505"},{"taxonomy":"post_tag","embeddable":true,"href":"https:\/\/www.europesays.com\/fr\/wp-json\/wp\/v2\/tags?post=315505"}],"curies":[{"name":"wp","href":"https:\/\/api.w.org\/{rel}","templated":true}]}}