{"id":315507,"date":"2025-08-13T04:56:16","date_gmt":"2025-08-13T04:56:16","guid":{"rendered":"https:\/\/www.europesays.com\/fr\/315507\/"},"modified":"2025-08-13T04:56:16","modified_gmt":"2025-08-13T04:56:16","slug":"down-finalise-un-album-extremement-solide-selon-kirk-windstein","status":"publish","type":"post","link":"https:\/\/www.europesays.com\/fr\/315507\/","title":{"rendered":"Down finalise un album \u00ab\u00a0extr\u00eamement solide\u00a0\u00bb selon Kirk Windstein"},"content":{"rendered":"<p><strong>Kirk Windstein d\u00e9taille l\u2019avanc\u00e9e du nouvel album de <a href=\"https:\/\/www.metalzone.fr\/down\/\" rel=\"nofollow noopener\" target=\"_blank\">Down<\/a>, dont les chansons, selon lui, renouent avec l\u2019esprit old-school du groupe, tout en restant impliqu\u00e9 dans ses autres projets malgr\u00e9 des soucis de sant\u00e9.<\/strong><\/p>\n<p>Un album attendu pour 2026, ancr\u00e9 dans l\u2019ADN de Down<\/p>\n<p>Dans une interview avec <a href=\"https:\/\/www.youtube.com\/watch?v=4ylDmEuzwnU\" target=\"_blank\" rel=\"nofollow noopener\">The Five Count<\/a>, Kirk Windstein explique que Down pr\u00e9voit de sortir son prochain album avant l\u2019\u00e9t\u00e9 2026. Les guitares rythmiques, la basse et la batterie sont d\u00e9j\u00e0 enregistr\u00e9es, comme il l\u2019avait indiqu\u00e9 <a href=\"https:\/\/www.metalzone.fr\/news\/218681-down-boucle-moitie-album\/\" target=\"_blank\" rel=\"noopener nofollow\">dans un pr\u00e9c\u00e9dent entretien<\/a>. Les derni\u00e8res \u00e9tapes d\u00e9pendront de <a href=\"https:\/\/www.metalzone.fr\/phil-anselmo\/\" rel=\"nofollow noopener\" target=\"_blank\">Phil Anselmo<\/a>, qui doit encore enregistrer les voix, avant le mixage final.<\/p>\n<p>Le guitariste insiste sur la qualit\u00e9 du mat\u00e9riel : \u201cLes chansons sont extr\u00eamement solides et tr\u00e8s old-school. Elles sont bien construites, bien arrang\u00e9es, avec d\u2019excellents riffs. On est vraiment enthousiastes et je pense que les fans le seront aussi.\u201d Il d\u00e9crit un processus simple et naturel, proche de celui qui avait donn\u00e9 naissance \u00e0 NOLA, premier album culte du groupe.<\/p>\n<p>Entre engagements parall\u00e8les et probl\u00e8mes de sant\u00e9<\/p>\n<p>Windstein rappelle que l\u2019enregistrement a \u00e9t\u00e9 interrompu en raison des tourn\u00e9es parall\u00e8les de chacun des membres. En avril, le groupe a officialis\u00e9 sa signature avec Nuclear Blast Records, un partenariat qualifi\u00e9 de \u201cparfait\u201d par les musiciens.<\/p>\n<p>En parall\u00e8le, le leader de <a href=\"https:\/\/www.metalzone.fr\/crowbar\/\" rel=\"nofollow noopener\" target=\"_blank\">Crowbar<\/a> poursuit ses activit\u00e9s malgr\u00e9 une grave blessure au dos, qui l\u2019oblige \u00e0 jouer assis durant la tourn\u00e9e en cours, comme rapport\u00e9 <a href=\"https:\/\/www.metalzone.fr\/news\/218833-kirk-windstein-jouer-assis-prochaine-tournee-crowbar\/\" target=\"_blank\" rel=\"noopener nofollow\">ici<\/a>. Une d\u00e9termination qui illustre son implication dans chacun de ses projets, qu\u2019il s\u2019agisse de d\u00e9fendre sur sc\u00e8ne le r\u00e9pertoire de Crowbar ou de finaliser ce nouvel album de Down.<\/p>\n<p>Un retour \u00e0 l\u2019essentiel<\/p>\n<p>Windstein estime que cette nouvelle production marque un retour \u00e0 l\u2019essence m\u00eame de Down : spontan\u00e9it\u00e9, efficacit\u00e9 et esprit d\u2019\u00e9quipe. \u201cOn ne complique pas les choses. On se retrouve dans une pi\u00e8ce et on joue. C\u2019est naturel.\u201d Un \u00e9tat d\u2019esprit qui devrait s\u00e9duire les amateurs de la premi\u00e8re heure, douze ans apr\u00e8s la derni\u00e8re v\u00e9ritable session d\u2019enregistrement commune.<\/p><\/p>\n","protected":false},"excerpt":{"rendered":"Kirk Windstein d\u00e9taille l\u2019avanc\u00e9e du nouvel album de Down, dont les chansons, selon lui, renouent avec l\u2019esprit old-school&hellip;\n","protected":false},"author":2,"featured_media":80779,"comment_status":"","ping_status":"","sticky":false,"template":"","format":"standard","meta":{"footnotes":""},"categories":[1355],"tags":[58,59,1011,27,1361,873],"class_list":{"0":"post-315507","1":"post","2":"type-post","3":"status-publish","4":"format-standard","5":"has-post-thumbnail","7":"category-musique","8":"tag-divertissement","9":"tag-entertainment","10":"tag-fr","11":"tag-france","12":"tag-music","13":"tag-musique"},"share_on_mastodon":{"url":"https:\/\/pubeurope.com\/@fr\/115019683174968171","error":""},"_links":{"self":[{"href":"https:\/\/www.europesays.com\/fr\/wp-json\/wp\/v2\/posts\/315507","targetHints":{"allow":["GET"]}}],"collection":[{"href":"https:\/\/www.europesays.com\/fr\/wp-json\/wp\/v2\/posts"}],"about":[{"href":"https:\/\/www.europesays.com\/fr\/wp-json\/wp\/v2\/types\/post"}],"author":[{"embeddable":true,"href":"https:\/\/www.europesays.com\/fr\/wp-json\/wp\/v2\/users\/2"}],"replies":[{"embeddable":true,"href":"https:\/\/www.europesays.com\/fr\/wp-json\/wp\/v2\/comments?post=315507"}],"version-history":[{"count":0,"href":"https:\/\/www.europesays.com\/fr\/wp-json\/wp\/v2\/posts\/315507\/revisions"}],"wp:featuredmedia":[{"embeddable":true,"href":"https:\/\/www.europesays.com\/fr\/wp-json\/wp\/v2\/media\/80779"}],"wp:attachment":[{"href":"https:\/\/www.europesays.com\/fr\/wp-json\/wp\/v2\/media?parent=315507"}],"wp:term":[{"taxonomy":"category","embeddable":true,"href":"https:\/\/www.europesays.com\/fr\/wp-json\/wp\/v2\/categories?post=315507"},{"taxonomy":"post_tag","embeddable":true,"href":"https:\/\/www.europesays.com\/fr\/wp-json\/wp\/v2\/tags?post=315507"}],"curies":[{"name":"wp","href":"https:\/\/api.w.org\/{rel}","templated":true}]}}