{"id":31551,"date":"2025-04-17T11:27:13","date_gmt":"2025-04-17T11:27:13","guid":{"rendered":"https:\/\/www.europesays.com\/fr\/31551\/"},"modified":"2025-04-17T11:27:13","modified_gmt":"2025-04-17T11:27:13","slug":"concertation-pave-du-moulin-actualites","status":"publish","type":"post","link":"https:\/\/www.europesays.com\/fr\/31551\/","title":{"rendered":"Concertation \u00ab\u00a0Pav\u00e9 du Moulin\u00a0\u00bb \/ Actualit\u00e9s"},"content":{"rendered":"<p>La M\u00e9tropole Europ\u00e9enne de Lille a lanc\u00e9 une concertation pour d\u00e9finir l\u2019avenir du\u00a0futur espace naturel \u00ab\u00a0Pav\u00e9 du Moulin \/ chemin Napol\u00e9on\u00a0\u00bb qui se situe entre les communes de Lille, Hellemmes, Lezennes et Villeneuve-d\u2019Ascq.\u00a0<\/p>\n<p>            <img loading=\"lazy\" decoding=\"async\" src=\"\/var\/www\/storage\/images\/mediatheque\/mairie-de-lille\/actualites\/images\/2025\/fevrier\/concertation\/3678238-1-fre-FR\/concertation_news_image_top.png\" width=\"779\" height=\"518\" alt=\"\"\/><\/p>\n<p>Un v\u00e9ritable poumon vert<\/p>\n<p>Le r\u00f4le actuel de cet espace, \u00e0 maintenir ou \u00e0 faire \u00e9voluer, pose aujourd\u2019hui d\u2019importantes questions : il pr\u00e9sente \u00e0 la fois un usage d\u2019agriculture en ville et de promenade des habitants mais il est aussi un lieu de nature \u00e0 fort enjeux \u00e9cologiques puisqu\u2019il s\u2019agit de l\u2019habitat naturel de plusieurs esp\u00e8ces de chauves-souris. Ces habitantes ail\u00e9es y hibernent notamment, au sein d\u2019un important r\u00e9seau souterrain qui prend la forme de puits et de galeries.<\/p>\n<p>Une grande concertation<\/p>\n<p>La M\u00e9tropole Europ\u00e9enne de Lille, en collaboration avec les communes de Lille, Hellemmes et Lezennes, a lanc\u00e9 une grande concertation sur ce secteur.<\/p>\n<p>L\u2019objectif de cette concertation est de prendre en compte\u00a0les besoins des habitants dans la\u00a0conception du futur espace naturel \u00ab\u00a0Pav\u00e9 du Moulin \/ chemin Napol\u00e9on\u00a0\u00bb,\u00a0tout en prot\u00e9geant la biodiversit\u00e9 locale.<\/p>\n<p>L&rsquo;avis des riverains<\/p>\n<p>\nVous avez pu partager vos id\u00e9es et vos attentes pour l\u2019avenir de cet espace gr\u00e2ce au formulaire ouvert \u00e0 tous, du 13 janvier au 3 mars. <br \/>Cette \u00e9tape est maintenant termin\u00e9e, les r\u00e9ponses recueillies permettront d&rsquo;alimenter une \u00e9tude paysag\u00e8re et \u00e9cologique qui orientera le projet.<\/p>\n<p>Un atelier participatif<\/p>\n<p>Apr\u00e8s la premi\u00e8re phase de concertation, rendez-vous le 28 avril pour la suite du projet !<\/p>\n<p><strong>Le lundi 28 avril, de 18h30 \u00e0 20h30 \u00e0 la mairie de Lezennes, participez \u00e0 l\u2019atelier \u00ab\u00a0Du crayon aux d\u00e9cisions\u00a0\u00bb et pr\u00e9parez le futur am\u00e9nagement du secteur. <\/strong><\/p>\n<p>Sur la base de deux sc\u00e9narios issus des contributions citoyennes de la premi\u00e8re phase, venez imaginer votre sc\u00e9nario id\u00e9al et contribuer aux d\u00e9cisions qui fa\u00e7onneront cet espace, entre protection de la faune et de la flore, usages destin\u00e9s aux habitants et agriculture urbaine.<\/p>\n<p>Habitants de Lille, Hellemmes et Lezennes, votre avis compte ! Cet atelier est l\u2019occasion d\u2019\u00e9changer, de co-construire et d\u2019imaginer ensemble un cadre de vie qui vous ressemble.<\/p>\n<p><strong>&gt; <a href=\"https:\/\/participation.lillemetropole.fr\/processes\/Chiropteres\/f\/1106\/meetings\/393\" target=\"_self\" class=\"lien_interne\" rel=\"nofollow noopener\">Inscription \u00e0 l&rsquo;atelier<\/a><\/strong><\/p>\n<p>Plus d&rsquo;infos<\/p>\n<p>\n&gt; <a href=\"https:\/\/participation.lillemetropole.fr\/rails\/active_storage\/blobs\/eyJfcmFpbHMiOnsibWVzc2FnZSI6IkJBaHBBKzlpQVE9PSIsImV4cCI6bnVsbCwicHVyIjoiYmxvYl9pZCJ9fQ==--245dfa118a7b8d241fb0d80a3f9ae0b410ffdbc0\/Cahier%20de%20concertation%20Pav%C3%A9%20du%20Moulin_compressed.pdf\" target=\"_self\" class=\"lien_interne\" rel=\"nofollow noopener\">Le cahier de concertation<\/a><br \/>&gt; Contact : <a href=\"https:\/\/www.lille.fr\/Actualites\/mailto:participationcitoyenne@lillemetropole.fr\" title=\"Cliquez pour ouvrir votre messagerie\" target=\"_self\" class=\"lien_interne\" rel=\"nofollow noopener\">participationcitoyenne@lillemetropole.fr<\/a>\u00a0<\/p>\n","protected":false},"excerpt":{"rendered":"La M\u00e9tropole Europ\u00e9enne de Lille a lanc\u00e9 une concertation pour d\u00e9finir l\u2019avenir du\u00a0futur espace naturel \u00ab\u00a0Pav\u00e9 du Moulin&hellip;\n","protected":false},"author":2,"featured_media":31552,"comment_status":"","ping_status":"","sticky":false,"template":"","format":"standard","meta":{"footnotes":""},"categories":[2815],"tags":[1111,11,4763,1777,674,1011,27,811,1307,5415,12,25],"class_list":{"0":"post-31551","1":"post","2":"type-post","3":"status-publish","4":"format-standard","5":"has-post-thumbnail","7":"category-lille","8":"tag-actu","9":"tag-actualites","10":"tag-agenda","11":"tag-eu","12":"tag-europe","13":"tag-fr","14":"tag-france","15":"tag-hauts-de-france","16":"tag-lille","17":"tag-mairie","18":"tag-news","19":"tag-republique-francaise"},"share_on_mastodon":{"url":"https:\/\/pubeurope.com\/@fr\/114353068195577618","error":""},"_links":{"self":[{"href":"https:\/\/www.europesays.com\/fr\/wp-json\/wp\/v2\/posts\/31551","targetHints":{"allow":["GET"]}}],"collection":[{"href":"https:\/\/www.europesays.com\/fr\/wp-json\/wp\/v2\/posts"}],"about":[{"href":"https:\/\/www.europesays.com\/fr\/wp-json\/wp\/v2\/types\/post"}],"author":[{"embeddable":true,"href":"https:\/\/www.europesays.com\/fr\/wp-json\/wp\/v2\/users\/2"}],"replies":[{"embeddable":true,"href":"https:\/\/www.europesays.com\/fr\/wp-json\/wp\/v2\/comments?post=31551"}],"version-history":[{"count":0,"href":"https:\/\/www.europesays.com\/fr\/wp-json\/wp\/v2\/posts\/31551\/revisions"}],"wp:featuredmedia":[{"embeddable":true,"href":"https:\/\/www.europesays.com\/fr\/wp-json\/wp\/v2\/media\/31552"}],"wp:attachment":[{"href":"https:\/\/www.europesays.com\/fr\/wp-json\/wp\/v2\/media?parent=31551"}],"wp:term":[{"taxonomy":"category","embeddable":true,"href":"https:\/\/www.europesays.com\/fr\/wp-json\/wp\/v2\/categories?post=31551"},{"taxonomy":"post_tag","embeddable":true,"href":"https:\/\/www.europesays.com\/fr\/wp-json\/wp\/v2\/tags?post=31551"}],"curies":[{"name":"wp","href":"https:\/\/api.w.org\/{rel}","templated":true}]}}