{"id":315516,"date":"2025-08-13T05:02:11","date_gmt":"2025-08-13T05:02:11","guid":{"rendered":"https:\/\/www.europesays.com\/fr\/315516\/"},"modified":"2025-08-13T05:02:11","modified_gmt":"2025-08-13T05:02:11","slug":"elon-musk-deterre-la-hache-de-guerre-contre-apple-au-sujet-de-chatgpt","status":"publish","type":"post","link":"https:\/\/www.europesays.com\/fr\/315516\/","title":{"rendered":"Elon Musk d\u00e9terre la hache de guerre contre Apple au sujet de ChatGPT"},"content":{"rendered":"<p>Deux g\u00e9ants de la tech sont en guerre. <a href=\"https:\/\/www.20minutes.fr\/dossier\/elon_musk\" target=\"_blank\" class=\"color-ultramarine c-link\" rel=\"noopener\">Elon Musk<\/a> a accus\u00e9 mardi <a href=\"https:\/\/www.20minutes.fr\/high-tech\/apple\/\" target=\"_blank\" class=\"color-ultramarine c-link\" rel=\"noopener\">Apple<\/a> de favoriser OpenAI et son assistant d\u2019<a href=\"https:\/\/www.20minutes.fr\/dossier\/intelligence_artificielle\" target=\"_blank\" class=\"color-ultramarine c-link\" rel=\"noopener\">intelligence artificielle<\/a> (IA) ChatGPT sur l\u2019App Store, sa plateforme de t\u00e9l\u00e9chargement d\u2019applications. Pour faire valoir ses droits, il a m\u00eame menac\u00e9 la firme californienne de poursuites en justice.<\/p>\n<p>\u00ab\u00a0Apple agit de mani\u00e8re \u00e0 rendre impossible pour toute entreprise d\u2019IA autre qu\u2019OpenAI d\u2019atteindre la premi\u00e8re place sur l\u2019<a href=\"https:\/\/www.20minutes.fr\/dossier\/apple_store\" target=\"_blank\" class=\"color-ultramarine c-link\" rel=\"noopener\">App Store<\/a>, ce qui constitue une violation manifeste des r\u00e8gles de concurrence\u00a0\u00bb, a d\u00e9clar\u00e9 le milliardaire sur son r\u00e9seau social X. xAI, sa soci\u00e9t\u00e9 d\u2019IA qui a d\u00e9velopp\u00e9 l\u2019assistant IA Grok, \u00ab\u00a0va imm\u00e9diatement engager une action en justice\u00a0\u00bb, a-t-il ajout\u00e9.<\/p>\n<p>Une plateforme cruciale pour les \u00e9diteurs<\/p>\n<p>L\u2019App Store permet de t\u00e9l\u00e9charger des applications sur les iPhones et autres appareils de la marque \u00e0 la pomme. Cette plateforme est cruciale pour les \u00e9diteurs qui esp\u00e8rent \u00eatre choisis par les consommateurs. Elle met en avant les applications les plus populaires du moment, dans diff\u00e9rentes cat\u00e9gories, en fonction notamment des avis, des notes et du nombre de t\u00e9l\u00e9chargements.<\/p>\n<\/p>\n<p>Sous le message de Musk sur X, des utilisateurs ont ajout\u00e9 des notes de contexte (le syst\u00e8me de lutte contre la d\u00e9sinformation sur le r\u00e9seau social), citant des articles de presse avec des titres tels que \u00ab\u00a0En janvier\u00a02025, DeepSeek \u00e9tait l\u2019appli num\u00e9ro\u00a01 toutes cat\u00e9gories sur l\u2019App Store\u00a0\u00bb. DeepSeek est une start-up chinoise d\u2019IA qui s\u2019est fait conna\u00eetre cette ann\u00e9e gr\u00e2ce \u00e0 la popularit\u00e9 de son assistant IA \u00e9ponyme.<\/p>\n<p>Elon Musk a fait partie de l\u2019\u00e9quipe de 11 personnes qui a fond\u00e9 OpenAI en\u00a02015, apportant un financement initial de 45\u00a0millions de dollars. Mais il a quitt\u00e9 l\u2019entreprise en\u00a02018 et ne cesse de l\u2019attaquer depuis le succ\u00e8s ph\u00e9nom\u00e9nal de <a href=\"https:\/\/www.20minutes.fr\/20-mint\/chatgpt\/\" target=\"_blank\" class=\"color-ultramarine c-link\" rel=\"noopener\">ChatGPT<\/a> fin\u00a02022. Il a d\u2019ailleurs entrepris une action en justice contre la star de la Silicon Valley qui aurait selon lui trahi ses valeurs, et a aussi propos\u00e9 de la racheter.<\/p>\n<p>Apple dans le viseur de la justice<\/p>\n<p>Comme les autres g\u00e9ants des technologies, Apple fait face \u00e0 des poursuites judiciaires de la part des autorit\u00e9s de la concurrence am\u00e9ricaines et europ\u00e9ennes. Son App Store est notamment au c\u0153ur d\u2019une dispute qui dure depuis plusieurs ann\u00e9es avec Epic Games, l\u2019\u00e9diteur du jeu vid\u00e9o Fortnite.<\/p>\n<p><a href=\"https:\/\/www.20minutes.fr\/dossier\/intelligence_artificielle\" target=\"_blank\" class=\"c-link c-btn c-btn--primary\" rel=\"noopener\">Notre dossier sur l&rsquo;Intelligence artificielle<\/a><\/p>\n<p>Selon Epic et d\u2019autres d\u00e9veloppeurs, Google et Apple ont un duopole sur le march\u00e9 des applications mobiles avec leurs syst\u00e8mes d\u2019exploitation mobile iOS et Android, et abusent de leur position dominante en imposant leurs propres plateformes de t\u00e9l\u00e9chargement et de paiement, et en pr\u00e9levant des commissions importantes sur les d\u00e9penses des utilisateurs. Un tribunal am\u00e9ricain a estim\u00e9 fin\u00a02021 qu\u2019Apple ne pouvait plus imposer aux \u00e9diteurs d\u2019applications de passer par l\u2019App Store et son syst\u00e8me de paiement.<\/p>\n","protected":false},"excerpt":{"rendered":"Deux g\u00e9ants de la tech sont en guerre. Elon Musk a accus\u00e9 mardi Apple de favoriser OpenAI et&hellip;\n","protected":false},"author":2,"featured_media":315517,"comment_status":"","ping_status":"","sticky":false,"template":"","format":"standard","meta":{"footnotes":""},"categories":[6],"tags":[733,45444,35,141,33,34,46,73,1011,27,142,3995,143,133],"class_list":{"0":"post-315516","1":"post","2":"type-post","3":"status-publish","4":"format-standard","5":"has-post-thumbnail","7":"category-economie","8":"tag-apple","9":"tag-apple-store","10":"tag-business","11":"tag-chatgpt","12":"tag-economie","13":"tag-economy","14":"tag-elon-musk","15":"tag-etats-unis","16":"tag-fr","17":"tag-france","18":"tag-high-tech","19":"tag-intelligence-artificielle-ia","20":"tag-openai","21":"tag-video"},"share_on_mastodon":{"url":"https:\/\/pubeurope.com\/@fr\/115019706813220898","error":""},"_links":{"self":[{"href":"https:\/\/www.europesays.com\/fr\/wp-json\/wp\/v2\/posts\/315516","targetHints":{"allow":["GET"]}}],"collection":[{"href":"https:\/\/www.europesays.com\/fr\/wp-json\/wp\/v2\/posts"}],"about":[{"href":"https:\/\/www.europesays.com\/fr\/wp-json\/wp\/v2\/types\/post"}],"author":[{"embeddable":true,"href":"https:\/\/www.europesays.com\/fr\/wp-json\/wp\/v2\/users\/2"}],"replies":[{"embeddable":true,"href":"https:\/\/www.europesays.com\/fr\/wp-json\/wp\/v2\/comments?post=315516"}],"version-history":[{"count":0,"href":"https:\/\/www.europesays.com\/fr\/wp-json\/wp\/v2\/posts\/315516\/revisions"}],"wp:featuredmedia":[{"embeddable":true,"href":"https:\/\/www.europesays.com\/fr\/wp-json\/wp\/v2\/media\/315517"}],"wp:attachment":[{"href":"https:\/\/www.europesays.com\/fr\/wp-json\/wp\/v2\/media?parent=315516"}],"wp:term":[{"taxonomy":"category","embeddable":true,"href":"https:\/\/www.europesays.com\/fr\/wp-json\/wp\/v2\/categories?post=315516"},{"taxonomy":"post_tag","embeddable":true,"href":"https:\/\/www.europesays.com\/fr\/wp-json\/wp\/v2\/tags?post=315516"}],"curies":[{"name":"wp","href":"https:\/\/api.w.org\/{rel}","templated":true}]}}