{"id":315518,"date":"2025-08-13T05:03:09","date_gmt":"2025-08-13T05:03:09","guid":{"rendered":"https:\/\/www.europesays.com\/fr\/315518\/"},"modified":"2025-08-13T05:03:09","modified_gmt":"2025-08-13T05:03:09","slug":"les-premiers-soldats-de-la-garde-nationale-deployes-dans-les-rues-de-washington","status":"publish","type":"post","link":"https:\/\/www.europesays.com\/fr\/315518\/","title":{"rendered":"les premiers soldats de la Garde nationale d\u00e9ploy\u00e9s dans les rues de Washington"},"content":{"rendered":"<p>Au lendemain de l\u2019annonce par Donald Trump de la mobilisation de la Garde Nationale pour lutter contre la criminalit\u00e9 et le vagabondage dans la capitale f\u00e9d\u00e9rale, des r\u00e9servistes ont fait leur apparition au centre de la ville mardi soir.<\/p>\n<p class=\"fig-paragraph\">Les premiers soldats de la Garde nationale ont \u00e9t\u00e9 d\u00e9ploy\u00e9s mardi 12 ao\u00fbt en fin de journ\u00e9e dans les rues de\u00a0<a href=\"https:\/\/www.lefigaro.fr\/tag\/washington\" target=\"_blank\" rel=\"sponsored noopener\" data-gtm-custom-categorie=\"navigation\" data-gtm-custom-action=\"crossclick\" data-gtm-custom-label=\"Contextuel\" data-gtm-event=\"customEventSPE\">Washington<\/a>. Cinq blind\u00e9s Humvee beiges sont apparus sur le National Mall au cr\u00e9puscule et se sont gar\u00e9s non loin de l\u2019ob\u00e9lisque g\u00e9ant du monument \u00e0 George Washington. La dizaine de r\u00e9servistes, sans armes, se sont tenus pr\u00e8s de leurs v\u00e9hicules sous le regard des touristes, sans engager la conversation. Ces soldats \u00e9taient les premiers visibles depuis la mobilisation de la Garde nationale par\u00a0<a href=\"https:\/\/www.lefigaro.fr\/tag\/donald-trump\" target=\"_blank\" rel=\"noopener\" data-gtm-custom-categorie=\"navigation\" data-gtm-custom-action=\"crossclick\" data-gtm-custom-label=\"Contextuel\" data-gtm-event=\"customEventSPE\">Donald Trump<\/a>\u00a0dans le District de Columbia.<\/p>\n<p class=\"fig-paragraph\">\u00c0 la nuit tomb\u00e9e, les soldats avaient disparu, laissant la Police des Parcs patrouiller sur le Mall, l\u2019une des parties de Washington d\u00e9j\u00e0 sous juridiction f\u00e9d\u00e9rale. Mais le Pentagone a annonc\u00e9 que le nombre de militaires mobilis\u00e9s irait croissant dans les prochains jours. En tout, 800 r\u00e9servistes pourraient \u00eatre d\u00e9ploy\u00e9s. Mais\u00a0<a href=\"http:\/\/www.lefigaro.fr\/international\/c-est-plus-violent-qu-a-bagdad-trump-deploie-l-armee-dans-les-rues-de-washington-20250811\" target=\"_blank\" data-fig-type=\"Article\" rel=\"noopener\" data-gtm-custom-categorie=\"navigation\" data-gtm-custom-action=\"crossclick\" data-gtm-custom-label=\"Contextuel\" data-gtm-event=\"customEventSPE\" data-fig-domain=\"LEFIGARO\">le d\u00e9ploiement de soldats<\/a>\u00a0a surtout valeur de symbole. Elle est l\u2019expression directe du pouvoir pr\u00e9sidentiel, puisque le District\u2026<\/p>\n<p class=\"fig-premium-paywall__infos\">\n        Cet article est r\u00e9serv\u00e9 aux abonn\u00e9s.        Il vous reste 73% \u00e0 d\u00e9couvrir.\n    <\/p>\n<p>                <img  data- alt=\"Le Figaro\" class=\"fig-img--complete fig-img\"\/><\/p>\n<p class=\"fig-premium-paywall__title\">Vous avez envie de lire la suite ?<\/p>\n<p class=\"fig-premium-paywall__subtitle\">D\u00e9bloquez tous les articles imm\u00e9diatement.<\/p>\n<p class=\"fig-premium-paywall__connect\">\n                D\u00e9j\u00e0 abonn\u00e9\u00a0?                <a class=\"fig-premium-paywall__connect-link\" href=\"https:\/\/connect.lefigaro.fr\/login?client=horizon_web&amp;type=main&amp;redirect_uri=https%3A%2F%2Fwww.lefigaro.fr%2Finternational%2Fles-premiers-soldats-deployes-dans-les-rues-de-washington-20250813\" data-js-gtm=\"{&quot;customCategorie&quot;: &quot;conversion&quot;, &quot;customAction&quot;: &quot;before_Landing_Connexion_paywall_auto&quot;, &quot;customLabel&quot;: &quot;bGVmaWdhcm8uZnJfXzFmMDc3ZjBlLTBkMzQtNmYxYS1hZWE3LTAxOTdjOThhYmQ1Ml9fQXJ0aWNsZQ==_\u00c9tats-Unis\u00a0: les premiers soldats de la Garde nationale d\u00e9ploy\u00e9s dans les rues de Washington_454&quot;, &quot;customIDSPE&quot;: &quot;bGVmaWdhcm8uZnJfXzFmMDc3ZjBlLTBkMzQtNmYxYS1hZWE3LTAxOTdjOThhYmQ1Ml9fQXJ0aWNsZQ==&quot;, &quot;event&quot;: &quot;customEventSPE&quot;}\" target=\"_blank\" rel=\"noopener\"><br \/>\n                    Connectez-vous<br \/>\n                <\/a>\n            <\/p>\n","protected":false},"excerpt":{"rendered":"Au lendemain de l\u2019annonce par Donald Trump de la mobilisation de la Garde Nationale pour lutter contre la&hellip;\n","protected":false},"author":2,"featured_media":315519,"comment_status":"","ping_status":"","sticky":false,"template":"","format":"standard","meta":{"footnotes":""},"categories":[5],"tags":[11,75,1011,27,14,12,9030,28],"class_list":{"0":"post-315518","1":"post","2":"type-post","3":"status-publish","4":"format-standard","5":"has-post-thumbnail","7":"category-international","8":"tag-actualites","9":"tag-donald-trump","10":"tag-fr","11":"tag-france","12":"tag-international","13":"tag-news","14":"tag-washington-dc","15":"tag-world"},"share_on_mastodon":{"url":"https:\/\/pubeurope.com\/@fr\/115019710712395196","error":""},"_links":{"self":[{"href":"https:\/\/www.europesays.com\/fr\/wp-json\/wp\/v2\/posts\/315518","targetHints":{"allow":["GET"]}}],"collection":[{"href":"https:\/\/www.europesays.com\/fr\/wp-json\/wp\/v2\/posts"}],"about":[{"href":"https:\/\/www.europesays.com\/fr\/wp-json\/wp\/v2\/types\/post"}],"author":[{"embeddable":true,"href":"https:\/\/www.europesays.com\/fr\/wp-json\/wp\/v2\/users\/2"}],"replies":[{"embeddable":true,"href":"https:\/\/www.europesays.com\/fr\/wp-json\/wp\/v2\/comments?post=315518"}],"version-history":[{"count":0,"href":"https:\/\/www.europesays.com\/fr\/wp-json\/wp\/v2\/posts\/315518\/revisions"}],"wp:featuredmedia":[{"embeddable":true,"href":"https:\/\/www.europesays.com\/fr\/wp-json\/wp\/v2\/media\/315519"}],"wp:attachment":[{"href":"https:\/\/www.europesays.com\/fr\/wp-json\/wp\/v2\/media?parent=315518"}],"wp:term":[{"taxonomy":"category","embeddable":true,"href":"https:\/\/www.europesays.com\/fr\/wp-json\/wp\/v2\/categories?post=315518"},{"taxonomy":"post_tag","embeddable":true,"href":"https:\/\/www.europesays.com\/fr\/wp-json\/wp\/v2\/tags?post=315518"}],"curies":[{"name":"wp","href":"https:\/\/api.w.org\/{rel}","templated":true}]}}