{"id":315524,"date":"2025-08-13T05:06:13","date_gmt":"2025-08-13T05:06:13","guid":{"rendered":"https:\/\/www.europesays.com\/fr\/315524\/"},"modified":"2025-08-13T05:06:13","modified_gmt":"2025-08-13T05:06:13","slug":"a-rochetaillee-lincontournable-cafe-du-chateau","status":"publish","type":"post","link":"https:\/\/www.europesays.com\/fr\/315524\/","title":{"rendered":"\u00e0 Rochetaill\u00e9e, l&rsquo;incontournable Caf\u00e9 du Ch\u00e2teau"},"content":{"rendered":"<p>Rest\u00e9 ferm\u00e9 pendant quelques ann\u00e9es, le Caf\u00e9 du Ch\u00e2teau, au c\u0153ur du village de Rochetaill\u00e9e, a chang\u00e9 de propri\u00e9taire en 2021 et rouvert en juillet\u00a02022. Le nouveau patron, <a href=\"https:\/\/www.leprogres.fr\/culture-loisirs\/2025\/06\/26\/concert-au-cafe-du-chateau-on-ouvre-la-saison-d-ete-du-bar\" target=\"_blank\" rel=\"noopener\">Anthony Boher<\/a>, a su en faire un lieu de rencontres qui brasse les diff\u00e9rentes g\u00e9n\u00e9rations des alentours tout en dynamisant la vie du village, renouant ainsi avec la tradition de l\u2019\u00e9tablissement.<\/p>\n<p>\u00ab On est oblig\u00e9s de faire plein de choses \u00bb<\/p>\n<p>\u00ab\u00a0On est oblig\u00e9s de faire plein de choses, on fait plus qu\u2019un bar classique\u00a0\u00bb, souligne <a href=\"https:\/\/www.leprogres.fr\/culture-loisirs\/2025\/06\/26\/concert-au-cafe-du-chateau-on-ouvre-la-saison-d-ete-du-bar\" target=\"_blank\" rel=\"noopener\">Anthony Boer<\/a>. Ainsi, l\u2019\u00e9tablissement propose des pizzas \u00e0 emporter ou \u00e0 d\u00e9guster sur place. Une initiative qui a co\u00efncid\u00e9 avec la fermeture de la pizzeria du village, Marianto, qui \u00e9tait&#8230;<\/p>\n","protected":false},"excerpt":{"rendered":"Rest\u00e9 ferm\u00e9 pendant quelques ann\u00e9es, le Caf\u00e9 du Ch\u00e2teau, au c\u0153ur du village de Rochetaill\u00e9e, a chang\u00e9 de&hellip;\n","protected":false},"author":2,"featured_media":315525,"comment_status":"","ping_status":"","sticky":false,"template":"","format":"standard","meta":{"footnotes":""},"categories":[9653],"tags":[1111,11,2430,4406,33,7539,1777,674,1011,27,12,25,32120,4001,9664],"class_list":{"0":"post-315524","1":"post","2":"type-post","3":"status-publish","4":"format-standard","5":"has-post-thumbnail","7":"category-saint-etienne","8":"tag-actu","9":"tag-actualites","10":"tag-auvergne-rhone-alpes","11":"tag-commerce-et-services","12":"tag-economie","13":"tag-edition-loire-sud","14":"tag-eu","15":"tag-europe","16":"tag-fr","17":"tag-france","18":"tag-news","19":"tag-republique-francaise","20":"tag-rochetaillee","21":"tag-saint-etienne","22":"tag-saint-etienne-bassin"},"share_on_mastodon":{"url":"https:\/\/pubeurope.com\/@fr\/115019722438627047","error":""},"_links":{"self":[{"href":"https:\/\/www.europesays.com\/fr\/wp-json\/wp\/v2\/posts\/315524","targetHints":{"allow":["GET"]}}],"collection":[{"href":"https:\/\/www.europesays.com\/fr\/wp-json\/wp\/v2\/posts"}],"about":[{"href":"https:\/\/www.europesays.com\/fr\/wp-json\/wp\/v2\/types\/post"}],"author":[{"embeddable":true,"href":"https:\/\/www.europesays.com\/fr\/wp-json\/wp\/v2\/users\/2"}],"replies":[{"embeddable":true,"href":"https:\/\/www.europesays.com\/fr\/wp-json\/wp\/v2\/comments?post=315524"}],"version-history":[{"count":0,"href":"https:\/\/www.europesays.com\/fr\/wp-json\/wp\/v2\/posts\/315524\/revisions"}],"wp:featuredmedia":[{"embeddable":true,"href":"https:\/\/www.europesays.com\/fr\/wp-json\/wp\/v2\/media\/315525"}],"wp:attachment":[{"href":"https:\/\/www.europesays.com\/fr\/wp-json\/wp\/v2\/media?parent=315524"}],"wp:term":[{"taxonomy":"category","embeddable":true,"href":"https:\/\/www.europesays.com\/fr\/wp-json\/wp\/v2\/categories?post=315524"},{"taxonomy":"post_tag","embeddable":true,"href":"https:\/\/www.europesays.com\/fr\/wp-json\/wp\/v2\/tags?post=315524"}],"curies":[{"name":"wp","href":"https:\/\/api.w.org\/{rel}","templated":true}]}}