{"id":31553,"date":"2025-04-17T11:28:08","date_gmt":"2025-04-17T11:28:08","guid":{"rendered":"https:\/\/www.europesays.com\/fr\/31553\/"},"modified":"2025-04-17T11:28:08","modified_gmt":"2025-04-17T11:28:08","slug":"prison-ferme-pour-avoir-mis-en-danger-des-pompiers-a-marseille","status":"publish","type":"post","link":"https:\/\/www.europesays.com\/fr\/31553\/","title":{"rendered":"prison ferme pour avoir mis en danger des pompiers \u00e0 Marseille"},"content":{"rendered":"<p>\u00ab\u00a0J\u2019ai voulu faire le justicier de la route, comme d\u2019habitude. C\u2019est mon d\u00e9faut.\u00a0\u00bb Dans le box, Zouheir M. a perdu de sa superbe, ce mardi 15\u00a0avril, devant la justice, la vraie. Le presque quadrag\u00e9naire au teint cireux comparait pour outrages et mise en danger de quatre pompiers du Service d\u00e9partemental d\u2019incendie et de secours des Bouches-du-Rh\u00f4ne (Sdis 13) une dizaine de jours plus t\u00f4t. Ce 6\u00a0avril, il se trouvait sur l\u2019autoroute au nord de <a href=\"https:\/\/www.laprovence.com\/ville\/marseille\" target=\"_blank\" rel=\"noopener\">Marseille<\/a>, \u00e0 hauteur de <a href=\"https:\/\/www.laprovence.com\/article\/region\/3128687125594615\/enteriner-le-trace-du-tramway-jusqua-saint-antoine-cette-annee-lance-la-maire-des-15e-16e-a-marseille\" target=\"_blank\" rel=\"noopener\">Saint-Antoine<\/a>, lorsqu\u2019il a vu le camion rouge des soldats du feu s\u2019ins\u00e9rer dans la circulation. Ces derniers revenaient de <a href=\"https:\/\/www.laprovence.com\/article\/region\/5445502194274214\/de-lhopital-nord-a-la-bonne-mere-a-marseille-un-soignant-court-24-heures-non-stop-pour-les-enfants-malades\" target=\"_blank\" rel=\"noopener\">l\u2019h\u00f4pital Nord<\/a>, o\u00f9 ils avaient d\u00e9pos\u00e9 la victime d\u2019un accident de la route survenu \u00e0 <a href=\"https:\/\/www.laprovence.com\/article\/region\/575939099914614\/toujours-plus-d-endettement-a-rognac-les-orientations-budgetaires-font-monter-le-ton-au-conseil-municipal\" target=\"_blank\" rel=\"noopener\">Rognac<\/a> quelques instants plus t\u00f4t.<\/p>\n","protected":false},"excerpt":{"rendered":"\u00ab\u00a0J\u2019ai voulu faire le justicier de la route, comme d\u2019habitude. C\u2019est mon d\u00e9faut.\u00a0\u00bb Dans le box, Zouheir M.&hellip;\n","protected":false},"author":2,"featured_media":31554,"comment_status":"","ping_status":"","sticky":false,"template":"","format":"standard","meta":{"footnotes":""},"categories":[2814],"tags":[17,1111,11,8652,10712,1777,674,274,1011,27,4933,152,884,12,10711,471,882,10710,25],"class_list":{"0":"post-31553","1":"post","2":"type-post","3":"status-publish","4":"format-standard","5":"has-post-thumbnail","7":"category-marseille","8":"tag-17","9":"tag-actu","10":"tag-actualites","11":"tag-condamne","12":"tag-crachats","13":"tag-eu","14":"tag-europe","15":"tag-faits-divers-justice","16":"tag-fr","17":"tag-france","18":"tag-homme","19":"tag-insultes","20":"tag-marseille","21":"tag-news","22":"tag-poisson","23":"tag-pour","24":"tag-provence-alpes-cote-dazur","25":"tag-queue","26":"tag-republique-francaise"},"share_on_mastodon":{"url":"https:\/\/pubeurope.com\/@fr\/114353071971583147","error":""},"_links":{"self":[{"href":"https:\/\/www.europesays.com\/fr\/wp-json\/wp\/v2\/posts\/31553","targetHints":{"allow":["GET"]}}],"collection":[{"href":"https:\/\/www.europesays.com\/fr\/wp-json\/wp\/v2\/posts"}],"about":[{"href":"https:\/\/www.europesays.com\/fr\/wp-json\/wp\/v2\/types\/post"}],"author":[{"embeddable":true,"href":"https:\/\/www.europesays.com\/fr\/wp-json\/wp\/v2\/users\/2"}],"replies":[{"embeddable":true,"href":"https:\/\/www.europesays.com\/fr\/wp-json\/wp\/v2\/comments?post=31553"}],"version-history":[{"count":0,"href":"https:\/\/www.europesays.com\/fr\/wp-json\/wp\/v2\/posts\/31553\/revisions"}],"wp:featuredmedia":[{"embeddable":true,"href":"https:\/\/www.europesays.com\/fr\/wp-json\/wp\/v2\/media\/31554"}],"wp:attachment":[{"href":"https:\/\/www.europesays.com\/fr\/wp-json\/wp\/v2\/media?parent=31553"}],"wp:term":[{"taxonomy":"category","embeddable":true,"href":"https:\/\/www.europesays.com\/fr\/wp-json\/wp\/v2\/categories?post=31553"},{"taxonomy":"post_tag","embeddable":true,"href":"https:\/\/www.europesays.com\/fr\/wp-json\/wp\/v2\/tags?post=31553"}],"curies":[{"name":"wp","href":"https:\/\/api.w.org\/{rel}","templated":true}]}}