{"id":315538,"date":"2025-08-13T05:20:58","date_gmt":"2025-08-13T05:20:58","guid":{"rendered":"https:\/\/www.europesays.com\/fr\/315538\/"},"modified":"2025-08-13T05:20:58","modified_gmt":"2025-08-13T05:20:58","slug":"concert-concert-misatango-de-martin-palmeri-par-chartreuse-en-choeurs-a-grenoble-eglise-saint-bruno-voiron-places-billets-reservations","status":"publish","type":"post","link":"https:\/\/www.europesays.com\/fr\/315538\/","title":{"rendered":"Concert Concert Misatango de Martin Palmeri par Chartreuse en Choeurs \u00e0 Grenoble, Eglise Saint Bruno Voiron : places, billets, r\u00e9servations"},"content":{"rendered":"<p class=\"fw-bold font-size-16 my-1\"> Le 28\/09\/2025<\/p>\n<p class=\"fw-bold font-size-16 my-1\"> <a class=\"mr-2\" href=\"https:\/\/www.jds.fr\/grenoble\/voiron\/eglise\/eglise-saint-bruno-16335_L\" rel=\"nofollow noopener\" target=\"_blank\">Eglise Saint Bruno<\/a> | <a href=\"https:\/\/www.jds.fr\/grenoble\/voiron-19411_V\" rel=\"nofollow noopener\" target=\"_blank\">Voiron<\/a><\/p>\n<p class=\"fw-bold font-size-16 my-1\"> Entr\u00e9e 20\u20ac &#8211; Gratuit moins de 16 ans <\/p>\n<p>Chartreuse e, Choeurs et ses 70 choristes interpr\u00e8tent la Misatango de Martin Palmeri, compositeur argentin qui nous fait l&rsquo;honneur de nous accompagner au piano. Pascal Bongiraud dirige le choeur avec Martin Palmeri au piano, le quintette \u00e0 cordes Ad Libitum, la soliste Faustine Egiziano, le bandon\u00e9oniste J\u00e9r\u00e9my Vannereau.<\/p>\n<p><a data-lightbox=\"article\" data-title=\"Concert Misatango de Martin Palmeri par Chartreuse en Choeurs \u00a9 Chartreuse en Choeurs\" class=\"image detail   position-relative d-block\" href=\"https:\/\/www.jds.fr\/medias\/image\/0-21535000-1754910479-692367-920-0-F.webp\" title=\"Concert Misatango de Martin Palmeri par Chartreuse en Choeurs \u00a9 Chartreuse en Choeurs\" rel=\"nofollow noopener\" target=\"_blank\"><br \/>\n<img decoding=\"async\" loading=\"lazy\" src=\"https:\/\/www.europesays.com\/fr\/wp-content\/uploads\/2025\/08\/0-21535000-1754910479-692367-1200-0.webp.webp\"   width=\"685\" alt=\"Concert Misatango de Martin Palmeri par Chartreuse en Choeurs\" class=\"border\"\/><br \/>\n\u00a9 Chartreuse en Choeurs<br \/>\nConcert Misatango de Martin Palmeri par Chartreuse en Choeurs<br \/>\n<\/a><\/p>\n<p>Si cette oeuvre est \u00e9crite sur le mod\u00e8le classique d&rsquo;une messe en latin, l&rsquo;orchestration de Martin Palmeri marque son originalit\u00e9 en se posant sur des rythmes de tango argentin, soutenus par le bandon\u00e9on, instrument phare de ce style de musique.<\/p>\n<p>Ainsi ce classique contemporain de la musique sacr\u00e9e rejoint un large public, par son c\u00f4t\u00e9 rythm\u00e9, enlev\u00e9 et n\u00e9anmoins porteur du message de paix universelle.<\/p>\n<p>Chartreuse en Choeurs propose 6 concerts\u00a0: St Laurent du Pont (salle des f\u00eates du Revol le 27 septembre \u00e0 20h30), Voiron (\u00e9glise St Bruno le 28 septembre \u00e0 17h00), Bassens (\u00e9glise Ste Th\u00e9r\u00e8se le 3 octobre \u00e0 20h30), Grenoble (Basilique St Joseph le 4 octobre \u00e0 20h30), St Antoine l&rsquo;Abbaye (\u00e9glise abbatiale le 11 octobre \u00e0 20h30), Le Pont de Beauvoisin Savoie (\u00e9glise des Carmes le 12 octobre \u00e0 17h00)<\/p>\n<p>            Renseignements<\/p>\n<p><strong class=\"font-size-18\">O\u00f9\u00a0:<\/strong><br \/><a class=\"mt-1 d-block \" href=\"https:\/\/www.jds.fr\/grenoble\/voiron\/eglise\/eglise-saint-bruno-16335_L\" rel=\"nofollow noopener\" target=\"_blank\"> Eglise Saint Bruno &#8211; Voiron<\/a><a class=\"mt-1 d-block ps-4\" href=\"https:\/\/www.jds.fr\/grenoble\/voiron-19411_V\" rel=\"nofollow noopener\" target=\"_blank\"> 38500 Voiron<\/a><\/p>\n<p>Dates et horaires\u00a0: <\/p>\n<ul class=\"liste-dates list-unstyled\" id=\"liste-dates-689bbab57e982\">\n<li>Dimanche 28 Septembre 2025 de 17h \u00e0 19h<\/li>\n<\/ul>\n<p>Tarifs\u00a0: <\/p>\n<p>Entr\u00e9e 20\u20ac &#8211; Gratuit moins de 16 ans<\/p>\n<p>Inscription, billetterie ou r\u00e9servation\u00a0: <\/p>\n<p>Dans la m\u00eame rubrique<\/p>\n<ul class=\"mt-3 list-unstyled list-articles-v2\">\n<li class=\"col-12 pt-4\" data-view-id-type=\"1\" data-view-id=\"1092097\" data-view-bc=\"0\"><a class=\"d-block titre text-black mb-1 mb-md-2\" href=\"https:\/\/www.jds.fr\/grenoble\/concerts\/musique-classique\/concert-meditatif-hildegard-von-bingen-1092097_A\" rel=\"nofollow noopener\" target=\"_blank\">Concert m\u00e9ditatif &#8211; Hildegard von Bingen<\/a>Le 29\/08\/2025 GrenobleMaud Gnidzaz chantera les monodies (chants pour voix seule) de Hildegarde von Bingen. Ces po\u00e8mes spirituels de son inspiration, sont d\u2019une puissance souvent [\u2026]<a class=\"image\" href=\"https:\/\/www.jds.fr\/grenoble\/concerts\/musique-classique\/concert-meditatif-hildegard-von-bingen-1092097_A\" rel=\"nofollow noopener\" target=\"_blank\"><img decoding=\"async\" loading=\"lazy\" src=\"https:\/\/www.europesays.com\/fr\/wp-content\/uploads\/2025\/08\/0-56457900-1752426210-675269-180-180.webp.webp\" width=\"180\" height=\"180\" alt=\"Concert m\u00e9ditatif - Hildegard von Bingen\" class=\"border\"\/><\/a><\/li>\n<li class=\"col-12 pt-4\" data-view-id-type=\"1\" data-view-id=\"1002283\" data-view-bc=\"0\"><a class=\"d-block titre text-black mb-1 mb-md-2\" href=\"https:\/\/www.jds.fr\/grenoble\/concerts\/musique-classique\/61-eme-festival-international-de-musique-de-chambre-1002283_A\" rel=\"nofollow noopener\" target=\"_blank\">61 Eme Festival International de Musique de Chambre<\/a>Le 20\/09\/2025<a href=\"https:\/\/www.jds.fr\/grenoble\/chirens\/patrimoine-religieux\/prieure-de-chirens-18923_L\" class=\"lieu font-size-14 text-gray-700 d-block lh-sm my-1\" rel=\"nofollow noopener\" target=\"_blank\"> Prieur\u00e9 de Chirens<\/a>61 Eme Festival International de Musique de Chambre en concert \u00e0 Grenoble (Prieur\u00e9 de Chirens Chirens), le 20 septembre 2025. Toutes les informations pratiques (tarifs, [\u2026]<a class=\"image\" href=\"https:\/\/www.jds.fr\/grenoble\/concerts\/musique-classique\/61-eme-festival-international-de-musique-de-chambre-1002283_A\" rel=\"nofollow noopener\" target=\"_blank\"><img decoding=\"async\" loading=\"lazy\" src=\"https:\/\/www.europesays.com\/fr\/wp-content\/uploads\/2025\/06\/musique-classique-16582-180-180.webp.webp\" width=\"180\" height=\"180\" alt=\"61 Eme Festival International de Musique de Chambre\" class=\"border\"\/><\/a><\/li>\n<li class=\"li_gp_div\">\n<\/li>\n<li class=\"col-12 pt-4\" data-view-id-type=\"1\" data-view-id=\"1123516\" data-view-bc=\"0\"><a class=\"image\" href=\"https:\/\/www.jds.fr\/grenoble\/concerts\/musique-classique\/misatango-de-martin-palmeri-par-chartreuse-en-choeurs-1123516_A\" rel=\"nofollow noopener\" target=\"_blank\"><img decoding=\"async\" loading=\"lazy\" src=\"https:\/\/www.europesays.com\/fr\/wp-content\/uploads\/2025\/08\/0-12574100-1754908623-692315-180-180.webp.webp\" width=\"180\" height=\"180\" alt=\"Misatango de Martin Palmeri par Chartreuse en Choeurs\" class=\"border\"\/><\/a><\/li>\n<li class=\"col-12 pt-4\" data-view-id-type=\"1\" data-view-id=\"1123531\" data-view-bc=\"0\"><a class=\"image\" href=\"https:\/\/www.jds.fr\/grenoble\/concerts\/musique-classique\/la-misatango-de-martin-palmeri-par-chartreuse-en-choeurs-1123531_A\" rel=\"nofollow noopener\" target=\"_blank\"><img decoding=\"async\" loading=\"lazy\" src=\"https:\/\/www.europesays.com\/fr\/wp-content\/uploads\/2025\/08\/0-10761900-1754917041-692343-180-180.webp.webp\" width=\"180\" height=\"180\" alt=\"La Misatango de Martin Palmeri par Chartreuse en Choeurs\" class=\"border\"\/><\/a><\/li>\n<li class=\"col-12 pt-4\" data-view-id-type=\"1\" data-view-id=\"1088945\" data-view-bc=\"0\"><a class=\"d-block titre text-black mb-1 mb-md-2\" href=\"https:\/\/www.jds.fr\/grenoble\/concerts\/musique-classique\/risa-ando-piano-peintre-1088945_A\" rel=\"nofollow noopener\" target=\"_blank\">Risa Ando &#8211; Piano-Peintre<\/a>Le 06\/11\/2025<a href=\"https:\/\/www.jds.fr\/grenoble\/salle-de-concert-et-de-spectacle\/auditorium-du-musee-16041_L\" class=\"lieu font-size-14 text-gray-700 d-block lh-sm my-1\" rel=\"nofollow noopener\" target=\"_blank\"> Auditorium du mus\u00e9e &#8211; Grenoble<\/a>Risa Ando &#8211; Piano-Peintre en concert \u00e0 Grenoble (Auditorium du mus\u00e9e ), le 6 novembre 2025. Toutes les informations pratiques (tarifs, billetterie, plan de salle) pour ce concert [\u2026]<a class=\"image\" href=\"https:\/\/www.jds.fr\/grenoble\/concerts\/musique-classique\/risa-ando-piano-peintre-1088945_A\" rel=\"nofollow noopener\" target=\"_blank\"><img decoding=\"async\" loading=\"lazy\" src=\"https:\/\/www.europesays.com\/fr\/wp-content\/uploads\/2025\/08\/1755062454_7_\" width=\"180\" height=\"180\" alt=\"Risa Ando - Piano-Peintre\"\/><\/a><\/li>\n<li class=\"li_gp_div li_gp_div_infeed\"\/>\n<li class=\"col-12 pt-4\" data-view-id-type=\"1\" data-view-id=\"1088946\" data-view-bc=\"0\"><a class=\"d-block titre text-black mb-1 mb-md-2\" href=\"https:\/\/www.jds.fr\/grenoble\/concerts\/musique-classique\/quatuor-prazak-et-francois-dumont-concert-coup-de-c-ur-1088946_A\" rel=\"nofollow noopener\" target=\"_blank\">Quatuor Prazak et Fran\u00e7ois Dumont &#8211; Concert Coup de C\u0153ur<\/a>Le 13\/11\/2025<a href=\"https:\/\/www.jds.fr\/grenoble\/salle-de-concert-et-de-spectacle\/auditorium-du-musee-16041_L\" class=\"lieu font-size-14 text-gray-700 d-block lh-sm my-1\" rel=\"nofollow noopener\" target=\"_blank\"> Auditorium du mus\u00e9e &#8211; Grenoble<\/a>Quatuor Prazak et Fran\u00e7ois Dumont &#8211; Concert Coup de C\u0153ur en concert \u00e0 Grenoble (Auditorium du mus\u00e9e ), le 13 novembre 2025. Toutes les informations pratiques (tarifs, [\u2026]<a class=\"image\" href=\"https:\/\/www.jds.fr\/grenoble\/concerts\/musique-classique\/quatuor-prazak-et-francois-dumont-concert-coup-de-c-ur-1088946_A\" rel=\"nofollow noopener\" target=\"_blank\"><img decoding=\"async\" loading=\"lazy\" src=\"https:\/\/www.europesays.com\/fr\/wp-content\/uploads\/2025\/08\/1755062454_231_\" width=\"180\" height=\"180\" alt=\"Quatuor Prazak et Fran\u00e7ois Dumont - Concert Coup de C\u0153ur\"\/><\/a><\/li>\n<li class=\"col-12 pt-4\" data-view-id-type=\"1\" data-view-id=\"1088947\" data-view-bc=\"0\"><a class=\"d-block titre text-black mb-1 mb-md-2\" href=\"https:\/\/www.jds.fr\/grenoble\/concerts\/musique-classique\/l-esoterik-satie-et-quelqu-autres-une-journee-au-musee-hommage-a-erik-satie-1088947_A\" rel=\"nofollow noopener\" target=\"_blank\">L&rsquo;Esot\u00e9rik Satie et Quelqu&rsquo;Autres &#8211; Une Journ\u00e9e au Mus\u00e9e &#8211; Hommage \u00e0 Erik Satie<\/a>Le 23\/11\/2025<a href=\"https:\/\/www.jds.fr\/grenoble\/salle-de-concert-et-de-spectacle\/auditorium-du-musee-16041_L\" class=\"lieu font-size-14 text-gray-700 d-block lh-sm my-1\" rel=\"nofollow noopener\" target=\"_blank\"> Auditorium du mus\u00e9e &#8211; Grenoble<\/a>L&rsquo;Esot\u00e9rik Satie et Quelqu&rsquo;Autres &#8211; Une Journ\u00e9e au Mus\u00e9e &#8211; Hommage \u00e0 Erik Satie en concert \u00e0 Grenoble (Auditorium du mus\u00e9e ), le 23 novembre 2025. Toutes les informations [\u2026]<a class=\"image\" href=\"https:\/\/www.jds.fr\/grenoble\/concerts\/musique-classique\/l-esoterik-satie-et-quelqu-autres-une-journee-au-musee-hommage-a-erik-satie-1088947_A\" rel=\"nofollow noopener\" target=\"_blank\"><img decoding=\"async\" loading=\"lazy\" src=\"https:\/\/www.europesays.com\/fr\/wp-content\/uploads\/2025\/08\/1755062454_5_\" width=\"180\" height=\"180\" alt=\"L'Esot\u00e9rik Satie et Quelqu'Autres - Une Journ\u00e9e au Mus\u00e9e - Hommage \u00e0 Erik Satie\"\/><\/a><\/li>\n<li class=\"col-12 pt-4\" data-view-id-type=\"1\" data-view-id=\"1088948\" data-view-bc=\"0\"><a class=\"d-block titre text-black mb-1 mb-md-2\" href=\"https:\/\/www.jds.fr\/grenoble\/concerts\/musique-classique\/projection-parade-et-entr-acte-une-journee-au-musee-hommage-a-erik-satie-1088948_A\" rel=\"nofollow noopener\" target=\"_blank\">Projection Parade et Entr&rsquo;Acte &#8211; Une Journ\u00e9e au Mus\u00e9e &#8211; Hommage \u00e0 Erik Satie<\/a>Le 23\/11\/2025<a href=\"https:\/\/www.jds.fr\/grenoble\/salle-de-concert-et-de-spectacle\/auditorium-du-musee-16041_L\" class=\"lieu font-size-14 text-gray-700 d-block lh-sm my-1\" rel=\"nofollow noopener\" target=\"_blank\"> Auditorium du mus\u00e9e &#8211; Grenoble<\/a>Projection Parade et Entr&rsquo;Acte &#8211; Une Journ\u00e9e au Mus\u00e9e &#8211; Hommage \u00e0 Erik Satie en concert \u00e0 Grenoble (Auditorium du mus\u00e9e ), le 23 novembre 2025. Toutes les informations [\u2026]<a class=\"image\" href=\"https:\/\/www.jds.fr\/grenoble\/concerts\/musique-classique\/projection-parade-et-entr-acte-une-journee-au-musee-hommage-a-erik-satie-1088948_A\" rel=\"nofollow noopener\" target=\"_blank\"><img decoding=\"async\" loading=\"lazy\" src=\"https:\/\/www.europesays.com\/fr\/wp-content\/uploads\/2025\/08\/1755062455_70_\" width=\"180\" height=\"180\" alt=\"Projection Parade et Entr'Acte - Une Journ\u00e9e au Mus\u00e9e - Hommage \u00e0 Erik Satie\"\/><\/a><\/li>\n<li class=\"col-12 pt-4\" data-view-id-type=\"1\" data-view-id=\"1088949\" data-view-bc=\"0\"><a class=\"d-block titre text-black mb-1 mb-md-2\" href=\"https:\/\/www.jds.fr\/grenoble\/concerts\/musique-classique\/quatuor-ludwig-et-denis-pascal-piano-une-journee-au-musee-hommage-a-erik-satie-1088949_A\" rel=\"nofollow noopener\" target=\"_blank\">Quatuor Ludwig et Denis Pascal, Piano  Une Journ\u00e9e au Mus\u00e9e -Hommage \u00e0 Erik Satie<\/a>Le 23\/11\/2025<a href=\"https:\/\/www.jds.fr\/grenoble\/salle-de-concert-et-de-spectacle\/auditorium-du-musee-16041_L\" class=\"lieu font-size-14 text-gray-700 d-block lh-sm my-1\" rel=\"nofollow noopener\" target=\"_blank\"> Auditorium du mus\u00e9e &#8211; Grenoble<\/a>Quatuor Ludwig et Denis Pascal, Piano  Une Journ\u00e9e au Mus\u00e9e -Hommage \u00e0 Erik Satie en concert \u00e0 Grenoble (Auditorium du mus\u00e9e ), le 23 novembre 2025. Toutes les informations [\u2026]<a class=\"image\" href=\"https:\/\/www.jds.fr\/grenoble\/concerts\/musique-classique\/quatuor-ludwig-et-denis-pascal-piano-une-journee-au-musee-hommage-a-erik-satie-1088949_A\" rel=\"nofollow noopener\" target=\"_blank\"><img decoding=\"async\" loading=\"lazy\" src=\"https:\/\/www.europesays.com\/fr\/wp-content\/uploads\/2025\/08\/1755062455_814_\" width=\"180\" height=\"180\" alt=\"Quatuor Ludwig et Denis Pascal, Piano  Une Journ\u00e9e au Mus\u00e9e -Hommage \u00e0 Erik Satie\"\/><\/a><\/li>\n<li class=\"li_gp_div li_gp_div_infeed\"\/>\n<li class=\"col-12 pt-4\" data-view-id-type=\"1\" data-view-id=\"1088950\" data-view-bc=\"0\"><a class=\"d-block titre text-black mb-1 mb-md-2\" href=\"https:\/\/www.jds.fr\/grenoble\/concerts\/musique-classique\/ballade-au-danemark-r-hemsing-violons-b-mogensen-accordeon-1088950_A\" rel=\"nofollow noopener\" target=\"_blank\">Ballade au Danemark &#8211; R. Hemsing, Violons | B. Mogensen, Accord\u00e9on<\/a>Le 27\/11\/2025<a href=\"https:\/\/www.jds.fr\/grenoble\/salle-de-concert-et-de-spectacle\/auditorium-du-musee-16041_L\" class=\"lieu font-size-14 text-gray-700 d-block lh-sm my-1\" rel=\"nofollow noopener\" target=\"_blank\"> Auditorium du mus\u00e9e &#8211; Grenoble<\/a>Ballade au Danemark &#8211; R. Hemsing, Violons | B. Mogensen, Accord\u00e9on en concert \u00e0 Grenoble (Auditorium du mus\u00e9e ), le 27 novembre 2025. Toutes les informations pratiques (tarifs, [\u2026]<a class=\"image\" href=\"https:\/\/www.jds.fr\/grenoble\/concerts\/musique-classique\/ballade-au-danemark-r-hemsing-violons-b-mogensen-accordeon-1088950_A\" rel=\"nofollow noopener\" target=\"_blank\"><img decoding=\"async\" loading=\"lazy\" src=\"https:\/\/www.europesays.com\/fr\/wp-content\/uploads\/2025\/08\/1755062455_153_\" width=\"180\" height=\"180\" alt=\"Ballade au Danemark - R. Hemsing, Violons | B. Mogensen, Accord\u00e9on\"\/><\/a><\/li>\n<li class=\"col-12 pt-4\" data-view-id-type=\"1\" data-view-id=\"1088951\" data-view-bc=\"0\"><a class=\"d-block titre text-black mb-1 mb-md-2\" href=\"https:\/\/www.jds.fr\/grenoble\/concerts\/musique-classique\/bd-concert-chronique-du-pont-d-arc-les-midis-en-musique-1088951_A\" rel=\"nofollow noopener\" target=\"_blank\">Bd-Concert &#8211; Chronique du Pont d&rsquo;Arc &#8211; les Midis en Musique<\/a>Le 28\/11\/2025<a href=\"https:\/\/www.jds.fr\/grenoble\/salle-de-concert-et-de-spectacle\/auditorium-du-musee-16041_L\" class=\"lieu font-size-14 text-gray-700 d-block lh-sm my-1\" rel=\"nofollow noopener\" target=\"_blank\"> Auditorium du mus\u00e9e &#8211; Grenoble<\/a>Bd-Concert &#8211; Chronique du Pont d&rsquo;Arc &#8211; les Midis en Musique en concert \u00e0 Grenoble (Auditorium du mus\u00e9e ), le 28 novembre 2025. Toutes les informations pratiques (tarifs, [\u2026]<a class=\"image\" href=\"https:\/\/www.jds.fr\/grenoble\/concerts\/musique-classique\/bd-concert-chronique-du-pont-d-arc-les-midis-en-musique-1088951_A\" rel=\"nofollow noopener\" target=\"_blank\"><img decoding=\"async\" loading=\"lazy\" src=\"https:\/\/www.europesays.com\/fr\/wp-content\/uploads\/2025\/08\/1755062456_43_\" width=\"180\" height=\"180\" alt=\"Bd-Concert - Chronique du Pont d'Arc - les Midis en Musique\"\/><\/a><\/li>\n<li class=\"col-12 pt-4\" data-view-id-type=\"1\" data-view-id=\"1042722\" data-view-bc=\"0\"><a class=\"d-block titre text-black mb-1 mb-md-2\" href=\"https:\/\/www.jds.fr\/grenoble\/concerts\/musique-classique\/vanille-1042722_A\" rel=\"nofollow noopener\" target=\"_blank\">Vanille<\/a>Le 04\/12\/2025<a href=\"https:\/\/www.jds.fr\/grenoble\/salle-de-concert\/l-amperage-16673_L\" class=\"lieu font-size-14 text-gray-700 d-block lh-sm my-1\" rel=\"nofollow noopener\" target=\"_blank\"> L&rsquo;Amp\u00e9rage &#8211; Grenoble<\/a>Vanille en concert \u00e0 Grenoble (L&rsquo;Amp\u00e9rage ), le 4 d\u00e9cembre 2025. Toutes les informations pratiques (tarifs, billetterie, plan de salle) pour ce concert sont \u00e0 retrouver sur [\u2026]<a class=\"image\" href=\"https:\/\/www.jds.fr\/grenoble\/concerts\/musique-classique\/vanille-1042722_A\" rel=\"nofollow noopener\" target=\"_blank\"><img decoding=\"async\" loading=\"lazy\" src=\"https:\/\/www.europesays.com\/fr\/wp-content\/uploads\/2025\/08\/1755062456_557_\" width=\"180\" height=\"180\" alt=\"Vanille\"\/><\/a><\/li>\n<li class=\"col-12 pt-4\" data-view-id-type=\"1\" data-view-id=\"1088952\" data-view-bc=\"0\"><a class=\"d-block titre text-black mb-1 mb-md-2\" href=\"https:\/\/www.jds.fr\/grenoble\/concerts\/musique-classique\/du-renard-au-gorille-l-irreverence-et-l-impertinence-d-offenbach-a-brassens-1088952_A\" rel=\"nofollow noopener\" target=\"_blank\">Du Renard au Gorille &#8211; L\u2019irr\u00e9v\u00e9rence et L\u2019impertinence D\u2019offenbach \u00e0 Brassens<\/a>Le 07\/12\/2025<a href=\"https:\/\/www.jds.fr\/grenoble\/salle-de-concert-et-de-spectacle\/auditorium-du-musee-16041_L\" class=\"lieu font-size-14 text-gray-700 d-block lh-sm my-1\" rel=\"nofollow noopener\" target=\"_blank\"> Auditorium du mus\u00e9e &#8211; Grenoble<\/a>Du Renard au Gorille &#8211; L\u2019irr\u00e9v\u00e9rence et L\u2019impertinence D\u2019offenbach \u00e0 Brassens en concert \u00e0 Grenoble (Auditorium du mus\u00e9e ), le 7 d\u00e9cembre 2025. Toutes les informations [\u2026]<a class=\"image\" href=\"https:\/\/www.jds.fr\/grenoble\/concerts\/musique-classique\/du-renard-au-gorille-l-irreverence-et-l-impertinence-d-offenbach-a-brassens-1088952_A\" rel=\"nofollow noopener\" target=\"_blank\"><img decoding=\"async\" loading=\"lazy\" src=\"https:\/\/www.europesays.com\/fr\/wp-content\/uploads\/2025\/08\/1755062456_631_\" width=\"180\" height=\"180\" alt=\"Du Renard au Gorille - L\u2019irr\u00e9v\u00e9rence et L\u2019impertinence D\u2019offenbach \u00e0 Brassens\"\/><\/a><\/li>\n<li class=\"li_gp_div li_gp_div_infeed\"\/>\n<li class=\"col-12 pt-4\" data-view-id-type=\"1\" data-view-id=\"1088953\" data-view-bc=\"0\"><a class=\"d-block titre text-black mb-1 mb-md-2\" href=\"https:\/\/www.jds.fr\/grenoble\/concerts\/musique-classique\/le-petit-prince-a-travers-les-etoiles-concert-de-noel-1088953_A\" rel=\"nofollow noopener\" target=\"_blank\">Le Petit Prince \u00e0 Travers les Etoiles &#8211; Concert de No\u00ebl<\/a>Le 13\/12\/2025<a href=\"https:\/\/www.jds.fr\/grenoble\/salle-de-concert-et-de-spectacle\/auditorium-du-musee-16041_L\" class=\"lieu font-size-14 text-gray-700 d-block lh-sm my-1\" rel=\"nofollow noopener\" target=\"_blank\"> Auditorium du mus\u00e9e &#8211; Grenoble<\/a>Le Petit Prince \u00e0 Travers les Etoiles &#8211; Concert de No\u00ebl en concert \u00e0 Grenoble (Auditorium du mus\u00e9e ), le 13 d\u00e9cembre 2025. Toutes les informations pratiques (tarifs, [\u2026]<a class=\"image\" href=\"https:\/\/www.jds.fr\/grenoble\/concerts\/musique-classique\/le-petit-prince-a-travers-les-etoiles-concert-de-noel-1088953_A\" rel=\"nofollow noopener\" target=\"_blank\"><img decoding=\"async\" loading=\"lazy\" src=\"https:\/\/www.europesays.com\/fr\/wp-content\/uploads\/2025\/08\/1755062457_841_\" width=\"180\" height=\"180\" alt=\"Le Petit Prince \u00e0 Travers les Etoiles - Concert de No\u00ebl\"\/><\/a><\/li>\n<li class=\"col-12 pt-4\" data-view-id-type=\"1\" data-view-id=\"1088954\" data-view-bc=\"0\"><a class=\"d-block titre text-black mb-1 mb-md-2\" href=\"https:\/\/www.jds.fr\/grenoble\/concerts\/musique-classique\/pastorale-de-noel-les-midis-en-musique-1088954_A\" rel=\"nofollow noopener\" target=\"_blank\">Pastorale de No\u00ebl &#8211; les Midis en Musique<\/a>Le 18\/12\/2025<a href=\"https:\/\/www.jds.fr\/grenoble\/salle-de-concert-et-de-spectacle\/auditorium-du-musee-16041_L\" class=\"lieu font-size-14 text-gray-700 d-block lh-sm my-1\" rel=\"nofollow noopener\" target=\"_blank\"> Auditorium du mus\u00e9e &#8211; Grenoble<\/a>Pastorale de No\u00ebl &#8211; les Midis en Musique en concert \u00e0 Grenoble (Auditorium du mus\u00e9e ), le 18 d\u00e9cembre 2025. Toutes les informations pratiques (tarifs, billetterie, plan de [\u2026]<a class=\"image\" href=\"https:\/\/www.jds.fr\/grenoble\/concerts\/musique-classique\/pastorale-de-noel-les-midis-en-musique-1088954_A\" rel=\"nofollow noopener\" target=\"_blank\"><img decoding=\"async\" loading=\"lazy\" src=\"https:\/\/www.europesays.com\/fr\/wp-content\/uploads\/2025\/08\/1755062457_379_\" width=\"180\" height=\"180\" alt=\"Pastorale de No\u00ebl - les Midis en Musique\"\/><\/a><\/li>\n<li class=\"col-12 pt-4\" data-view-id-type=\"1\" data-view-id=\"1088955\" data-view-bc=\"0\"><a class=\"d-block titre text-black mb-1 mb-md-2\" href=\"https:\/\/www.jds.fr\/grenoble\/concerts\/musique-classique\/aline-piboule-piano-peintre-les-midis-en-musique-1088955_A\" rel=\"nofollow noopener\" target=\"_blank\">Aline Piboule &#8211; Piano-Peintre &#8211; les Midis en Musique<\/a>Le 08\/01\/2026<a href=\"https:\/\/www.jds.fr\/grenoble\/salle-de-concert-et-de-spectacle\/auditorium-du-musee-16041_L\" class=\"lieu font-size-14 text-gray-700 d-block lh-sm my-1\" rel=\"nofollow noopener\" target=\"_blank\"> Auditorium du mus\u00e9e &#8211; Grenoble<\/a>Aline Piboule &#8211; Piano-Peintre &#8211; les Midis en Musique en concert \u00e0 Grenoble (Auditorium du mus\u00e9e ), le 8 janvier 2026. Toutes les informations pratiques (tarifs, billetterie, plan [\u2026]<a class=\"image\" href=\"https:\/\/www.jds.fr\/grenoble\/concerts\/musique-classique\/aline-piboule-piano-peintre-les-midis-en-musique-1088955_A\" rel=\"nofollow noopener\" target=\"_blank\"><img decoding=\"async\" loading=\"lazy\" src=\"https:\/\/www.europesays.com\/fr\/wp-content\/uploads\/2025\/08\/1755062457_394_\" width=\"180\" height=\"180\" alt=\"Aline Piboule - Piano-Peintre - les Midis en Musique\"\/><\/a><\/li>\n<li class=\"col-12 pt-4\" data-view-id-type=\"1\" data-view-id=\"1088956\" data-view-bc=\"0\"><a class=\"d-block titre text-black mb-1 mb-md-2\" href=\"https:\/\/www.jds.fr\/grenoble\/concerts\/musique-classique\/alexander-malofeev-piano-concert-coup-de-c-ur-1088956_A\" rel=\"nofollow noopener\" target=\"_blank\">Alexander Malofeev, Piano &#8211; Concert Coup de C\u0153ur<\/a>Le 15\/01\/2026<a href=\"https:\/\/www.jds.fr\/grenoble\/salle-de-concert-et-de-spectacle\/auditorium-du-musee-16041_L\" class=\"lieu font-size-14 text-gray-700 d-block lh-sm my-1\" rel=\"nofollow noopener\" target=\"_blank\"> Auditorium du mus\u00e9e &#8211; Grenoble<\/a>Alexander Malofeev, Piano &#8211; Concert Coup de C\u0153ur en concert \u00e0 Grenoble (Auditorium du mus\u00e9e ), le 15 janvier 2026. Toutes les informations pratiques (tarifs, billetterie, plan [\u2026]<a class=\"image\" href=\"https:\/\/www.jds.fr\/grenoble\/concerts\/musique-classique\/alexander-malofeev-piano-concert-coup-de-c-ur-1088956_A\" rel=\"nofollow noopener\" target=\"_blank\"><img decoding=\"async\" loading=\"lazy\" src=\"https:\/\/www.europesays.com\/fr\/wp-content\/uploads\/2025\/08\/1755062457_262_\" width=\"180\" height=\"180\" alt=\"Alexander Malofeev, Piano - Concert Coup de C\u0153ur\"\/><\/a><\/li>\n<li class=\"li_gp_div li_gp_div_infeed\"\/>\n<li class=\"col-12 pt-4\" data-view-id-type=\"1\" data-view-id=\"1061296\" data-view-bc=\"0\"><a class=\"d-block titre text-black mb-1 mb-md-2\" href=\"https:\/\/www.jds.fr\/grenoble\/concerts\/musique-classique\/andre-manoukian-et-jean-francois-zygel-1061296_A\" rel=\"nofollow noopener\" target=\"_blank\">Andr\u00e9 Manoukian et Jean-Fran\u00e7ois Zygel<\/a>Le 20\/01\/2026<a href=\"https:\/\/www.jds.fr\/grenoble\/voiron\/salle-de-concert-et-de-spectacle\/le-grand-angle-16755_L\" class=\"lieu font-size-14 text-gray-700 d-block lh-sm my-1\" rel=\"nofollow noopener\" target=\"_blank\"> Le Grand Angle &#8211; Voiron<\/a>Andr\u00e9 Manoukian et Jean-Fran\u00e7ois Zygel en concert \u00e0 Grenoble (Le Grand Angle Voiron), le 20 janvier 2026. Toutes les informations pratiques (tarifs, billetterie, plan de salle) [\u2026]<a class=\"image\" href=\"https:\/\/www.jds.fr\/grenoble\/concerts\/musique-classique\/andre-manoukian-et-jean-francois-zygel-1061296_A\" rel=\"nofollow noopener\" target=\"_blank\"><img decoding=\"async\" loading=\"lazy\" src=\"https:\/\/www.europesays.com\/fr\/wp-content\/uploads\/2025\/08\/1755062458_921_\" width=\"180\" height=\"180\" alt=\"Andr\u00e9 Manoukian et Jean-Fran\u00e7ois Zygel\"\/><\/a><\/li>\n<\/ul>\n<p class=\"font-size-30 fw-bold lh-1 mt-0 mb-4\">Je trouve les meilleures sorties dans ma ville<\/p>\n<p class=\"mt-0 mb-3 h2\">Newsletter JDS Grenoble<\/p>\n<p class=\"font-size-18 fw-normal lh-sm\">Pr\u00eat pour un week-end de folie\u00a0? Chaque jeudi tous les bons plans sorties<\/p>\n","protected":false},"excerpt":{"rendered":"Le 28\/09\/2025 Eglise Saint Bruno | Voiron Entr\u00e9e 20\u20ac &#8211; Gratuit moins de 16 ans Chartreuse e, Choeurs&hellip;\n","protected":false},"author":2,"featured_media":315539,"comment_status":"","ping_status":"","sticky":false,"template":"","format":"standard","meta":{"footnotes":""},"categories":[9566],"tags":[1111,11,2430,1777,674,1011,27,2731,12,25],"class_list":{"0":"post-315538","1":"post","2":"type-post","3":"status-publish","4":"format-standard","5":"has-post-thumbnail","7":"category-grenoble","8":"tag-actu","9":"tag-actualites","10":"tag-auvergne-rhone-alpes","11":"tag-eu","12":"tag-europe","13":"tag-fr","14":"tag-france","15":"tag-grenoble","16":"tag-news","17":"tag-republique-francaise"},"share_on_mastodon":{"url":"https:\/\/pubeurope.com\/@fr\/115019782165362494","error":""},"_links":{"self":[{"href":"https:\/\/www.europesays.com\/fr\/wp-json\/wp\/v2\/posts\/315538","targetHints":{"allow":["GET"]}}],"collection":[{"href":"https:\/\/www.europesays.com\/fr\/wp-json\/wp\/v2\/posts"}],"about":[{"href":"https:\/\/www.europesays.com\/fr\/wp-json\/wp\/v2\/types\/post"}],"author":[{"embeddable":true,"href":"https:\/\/www.europesays.com\/fr\/wp-json\/wp\/v2\/users\/2"}],"replies":[{"embeddable":true,"href":"https:\/\/www.europesays.com\/fr\/wp-json\/wp\/v2\/comments?post=315538"}],"version-history":[{"count":0,"href":"https:\/\/www.europesays.com\/fr\/wp-json\/wp\/v2\/posts\/315538\/revisions"}],"wp:featuredmedia":[{"embeddable":true,"href":"https:\/\/www.europesays.com\/fr\/wp-json\/wp\/v2\/media\/315539"}],"wp:attachment":[{"href":"https:\/\/www.europesays.com\/fr\/wp-json\/wp\/v2\/media?parent=315538"}],"wp:term":[{"taxonomy":"category","embeddable":true,"href":"https:\/\/www.europesays.com\/fr\/wp-json\/wp\/v2\/categories?post=315538"},{"taxonomy":"post_tag","embeddable":true,"href":"https:\/\/www.europesays.com\/fr\/wp-json\/wp\/v2\/tags?post=315538"}],"curies":[{"name":"wp","href":"https:\/\/api.w.org\/{rel}","templated":true}]}}