{"id":315540,"date":"2025-08-13T05:23:13","date_gmt":"2025-08-13T05:23:13","guid":{"rendered":"https:\/\/www.europesays.com\/fr\/315540\/"},"modified":"2025-08-13T05:23:13","modified_gmt":"2025-08-13T05:23:13","slug":"navette-velo-voiture-comment-se-rendre-sur-le-site","status":"publish","type":"post","link":"https:\/\/www.europesays.com\/fr\/315540\/","title":{"rendered":"navette, v\u00e9lo, voiture\u2026 Comment se rendre sur le site\u00a0?"},"content":{"rendered":"<p>            Par<br \/>\n        <strong><br \/>\n            <a href=\"https:\/\/actu.fr\/auteur\/clemence-pays02-actu-fr\" title=\"Consulter tous les articles de Cl\u00e9mence Pays\" rel=\"nofollow noopener\" target=\"_blank\">Cl\u00e9mence Pays<\/a><br \/>\n        <\/strong><\/p>\n<p>        Publi\u00e9 le<\/p>\n<p>            13 ao\u00fbt 2025 \u00e0 6h32        <\/p>\n<p>Tic, tac, tic, tac\u2026 L\u2019heure tourne et les jours avancent. Les portes du Royaume vont bient\u00f4t s\u2019ouvrir pour accueillir les festivaliers de l\u2019\u00e9dition 2025 du <a href=\"https:\/\/actu.fr\/tag\/festival-du-roi-arthur\" rel=\"nofollow noopener\" target=\"_blank\">Roi Arthur<\/a>, <strong>du vendredi\u00a023 au dimanche 24\u00a0ao\u00fbt.<\/strong><\/p>\n<p class=\" wall-content\">Une fois votre billet en poche, il ne vous reste plus qu\u2019\u00e0 r\u00e9gler une question d\u2019organisation\u2009: <strong>comment se rendre jusqu\u2019au festival\u2009?<\/strong><\/p>\n<p class=\" wall-content\">Ce dernier prend ses quartiers \u00e0 la <strong>plaine du Mafeu,<\/strong> lieu-dit situ\u00e9 \u00e0 environ 2 kilom\u00e8tres du bourg de la commune de <a href=\"https:\/\/actu.fr\/bretagne\/breal-sous-montfort_35037\" rel=\"nofollow noopener\" target=\"_blank\">Br\u00e9al-sous-Montfort<\/a>.<\/p>\n<p>    <a href=\"https:\/\/www.google.com\/maps\/embed?pb=!1m18!1m12!1m3!1d3278.893617546865!2d-1.881075058662224!3d48.04124489662867!2m3!1f0!2f0!3f0!3m2!1i1024!2i768!4f13.1!3m3!1m2!1s0x480f033ee31a953d%3A0xb4fbad88b0ee5a85!2sFestival%20du%20Roi%20Arthur!5e1!3m2!1sfr!2sfr!4v1754648826467!5m2!1sfr!2sfr\" title=\"Ouvrie le lien\" rel=\"nofollow noopener\" target=\"_blank\">Cliquez ici pour visualiser le contenu<\/a><\/p>\n<p class=\" wall-content\">Bonne nouvelle, <strong>plusieurs solutions<\/strong> existent. Les voici.<\/p>\n<p>En navette<\/p>\n<p class=\" wall-content\">Cette ann\u00e9e \u00e0 nouveau, le Roi met en place un syst\u00e8me de <strong>navette pour venir et partir<\/strong> du festival. Attention toutefois, il faut bien penser \u00e0 <a href=\"https:\/\/www.festivalduroiarthur.fr\/royaume\/pratique\/venir\/navettes\/\" rel=\"nofollow noopener\" target=\"_blank\">r\u00e9server son ticket<\/a> pour monter \u00e0 bord.<\/p>\n<p class=\" wall-content\">Une navette fera le trajet (aller et retour)<strong> entre Rennes et Br\u00e9al-sous-Montfort,<\/strong> depuis le parking P2 du <a href=\"https:\/\/actu.fr\/tag\/roazhon-park\" rel=\"nofollow noopener\" target=\"_blank\">Roazhon Park<\/a> (route de Lorient), jusqu\u2019au festival.<\/p>\n<p class=\" wall-content\">Une autre navette partira de la place de la Gare <strong>de Montfort-sur-Meu, direction Br\u00e9al-sous-Montfort.<\/strong> Le trajet retour partira du festival vers la place de la Gare, \u00e0 Montfort-sur-Meu.<\/p>\n<p class=\" wall-content\">Les tickets sont \u00e0 vendre au prix de <strong>4,50\u00a0euros.<\/strong> Un ticket est valable pour un trajet, il faut donc bien penser \u00e0 r\u00e9server un aller ET un retour.<\/p>\n<p class=\" wall-content\">Il est \u00e9galement demand\u00e9 de <strong>se pr\u00e9senter 30\u00a0minutes avant l\u2019heure<\/strong> du d\u00e9part du bus pour permettre de contr\u00f4ler les billets.<\/p>\n<p>En voiture<\/p>\n<p class=\" wall-content\">Autre solution possible, venir en voiture gr\u00e2ce au <strong>covoiturage.<\/strong> Un <a href=\"https:\/\/www.facebook.com\/groups\/1143749456497280\" rel=\"nofollow noopener\" target=\"_blank\">groupe Facebook<\/a> a \u00e9t\u00e9 cr\u00e9\u00e9 pour permettre aux festivaliers d\u2019\u00e9changer sur leurs demandes et propositions de trajet. Si vous n\u2019y trouvez pas votre bonheur, il est toujours possible de se rabattre sur les traditionnels sites <strong>Blablacar<\/strong> et <strong>Kombo<\/strong> pour trouver un trajet.<\/p>\n<p class=\" wall-content\">Si vous pr\u00e9f\u00e9rez venir par vos propres moyens en voiture, quelques indications sur <a href=\"https:\/\/www.festivalduroiarthur.fr\/royaume\/pratique\/venir\/#elementor-toc__heading-anchor-0\" rel=\"nofollow noopener\" target=\"_blank\">l\u2019itin\u00e9raire \u00e0 emprunter<\/a> sont mentionn\u00e9es sur le site du Roi Arthur.<\/p>\n<p class=\" wall-content\"><strong>Depuis Rennes, il faut compter environ 15\u00a0minutes<\/strong> de trajet (selon la circulation)\u2009; 1 heure 20 depuis Saint-Brieuc\u2009; 1 heure 10 depuis Vannes\u2009; 1 heure 40 depuis Lorient et 1 heure 30 depuis Nantes.<\/p>\n<p class=\" wall-content\">Bon \u00e0 savoir \u00e9galement\u2009: \u00ab\u2009une gare de taxi est situ\u00e9e \u00e0 proximit\u00e9 du festival\u2009\u00bb, pr\u00e9cisent les organisateurs.<\/p>\n<p><a href=\"https:\/\/static.actu.fr\/uploads\/2025\/08\/roi-arthur-2025-plan-situation.pdf\" rel=\"nofollow noopener\" target=\"_blank\">Afficher ou t\u00e9l\u00e9charger le fichier.<\/a><\/p>\n<p>En car BreizhGo<\/p>\n<p class=\" wall-content\">La <a href=\"https:\/\/media.breizhgo.bzh\/breizhgo\/media\/2025-06\/horaires-ille-et-vilaine-ligne501.pdf?VersionId=1748951853180304\" rel=\"nofollow noopener\" target=\"_blank\">ligne 501 BreizhGo<\/a> permet de se rendre \u00e0 Br\u00e9al-sous-Montfort. Son itin\u00e9raire passe par Rennes, Vezin-le-Coquet et Saint-Thurial. <strong>Attention \u00e0 bien consulter les horaires<\/strong> au pr\u00e9alable, puisque le car <strong>ne circule pas la nuit et les dimanches.<\/strong><\/p>\n<p>\u00c0 v\u00e9lo<\/p>\n<p class=\" wall-content\">Enfin derni\u00e8re solution pour les personnes les plus proches du site\u2009: le v\u00e9lo. <strong>Un parking v\u00e9los<\/strong> est pr\u00e9vu sur place.<\/p>\n<p class=\" wall-content\">Suivez toute l\u2019actualit\u00e9 de vos villes et m\u00e9dias favoris en vous inscrivant \u00e0 <a href=\"https:\/\/moncompte.actu.fr\" title=\"D\u00e9couvez Mon Actu\" rel=\"nofollow noopener\" data-trk=\"{&quot;cta&quot;:{&quot;action&quot;:&quot;https:\\\/\\\/moncompte.actu.fr&quot;,&quot;category&quot;:&quot;mon compte&quot;,&quot;from&quot;:&quot;article footer&quot;,&quot;name&quot;:&quot;Mon actu&quot;,&quot;type&quot;:&quot;cta&quot;}}\" target=\"_blank\">Mon Actu<\/a>.<\/p>\n<ul class=\"ac-article-tag wall-content\">\n<li><a href=\"https:\/\/actu.fr\/tag\/festival-du-roi-arthur\" data-trk=\"{&quot;cta&quot;:{&quot;action&quot;:&quot;Festival du Roi Arthur&quot;,&quot;category&quot;:&quot;tag&quot;,&quot;from&quot;:&quot;article footer&quot;,&quot;name&quot;:&quot;Festival du Roi Arthur&quot;,&quot;type&quot;:&quot;cta&quot;}}\" rel=\"nofollow noopener\" target=\"_blank\">#Festival du Roi Arthur<\/a><\/li>\n<li><a href=\"https:\/\/actu.fr\/tag\/transport\" data-trk=\"{&quot;cta&quot;:{&quot;action&quot;:&quot;Transport&quot;,&quot;category&quot;:&quot;tag&quot;,&quot;from&quot;:&quot;article footer&quot;,&quot;name&quot;:&quot;Transport&quot;,&quot;type&quot;:&quot;cta&quot;}}\" rel=\"nofollow noopener\" target=\"_blank\">#Transport<\/a><\/li>\n<\/ul>\n","protected":false},"excerpt":{"rendered":"Par Cl\u00e9mence Pays Publi\u00e9 le 13 ao\u00fbt 2025 \u00e0 6h32 Tic, tac, tic, tac\u2026 L\u2019heure tourne et les&hellip;\n","protected":false},"author":2,"featured_media":315541,"comment_status":"","ping_status":"","sticky":false,"template":"","format":"standard","meta":{"footnotes":""},"categories":[2821],"tags":[1111,11,829,1777,674,25677,1011,27,12,584,25,104,2803],"class_list":{"0":"post-315540","1":"post","2":"type-post","3":"status-publish","4":"format-standard","5":"has-post-thumbnail","7":"category-rennes","8":"tag-actu","9":"tag-actualites","10":"tag-bretagne","11":"tag-eu","12":"tag-europe","13":"tag-festival-du-roi-arthur","14":"tag-fr","15":"tag-france","16":"tag-news","17":"tag-rennes","18":"tag-republique-francaise","19":"tag-societe","20":"tag-transport"},"share_on_mastodon":{"url":"https:\/\/pubeurope.com\/@fr\/115019789280080942","error":""},"_links":{"self":[{"href":"https:\/\/www.europesays.com\/fr\/wp-json\/wp\/v2\/posts\/315540","targetHints":{"allow":["GET"]}}],"collection":[{"href":"https:\/\/www.europesays.com\/fr\/wp-json\/wp\/v2\/posts"}],"about":[{"href":"https:\/\/www.europesays.com\/fr\/wp-json\/wp\/v2\/types\/post"}],"author":[{"embeddable":true,"href":"https:\/\/www.europesays.com\/fr\/wp-json\/wp\/v2\/users\/2"}],"replies":[{"embeddable":true,"href":"https:\/\/www.europesays.com\/fr\/wp-json\/wp\/v2\/comments?post=315540"}],"version-history":[{"count":0,"href":"https:\/\/www.europesays.com\/fr\/wp-json\/wp\/v2\/posts\/315540\/revisions"}],"wp:featuredmedia":[{"embeddable":true,"href":"https:\/\/www.europesays.com\/fr\/wp-json\/wp\/v2\/media\/315541"}],"wp:attachment":[{"href":"https:\/\/www.europesays.com\/fr\/wp-json\/wp\/v2\/media?parent=315540"}],"wp:term":[{"taxonomy":"category","embeddable":true,"href":"https:\/\/www.europesays.com\/fr\/wp-json\/wp\/v2\/categories?post=315540"},{"taxonomy":"post_tag","embeddable":true,"href":"https:\/\/www.europesays.com\/fr\/wp-json\/wp\/v2\/tags?post=315540"}],"curies":[{"name":"wp","href":"https:\/\/api.w.org\/{rel}","templated":true}]}}