{"id":315562,"date":"2025-08-13T05:37:15","date_gmt":"2025-08-13T05:37:15","guid":{"rendered":"https:\/\/www.europesays.com\/fr\/315562\/"},"modified":"2025-08-13T05:37:15","modified_gmt":"2025-08-13T05:37:15","slug":"au-maaoa-celine-ripoll-fait-revivre-les-legendes-du-pacifique","status":"publish","type":"post","link":"https:\/\/www.europesays.com\/fr\/315562\/","title":{"rendered":"Au MAAOA, C\u00e9line Ripoll fait revivre les l\u00e9gendes du Pacifique"},"content":{"rendered":"\n<p>Au deuxi\u00e8me \u00e9tage du Mus\u00e9e d\u2019Arts Africains, Oc\u00e9aniens et Am\u00e9rindiens (MAAOA), dans la salle des Am\u00e9riques et de l\u2019Oc\u00e9anie, le public s\u2019installe par terre, ce mardi 12 ao\u00fbt. Cheveux longs, tatouages et bijoux polyn\u00e9siens\u00a0: C\u00e9line Ripoll entre en sc\u00e8ne, se d\u00e9chausse et commence. \u00ab\u00a0\u00e7a fait plus de 20\u00a0ans que je collecte des l\u00e9gendes dans les \u00eeles du Pacifique parce que je trouve \u00e7a important de mettre des paroles, des gestes et des chants sur les objets expos\u00e9s\u00a0\u00bb, confie la conteuse.<\/p>\n<p>Son voyage d\u00e9bute en Papouasie-Nouvelle-Guin\u00e9e. L\u00e0, deux statuettes aborig\u00e8nes tatou\u00e9es ont attir\u00e9 son attention\u00a0: \u00ab\u00a0Lorsque j\u2019ai fait le tour de la salle d\u2019exposition ce matin, ces objets m\u2019ont fait remonter une histoire que je n\u2019ai pas racont\u00e9e depuis au moins 15\u00a0ans\u00a0\u00bb, explique C\u00e9line Ripoll. En quelques instants, la salle est plong\u00e9e dans une atmosph\u00e8re lourde. La conteuse se met \u00e0 parler, son pied tape la mesure et son corps tout entier se met en mouvement. La l\u00e9gende du grand esprit cr\u00e9ateur, qui r\u00eava la terre et la mer avant de les cr\u00e9er, est cont\u00e9e en rythme, fascinant la vingtaine de personnes pr\u00e9sentes, petits et grands.<\/p>\n<p>Puis, changement de salle, direction la Nouvelle-Z\u00e9lande. C\u00e9line Ripoll conte la l\u00e9gende de Mataora, chef guerrier Maori qui est celui qui ramena l\u2019art du tatouage aux Hommes. Colliers et danses changent au fil des r\u00e9cits et s\u2019adaptent \u00e0 la l\u00e9gende et \u00e0 sa r\u00e9gion jusqu\u2019\u00e0 un Haka puissant qui fait vibrer la salle.<\/p>\n<p>Prochaines escales<\/p>\n<p>Ouverte \u00e0 tous d\u00e8s 6\u00a0ans et gratuite, cette visite cont\u00e9e est de nouveau propos\u00e9e ce mercredi 13\u00a0ao\u00fbt, \u00e0 partir de 10h30, sur r\u00e9servation.<\/p>\n<p>Des visites-ateliers sont \u00e9galement organis\u00e9es chaque samedi matin, de 10h \u00e0 12h, pour les enfants de 6 \u00e0 10 ans. Deux derni\u00e8res s\u00e9ances sont pr\u00e9vues les 16 et 23\u00a0ao\u00fbt\u00a0: la premi\u00e8re autour de l\u2019initiation au croquis et la seconde, consacr\u00e9e \u00e0 la cr\u00e9ation de tableaux de fils typiques du peuple Wixarika du Mexique.<\/p>\n<p>D\u2019autres \u00e9v\u00e9nements sont \u00e0 pr\u00e9voir dans le cadre de cette exposition. Le voyage se poursuivra les 29 et 30\u00a0ao\u00fbt avec La peau qui parle, spectacle cont\u00e9 par Lamine Diagne, artiste prot\u00e9iforme. Au menu\u00a0: arts plastiques, slam, conte et musique.<\/p>\n<p><b>In\u00e8s Painvin<\/b><\/p>\n<p>Renseignements sur <a rel=\"nofollow noopener noreferrer\" href=\"https:\/\/musees.marseille.fr\/polynesie-le-monde-dans-la-peau-avec-celine-ripoll-maaoa\" target=\"_blank\">musees.marseille.fr\/polynesie-le-monde-dans-la-peau-avec-celine-ripoll-maaoa<\/a><\/p>\n","protected":false},"excerpt":{"rendered":"Au deuxi\u00e8me \u00e9tage du Mus\u00e9e d\u2019Arts Africains, Oc\u00e9aniens et Am\u00e9rindiens (MAAOA), dans la salle des Am\u00e9riques et de&hellip;\n","protected":false},"author":2,"featured_media":315563,"comment_status":"","ping_status":"","sticky":false,"template":"","format":"standard","meta":{"footnotes":""},"categories":[2814],"tags":[1111,11,1777,674,1011,27,43970,884,12,882,25],"class_list":{"0":"post-315562","1":"post","2":"type-post","3":"status-publish","4":"format-standard","5":"has-post-thumbnail","7":"category-marseille","8":"tag-actu","9":"tag-actualites","10":"tag-eu","11":"tag-europe","12":"tag-fr","13":"tag-france","14":"tag-ines-painvin","15":"tag-marseille","16":"tag-news","17":"tag-provence-alpes-cote-dazur","18":"tag-republique-francaise"},"share_on_mastodon":{"url":"https:\/\/pubeurope.com\/@fr\/115019844492322456","error":""},"_links":{"self":[{"href":"https:\/\/www.europesays.com\/fr\/wp-json\/wp\/v2\/posts\/315562","targetHints":{"allow":["GET"]}}],"collection":[{"href":"https:\/\/www.europesays.com\/fr\/wp-json\/wp\/v2\/posts"}],"about":[{"href":"https:\/\/www.europesays.com\/fr\/wp-json\/wp\/v2\/types\/post"}],"author":[{"embeddable":true,"href":"https:\/\/www.europesays.com\/fr\/wp-json\/wp\/v2\/users\/2"}],"replies":[{"embeddable":true,"href":"https:\/\/www.europesays.com\/fr\/wp-json\/wp\/v2\/comments?post=315562"}],"version-history":[{"count":0,"href":"https:\/\/www.europesays.com\/fr\/wp-json\/wp\/v2\/posts\/315562\/revisions"}],"wp:featuredmedia":[{"embeddable":true,"href":"https:\/\/www.europesays.com\/fr\/wp-json\/wp\/v2\/media\/315563"}],"wp:attachment":[{"href":"https:\/\/www.europesays.com\/fr\/wp-json\/wp\/v2\/media?parent=315562"}],"wp:term":[{"taxonomy":"category","embeddable":true,"href":"https:\/\/www.europesays.com\/fr\/wp-json\/wp\/v2\/categories?post=315562"},{"taxonomy":"post_tag","embeddable":true,"href":"https:\/\/www.europesays.com\/fr\/wp-json\/wp\/v2\/tags?post=315562"}],"curies":[{"name":"wp","href":"https:\/\/api.w.org\/{rel}","templated":true}]}}