{"id":315566,"date":"2025-08-13T05:39:15","date_gmt":"2025-08-13T05:39:15","guid":{"rendered":"https:\/\/www.europesays.com\/fr\/315566\/"},"modified":"2025-08-13T05:39:15","modified_gmt":"2025-08-13T05:39:15","slug":"lyon-ce-restaurant-de-lhotel-dieu-ne-marchait-pas-il-a-ferme-en-toute-discretion","status":"publish","type":"post","link":"https:\/\/www.europesays.com\/fr\/315566\/","title":{"rendered":"Lyon. Ce restaurant de l&rsquo;H\u00f4tel-Dieu ne marchait pas, il a ferm\u00e9 en toute discr\u00e9tion"},"content":{"rendered":"<p>            Par<br \/>\n        <strong><br \/>\n            <a href=\"https:\/\/actu.fr\/auteur\/ludivine-caporal\" title=\"Consulter tous les articles de Ludivine Caporal\" target=\"_blank\" rel=\"noopener\">Ludivine Caporal<\/a><br \/>\n        <\/strong><\/p>\n<p>        Publi\u00e9 le<\/p>\n<p>            13 ao\u00fbt 2025 \u00e0 6h48        <\/p>\n<p><strong>INFO ACTU LYON.<\/strong> Le mobilier est encore \u00e0 l\u2019int\u00e9rieur, le bar dans une configuration presque intacte. Pourtant, les portes du <strong>Kabestan<\/strong> sont bien closes depuis maintenant plusieurs mois. Une fermeture qui n\u2019a ni \u00e9t\u00e9 annonc\u00e9e ni expliqu\u00e9e aux clients du restaurant, implant\u00e9 depuis le d\u00e9but au sein du <a href=\"https:\/\/actu.fr\/tag\/hotel-dieu\" target=\"_blank\" rel=\"noopener\">Grand H\u00f4tel-Dieu<\/a> de <a href=\"https:\/\/actu.fr\/auvergne-rhone-alpes\/lyon_69123\" target=\"_blank\" rel=\"noopener\">Lyon<\/a>.\u00a0<\/p>\n<p class=\" wall-content\">L\u2019\u00e9tablissement, qui s\u2019\u00e9tait rapidement retrouv\u00e9 en difficult\u00e9 apr\u00e8s son installation, a finalement \u00e9t\u00e9 <strong>liquid\u00e9 en avril 2025<\/strong> par le tribunal de commerce. Et ce m\u00eame apr\u00e8s avoir chang\u00e9 de mains en septembre 2024 et atterri entre celles d\u2019Aur\u00e9lien Liveneau, <strong>patron du c\u00e9l\u00e8bre bar Le R\u00e9publique<\/strong>, \u00e0 quelques m\u00e8tres de l\u00e0.\u00a0<\/p>\n<p>En redressement judiciaire d\u00e8s 2021<\/p>\n<p class=\" wall-content\">Depuis son ouverture, le <a href=\"https:\/\/actu.fr\/auvergne-rhone-alpes\/lyon_69123\/lyon-on-est-a-bout-de-souffle-les-restaurants-en-grande-difficulte-cet-ete_63026154.html\" target=\"_blank\" rel=\"noopener\">restaurant<\/a> Kabestan n\u2019a en fait jamais r\u00e9ellement r\u00e9ussi \u00e0 maintenir la t\u00eate hors de l\u2019eau. Une premi\u00e8re proc\u00e9dure de redressement judiciaire avait par ailleurs \u00e9t\u00e9 ouverte d\u00e8s 2021, t\u00e9moin des <strong>difficult\u00e9s financi\u00e8res importantes<\/strong> du restaurant.\u00a0<\/p>\n<p class=\" wall-content\">Anciennement intitul\u00e9 <strong>Miss Paradis<\/strong> et renomm\u00e9 Kabestan en 2020, l\u2019\u00e9tablissement plut\u00f4t chic qui proposait une \u00ab\u00a0cuisine m\u00e9diterran\u00e9enne faite maison, des cocktails savoureux et une ambiance festive au c\u0153ur de Lyon\u00a0\u00bb, selon sa propre pr\u00e9sentation, n\u2019aura donc pas suffisamment s\u00e9duit les Lyonnais et les touristes venus visiter le monument r\u00e9nov\u00e9.<\/p>\n<p class=\" wall-content\"><a href=\"https:\/\/www.instagram.com\/p\/C321uQdrZIY\/embed\" title=\"Ouvrir le lien sur Instagram\" target=\"_blank\" rel=\"noopener\">Visualiser le contenu sur Instagram<\/a><\/p>\n<p>Quel avenir ?<\/p>\n<p class=\" wall-content\">Contact\u00e9 par notre r\u00e9daction, Aur\u00e9lien Liveneau n\u2019a pas encore r\u00e9pondu \u00e0 nos sollicitations. Impossible pour le moment, donc, de savoir ce qu\u2019il adviendra de cette cellule donnant \u00e0 la fois sur l\u2019int\u00e9rieur du Grand H\u00f4tel-Dieu, \u00e0 la fois sur la rue Bellecordi\u00e8re gr\u00e2ce \u00e0 ses deux terrasses.\u00a0<\/p>\n<p class=\" wall-content\">Suivez toute l\u2019actualit\u00e9 de vos villes et m\u00e9dias favoris en vous inscrivant \u00e0 <a href=\"https:\/\/moncompte.actu.fr\" title=\"D\u00e9couvez Mon Actu\" rel=\"nofollow noopener\" data-trk=\"{&quot;cta&quot;:{&quot;action&quot;:&quot;https:\\\/\\\/moncompte.actu.fr&quot;,&quot;category&quot;:&quot;mon compte&quot;,&quot;from&quot;:&quot;article footer&quot;,&quot;name&quot;:&quot;Mon actu&quot;,&quot;type&quot;:&quot;cta&quot;}}\" target=\"_blank\">Mon Actu<\/a>.<\/p>\n<p>                    <script async src=\"\/\/www.instagram.com\/embed.js\"><\/script><\/p>\n","protected":false},"excerpt":{"rendered":"Par Ludivine Caporal Publi\u00e9 le 13 ao\u00fbt 2025 \u00e0 6h48 INFO ACTU LYON. Le mobilier est encore \u00e0&hellip;\n","protected":false},"author":2,"featured_media":315567,"comment_status":"","ping_status":"","sticky":false,"template":"","format":"standard","meta":{"footnotes":""},"categories":[1889],"tags":[1111,11,2430,5272,33,1777,674,1011,27,41890,2428,12,25,1340],"class_list":{"0":"post-315566","1":"post","2":"type-post","3":"status-publish","4":"format-standard","5":"has-post-thumbnail","7":"category-lyon","8":"tag-actu","9":"tag-actualites","10":"tag-auvergne-rhone-alpes","11":"tag-bellecour","12":"tag-economie","13":"tag-eu","14":"tag-europe","15":"tag-fr","16":"tag-france","17":"tag-hotel-dieu","18":"tag-lyon","19":"tag-news","20":"tag-republique-francaise","21":"tag-restaurant"},"share_on_mastodon":{"url":"https:\/\/pubeurope.com\/@fr\/115019852274008938","error":""},"_links":{"self":[{"href":"https:\/\/www.europesays.com\/fr\/wp-json\/wp\/v2\/posts\/315566","targetHints":{"allow":["GET"]}}],"collection":[{"href":"https:\/\/www.europesays.com\/fr\/wp-json\/wp\/v2\/posts"}],"about":[{"href":"https:\/\/www.europesays.com\/fr\/wp-json\/wp\/v2\/types\/post"}],"author":[{"embeddable":true,"href":"https:\/\/www.europesays.com\/fr\/wp-json\/wp\/v2\/users\/2"}],"replies":[{"embeddable":true,"href":"https:\/\/www.europesays.com\/fr\/wp-json\/wp\/v2\/comments?post=315566"}],"version-history":[{"count":0,"href":"https:\/\/www.europesays.com\/fr\/wp-json\/wp\/v2\/posts\/315566\/revisions"}],"wp:featuredmedia":[{"embeddable":true,"href":"https:\/\/www.europesays.com\/fr\/wp-json\/wp\/v2\/media\/315567"}],"wp:attachment":[{"href":"https:\/\/www.europesays.com\/fr\/wp-json\/wp\/v2\/media?parent=315566"}],"wp:term":[{"taxonomy":"category","embeddable":true,"href":"https:\/\/www.europesays.com\/fr\/wp-json\/wp\/v2\/categories?post=315566"},{"taxonomy":"post_tag","embeddable":true,"href":"https:\/\/www.europesays.com\/fr\/wp-json\/wp\/v2\/tags?post=315566"}],"curies":[{"name":"wp","href":"https:\/\/api.w.org\/{rel}","templated":true}]}}