{"id":315573,"date":"2025-08-13T05:44:22","date_gmt":"2025-08-13T05:44:22","guid":{"rendered":"https:\/\/www.europesays.com\/fr\/315573\/"},"modified":"2025-08-13T05:44:22","modified_gmt":"2025-08-13T05:44:22","slug":"labit-explique-son-depart-et-le-declin-du-club-en-sen-prenant-severement-a-la-direction","status":"publish","type":"post","link":"https:\/\/www.europesays.com\/fr\/315573\/","title":{"rendered":"Labit explique son d\u00e9part et le d\u00e9clin du club en s\u2019en prenant s\u00e9v\u00e8rement \u00e0 la direction"},"content":{"rendered":"<p>La saison derni\u00e8re a vir\u00e9 au cauchemar pour le Stade Fran\u00e7ais. En 2023, le club parisien pensait pourtant avoir flair\u00e9 le bon coup en nommant un duo Laurent Labit \u2013 Karim Ghezal \u00e0 la t\u00eate de l\u2019\u00e9quipe. Les deux hommes venaient de quitter le staff de Fabien Galthi\u00e9 et du XV de France pour mener \u00e0 bien ce projet. Si dans un premier temps, les Soldats Roses ont r\u00e9ussi une grande saison, terminant deuxi\u00e8mes et \u00e9chouant d\u2019un rien en demi-finale du Top 14, l\u2019an 2 fut bien diff\u00e9rent.<\/p>\n<p>Labit d\u00e9nonce l\u2019absence du propri\u00e9taire<\/p>\n<p>D\u00e8s le d\u00e9but de la saison, le Stade Fran\u00e7ais a encha\u00een\u00e9 les d\u00e9faites et a \u00e9t\u00e9 contraint de jouer son maintien jusqu\u2019\u00e0 l\u2019ultime journ\u00e9e. Au cours de cet exercice, Ghezal a d\u2019abord \u00e9t\u00e9 remerci\u00e9, avant que Laurent Labit ne prenne la porte. Dans les colonnes de <a href=\"https:\/\/www.rugbyrama.fr\/2025\/08\/10\/grands-entretiens-cest-moi-qui-ai-demande-a-quitter-le-club-laurent-labit-sexplique-sur-son-depart-du-stade-francais-12868397.php\" rel=\"nofollow noopener\" target=\"_blank\">Midi Olympique<\/a>, il est revenu sur ce d\u00e9part.<\/p>\n<blockquote>\n<p>\u00ab\u00a0J&rsquo;ai quitt\u00e9 le club \u00e0 ma demande apr\u00e8s seize mois de travail acharn\u00e9. Ce n&rsquo;est pas le club qui m&rsquo;a \u00e9cart\u00e9, c&rsquo;est moi qui ai demand\u00e9 \u00e0 \u00eatre lib\u00e9r\u00e9\u00a0\u00bb<\/p>\n<\/blockquote>\n<p>La gestion du club mise en cause<\/p>\n<p>Pour justifier son choix, l\u2019ancien entra\u00eeneur du Racing a d\u00e9nonc\u00e9 le fonctionnement au sein du club et notamment l\u2019absence de son propri\u00e9taire, Hans-Peter Wild.<\/p>\n<blockquote>\n<p>\u00ab\u00a0Je pense qu&rsquo;il ne connait pas bien son club, il ne sait pas qui fait quoi. Et on ne lui dit pas toujours la v\u00e9rit\u00e9 [&#8230;] Le Stade Fran\u00e7ais est le seul club de Top 14 dirig\u00e9 par un pr\u00e9sident actionnaire absent 90% du temps\u00a0\u00bb<\/p>\n<\/blockquote>\n<p>Pour illustrer son propos, il prend notamment l\u2019exemple de la gestion de la masse salariale du club et du cas de Ga\u00ebl Fickou\u00a0: \u00ab\u00a0A mon arriv\u00e9e, j&rsquo;avais quand m\u00eame un joueur dans la masse salariale qui portait les couleurs du club voisin, Ga\u00ebl Fickou parti au Racing en 2021. C&rsquo;est int\u00e9ressant de voir le montant qui \u00e9tait imput\u00e9 dans notre masse salariale pour un joueur qui n&rsquo;\u00e9voluait plus au Stade Fran\u00e7ais. Le comble, c&rsquo;est que des jeunes \u00e9voluant dans nos clubs partenaires signaient dans d&rsquo;autres club du Top 14 parce que personne ne les connaissait. Ils n&rsquo;\u00e9taient pas identifi\u00e9s, on ne les suivait pas, on ne les avait pas rencontr\u00e9s. Il a fallu tout mettre en place\u00a0\u00bb<\/p>\n<p>Ainsi, Laurent Labit s\u2019en prend \u00e9galement \u00e0 Thomas Lombard, trop peu pr\u00e9sent selon lui\u00a0: \u00ab\u00a0La gestion incombe \u00e0 ce moment l\u00e0 au directeur g\u00e9n\u00e9ral, or il est tr\u00e8s compliqu\u00e9 de travailler sans cadre ni rigueur.\u00a0\u00bb. Depuis, le Stade Fran\u00e7ais est reparti avec Paul Gustard et tentera de s\u2019\u00e9viter une saison gal\u00e8re.<\/p>\n<p>Partagez cette info avec vos amis et vos proches en cliquant ici<br \/>Pour r\u00e9sumer<\/p>\n<p>Laurent Labit est revenu dans les colonnes de Midi Olympique sur son d\u00e9part du Stade Fran\u00e7ais au cours de la derni\u00e8re saison. L\u2019ancien entra\u00eeneur adjoint du XV de France d\u00e9nonce le fonctionnement au sein du club parisien.<\/p>\n<p> <img decoding=\"async\" width=\"76\" height=\"76\" loading=\"lazy\" src=\"https:\/\/www.europesays.com\/fr\/wp-content\/uploads\/2025\/04\/avatar-quinze.png\" alt=\"Arnaud D\u00e9chelotte\"\/><\/p>\n","protected":false},"excerpt":{"rendered":"La saison derni\u00e8re a vir\u00e9 au cauchemar pour le Stade Fran\u00e7ais. En 2023, le club parisien pensait pourtant&hellip;\n","protected":false},"author":2,"featured_media":315574,"comment_status":"","ping_status":"","sticky":false,"template":"","format":"standard","meta":{"footnotes":""},"categories":[1888],"tags":[1111,1928,11,1927,1777,674,1011,27,12,1926,626,1925,25],"class_list":{"0":"post-315573","1":"post","2":"type-post","3":"status-publish","4":"format-standard","5":"has-post-thumbnail","7":"category-paris","8":"tag-actu","9":"tag-actu-paris","10":"tag-actualites","11":"tag-actualites-paris","12":"tag-eu","13":"tag-europe","14":"tag-fr","15":"tag-france","16":"tag-news","17":"tag-news-paris","18":"tag-paris","19":"tag-paris-news","20":"tag-republique-francaise"},"share_on_mastodon":{"url":"https:\/\/pubeurope.com\/@fr\/115019872060587954","error":""},"_links":{"self":[{"href":"https:\/\/www.europesays.com\/fr\/wp-json\/wp\/v2\/posts\/315573","targetHints":{"allow":["GET"]}}],"collection":[{"href":"https:\/\/www.europesays.com\/fr\/wp-json\/wp\/v2\/posts"}],"about":[{"href":"https:\/\/www.europesays.com\/fr\/wp-json\/wp\/v2\/types\/post"}],"author":[{"embeddable":true,"href":"https:\/\/www.europesays.com\/fr\/wp-json\/wp\/v2\/users\/2"}],"replies":[{"embeddable":true,"href":"https:\/\/www.europesays.com\/fr\/wp-json\/wp\/v2\/comments?post=315573"}],"version-history":[{"count":0,"href":"https:\/\/www.europesays.com\/fr\/wp-json\/wp\/v2\/posts\/315573\/revisions"}],"wp:featuredmedia":[{"embeddable":true,"href":"https:\/\/www.europesays.com\/fr\/wp-json\/wp\/v2\/media\/315574"}],"wp:attachment":[{"href":"https:\/\/www.europesays.com\/fr\/wp-json\/wp\/v2\/media?parent=315573"}],"wp:term":[{"taxonomy":"category","embeddable":true,"href":"https:\/\/www.europesays.com\/fr\/wp-json\/wp\/v2\/categories?post=315573"},{"taxonomy":"post_tag","embeddable":true,"href":"https:\/\/www.europesays.com\/fr\/wp-json\/wp\/v2\/tags?post=315573"}],"curies":[{"name":"wp","href":"https:\/\/api.w.org\/{rel}","templated":true}]}}