{"id":315579,"date":"2025-08-13T05:47:14","date_gmt":"2025-08-13T05:47:14","guid":{"rendered":"https:\/\/www.europesays.com\/fr\/315579\/"},"modified":"2025-08-13T05:47:14","modified_gmt":"2025-08-13T05:47:14","slug":"onu-israel-et-russie-vises-par-un-avertissement-sur-des-accusations-de-violences-sexuelles","status":"publish","type":"post","link":"https:\/\/www.europesays.com\/fr\/315579\/","title":{"rendered":"ONU : Isra\u00ebl Et Russie Vis\u00e9s Par Un Avertissement Sur Des Accusations De Violences Sexuelles"},"content":{"rendered":"<p class=\"\" data-is=\"component-paragraph\">Le secr\u00e9taire g\u00e9n\u00e9ral de l\u2019ONU, Antonio Guterres, a adress\u00e9 mardi un avertissement \u00e0 Isra\u00ebl et \u00e0 la Russie, affirmant craindre l\u2019existence de \u00ab\u00a0sch\u00e9mas\u00a0\u00bb de violences sexuelles imput\u00e9es \u00e0 leurs forces arm\u00e9es et de s\u00e9curit\u00e9. Dans son rapport annuel au Conseil de s\u00e9curit\u00e9 sur les violences sexuelles en p\u00e9riode de conflit, il pr\u00e9vient que ces pays pourraient figurer l\u2019an prochain sur la liste des parties soup\u00e7onn\u00e9es de tels actes, a rapport\u00e9 Reuters.<\/p>\n<p class=\"\" data-is=\"component-paragraph\">Les accusations \u00e9voqu\u00e9es contre Isra\u00ebl portent sur des faits suppos\u00e9s dans plusieurs prisons, un centre de d\u00e9tention et une base militaire, incluant violences g\u00e9nitales, nudit\u00e9 forc\u00e9e prolong\u00e9e et fouilles corporelles abusives. Guterres reconna\u00eet que les autorit\u00e9s isra\u00e9liennes ont coop\u00e9r\u00e9 avec son envoy\u00e9e sp\u00e9ciale sur la question, mais juge que les informations sur d\u2019\u00e9ventuelles mesures de responsabilit\u00e9 restent \u00ab\u00a0limit\u00e9es\u00a0\u00bb.<\/p>\n<p class=\"\" data-is=\"component-paragraph\">R\u00e9agissant vivement, l\u2019ambassadeur isra\u00e9lien \u00e0 l\u2019ONU, Danny Danon, a d\u00e9nonc\u00e9 des accusations \u00ab\u00a0infond\u00e9es\u00a0\u00bb et a reproch\u00e9 \u00e0 l\u2019ONU de d\u00e9tourner l\u2019attention des crimes du Hamas. \u00ab\u00a0L\u2019ONU doit se concentrer sur les crimes de guerre choquants et les violences sexuelles du Hamas, ainsi que sur la lib\u00e9ration de tous les otages. Isra\u00ebl continuera de prot\u00e9ger ses citoyens conform\u00e9ment au droit international\u00a0\u00bb, a-t-il affirm\u00e9.<\/p>\n<p class=\"\" data-is=\"component-paragraph\">Le rapport de Guterres cite par ailleurs explicitement le Hamas comme organisation \u00ab\u00a0soup\u00e7onn\u00e9e de commettre ou d\u2019\u00eatre responsable de sch\u00e9mas de viols ou d\u2019autres formes de violences sexuelles\u00a0\u00bb lors du conflit en cours. Le groupe terroriste, \u00e0 l\u2019origine de l\u2019attaque du 7 octobre 2023 qui a d\u00e9clench\u00e9 la guerre \u00e0 Gaza, rejette ces accusations et accuse Isra\u00ebl de \u00ab\u00a0mensonges\u00a0\u00bb.<\/p>\n<p class=\"\" data-is=\"component-paragraph\">Pour J\u00e9rusalem, ces avertissements s\u2019inscrivent dans un climat o\u00f9 certaines institutions internationales tendent \u00e0 mettre sur le m\u00eame plan un \u00c9tat d\u00e9mocratique d\u00e9fendant sa population et des organisations terroristes comme le Hamas. Isra\u00ebl rappelle que son action militaire vise \u00e0 neutraliser une menace persistante et qu\u2019elle se d\u00e9roule dans un cadre l\u00e9gal, contrairement aux exactions av\u00e9r\u00e9es des groupes terroristes palestiniens.<\/p>\n<p class=\"\" data-is=\"component-paragraph\">En parall\u00e8le, Guterres accuse \u00e9galement les forces russes et des groupes affili\u00e9s de violences sexuelles syst\u00e9matiques contre des prisonniers de guerre ukrainiens, citant des m\u00e9thodes de torture incluant \u00e9lectrocution et s\u00e9vices g\u00e9nitaux.<\/p>\n<p class=\"\" data-is=\"component-paragraph\">Pour Isra\u00ebl, ces mises en cause interviennent alors que le pays continue de faire face \u00e0 des menaces s\u00e9curitaires majeures et \u00e0 une campagne internationale de d\u00e9l\u00e9gitimation, que ses repr\u00e9sentants qualifient d\u2019injuste et politiquement motiv\u00e9e.<\/p>\n","protected":false},"excerpt":{"rendered":"Le secr\u00e9taire g\u00e9n\u00e9ral de l\u2019ONU, Antonio Guterres, a adress\u00e9 mardi un avertissement \u00e0 Isra\u00ebl et \u00e0 la Russie,&hellip;\n","protected":false},"author":2,"featured_media":315580,"comment_status":"","ping_status":"","sticky":false,"template":"","format":"standard","meta":{"footnotes":""},"categories":[1591],"tags":[11,1887,12,1885,1886,132],"class_list":{"0":"post-315579","1":"post","2":"type-post","3":"status-publish","4":"format-standard","5":"has-post-thumbnail","7":"category-russie","8":"tag-actualites","9":"tag-federation-de-russie","10":"tag-news","11":"tag-russia","12":"tag-russian-federation","13":"tag-russie"},"share_on_mastodon":{"url":"https:\/\/pubeurope.com\/@fr\/115019883754144079","error":""},"_links":{"self":[{"href":"https:\/\/www.europesays.com\/fr\/wp-json\/wp\/v2\/posts\/315579","targetHints":{"allow":["GET"]}}],"collection":[{"href":"https:\/\/www.europesays.com\/fr\/wp-json\/wp\/v2\/posts"}],"about":[{"href":"https:\/\/www.europesays.com\/fr\/wp-json\/wp\/v2\/types\/post"}],"author":[{"embeddable":true,"href":"https:\/\/www.europesays.com\/fr\/wp-json\/wp\/v2\/users\/2"}],"replies":[{"embeddable":true,"href":"https:\/\/www.europesays.com\/fr\/wp-json\/wp\/v2\/comments?post=315579"}],"version-history":[{"count":0,"href":"https:\/\/www.europesays.com\/fr\/wp-json\/wp\/v2\/posts\/315579\/revisions"}],"wp:featuredmedia":[{"embeddable":true,"href":"https:\/\/www.europesays.com\/fr\/wp-json\/wp\/v2\/media\/315580"}],"wp:attachment":[{"href":"https:\/\/www.europesays.com\/fr\/wp-json\/wp\/v2\/media?parent=315579"}],"wp:term":[{"taxonomy":"category","embeddable":true,"href":"https:\/\/www.europesays.com\/fr\/wp-json\/wp\/v2\/categories?post=315579"},{"taxonomy":"post_tag","embeddable":true,"href":"https:\/\/www.europesays.com\/fr\/wp-json\/wp\/v2\/tags?post=315579"}],"curies":[{"name":"wp","href":"https:\/\/api.w.org\/{rel}","templated":true}]}}