{"id":315585,"date":"2025-08-13T05:50:10","date_gmt":"2025-08-13T05:50:10","guid":{"rendered":"https:\/\/www.europesays.com\/fr\/315585\/"},"modified":"2025-08-13T05:50:10","modified_gmt":"2025-08-13T05:50:10","slug":"les-chiffres-officiels-de-limmigration-illegale-embarrassent-le-gouvernement-de-keir-starmer","status":"publish","type":"post","link":"https:\/\/www.europesays.com\/fr\/315585\/","title":{"rendered":"les chiffres officiels de l&rsquo;immigration ill\u00e9gale embarrassent le gouvernement de Keir Starmer"},"content":{"rendered":"<p>\n                                            Sara Menai<\/p>\n<p>                    06h50 . le 13 ao\u00fbt 2025<\/p>\n<p>            <img decoding=\"async\" alt=\"keir starmer\" src=\"https:\/\/www.europesays.com\/fr\/wp-content\/uploads\/2025\/08\/keir-starmer-a-dublin-pour-une-visite-enterinant-une-nouvelle-ere-entre-irlande-et-royaume-uni.jpg\" width=\"343\" height=\"228\" loading=\"lazy\"\/><\/p>\n<p>                                                    \u00a9 RASID NECATI ASLIM \/ ANADOLU \/ ANADOLU VIA AFP<\/p>\n<p class=\"intro \">Au Royaume-Uni, les chiffres officiels de l&rsquo;immigration ill\u00e9gale mettent \u00e0 mal le gouvernement travailliste de Keir Starmer. Publi\u00e9s ce mardi, ils d\u00e9montrent que les travers\u00e9es ill\u00e9gales de la Manche \u00e0 bord de petites embarcations ont augment\u00e9 de presque 20% depuis l&rsquo;\u00e9lection du Labour Party l&rsquo;an dernier. Sous le feu des critiques, Downing Street continue de promettre des r\u00e9sultats. <\/p>\n<p>C&rsquo;\u00e9tait l&rsquo;une des grandes priorit\u00e9s du parti travailliste. D\u00e8s son \u00e9lection en juillet 2024, <a href=\"https:\/\/www.europe1.fr\/international\/immigration-les-surprenantes-mesures-de-keir-starmer-le-premier-ministre-du-royaume-uni-745933\" target=\"_blank\" rel=\"nofollow noopener\">Keir Starmer<\/a> promettait aux Britanniques de tout faire pour lutter contre l&rsquo;immigration ill\u00e9gale au <a href=\"https:\/\/www.europe1.fr\/dossiers\/royaume-uni\" target=\"_blank\" rel=\"nofollow noopener\">Royaume-Uni<\/a>. Un an plus tard, l&rsquo;heure est au premier bilan et les chiffres sont accablants pour Downing Street.\u00a0<\/p>\n<p>    La suite apr\u00e8s cette publicit\u00e9<\/p>\n<p>    La suite apr\u00e8s cette publicit\u00e9<\/p>\n<p>13.000 de plus que sur la m\u00eame p\u00e9riode l&rsquo;an dernier<\/p>\n<p>50.000 arriv\u00e9es suppl\u00e9mentaires depuis l&rsquo;\u00e9lection du Labour Party, il y a 12 mois, soit 13.000 de plus que sur la m\u00eame p\u00e9riode l&rsquo;an dernier. Le parti travailliste promet que les mesures finiront par porter leur fruit. Une source gouvernementale affirme que plusieurs dizaines de migrants ont \u00e9t\u00e9 arr\u00eat\u00e9s dans le cadre du nouvel accord pass\u00e9 avec la France.\u00a0<\/p>\n<p>Un accord qui est entr\u00e9 en vigueur il y a tout juste une semaine. Les premiers retours devraient avoir lieu dans les semaines \u00e0 venir. Mais le nombre demeure trop infime pour l&rsquo;opposition conservatrice qui d\u00e9nonce les fausses promesses d&rsquo;un Premier ministre dont la cote de popularit\u00e9 a perdu 41 points depuis le mois de juillet.\u00a0<\/p>\n","protected":false},"excerpt":{"rendered":"Sara Menai 06h50 . le 13 ao\u00fbt 2025 \u00a9 RASID NECATI ASLIM \/ ANADOLU \/ ANADOLU VIA AFP&hellip;\n","protected":false},"author":2,"featured_media":315586,"comment_status":"","ping_status":"","sticky":false,"template":"","format":"standard","meta":{"footnotes":""},"categories":[1588],"tags":[11,1777,674,12,473,1853,1851,1850,1852],"class_list":{"0":"post-315585","1":"post","2":"type-post","3":"status-publish","4":"format-standard","5":"has-post-thumbnail","7":"category-royaume-uni","8":"tag-actualites","9":"tag-eu","10":"tag-europe","11":"tag-news","12":"tag-royaume-uni","13":"tag-royaume-uni-de-grande-bretagne-et-dirlande-du-nord","14":"tag-uk","15":"tag-united-kingdom","16":"tag-united-kingdom-of-great-britain-and-northern-ireland"},"share_on_mastodon":{"url":"https:\/\/pubeurope.com\/@fr\/115019895570718671","error":""},"_links":{"self":[{"href":"https:\/\/www.europesays.com\/fr\/wp-json\/wp\/v2\/posts\/315585","targetHints":{"allow":["GET"]}}],"collection":[{"href":"https:\/\/www.europesays.com\/fr\/wp-json\/wp\/v2\/posts"}],"about":[{"href":"https:\/\/www.europesays.com\/fr\/wp-json\/wp\/v2\/types\/post"}],"author":[{"embeddable":true,"href":"https:\/\/www.europesays.com\/fr\/wp-json\/wp\/v2\/users\/2"}],"replies":[{"embeddable":true,"href":"https:\/\/www.europesays.com\/fr\/wp-json\/wp\/v2\/comments?post=315585"}],"version-history":[{"count":0,"href":"https:\/\/www.europesays.com\/fr\/wp-json\/wp\/v2\/posts\/315585\/revisions"}],"wp:featuredmedia":[{"embeddable":true,"href":"https:\/\/www.europesays.com\/fr\/wp-json\/wp\/v2\/media\/315586"}],"wp:attachment":[{"href":"https:\/\/www.europesays.com\/fr\/wp-json\/wp\/v2\/media?parent=315585"}],"wp:term":[{"taxonomy":"category","embeddable":true,"href":"https:\/\/www.europesays.com\/fr\/wp-json\/wp\/v2\/categories?post=315585"},{"taxonomy":"post_tag","embeddable":true,"href":"https:\/\/www.europesays.com\/fr\/wp-json\/wp\/v2\/tags?post=315585"}],"curies":[{"name":"wp","href":"https:\/\/api.w.org\/{rel}","templated":true}]}}