{"id":315587,"date":"2025-08-13T05:51:26","date_gmt":"2025-08-13T05:51:26","guid":{"rendered":"https:\/\/www.europesays.com\/fr\/315587\/"},"modified":"2025-08-13T05:51:26","modified_gmt":"2025-08-13T05:51:26","slug":"allemagne-le-telephone-dun-kosovar-vole-alors-quil-dormait-a-la-gare","status":"publish","type":"post","link":"https:\/\/www.europesays.com\/fr\/315587\/","title":{"rendered":"Allemagne : le t\u00e9l\u00e9phone d&rsquo;un Kosovar vol\u00e9 alors qu&rsquo;il dormait \u00e0 la gare"},"content":{"rendered":"<p>                                                Allemagne : le t\u00e9l\u00e9phone d&rsquo;un Kosovar vol\u00e9 alors qu&rsquo;il dormait \u00e0 la gare                    <\/p>\n<p>                        <img decoding=\"async\" src=\"https:\/\/www.europesays.com\/fr\/wp-content\/uploads\/2025\/08\/train-3384786_1280-768x512-1-600x360.jpg\" alt=\"\"\/><\/p>\n<p>                        nouvelles<\/p>\n<p>                            <img decoding=\"async\" src=\"https:\/\/www.europesays.com\/fr\/wp-content\/uploads\/2025\/08\/1754177174_227_LogoExpress-96x96.png\" alt=\"\"\/><\/p>\n<p>                        Gazeta Express<br \/>\n                        12\/08\/2025 19:03<\/p>\n<p>Le 11 ao\u00fbt, t\u00f4t le matin, une personne s&rsquo;est fait voler son smartphone alors qu&rsquo;elle dormait \u00e0 la gare centrale de Hagen. Gr\u00e2ce \u00e0 une recherche rapide, la police f\u00e9d\u00e9rale a r\u00e9ussi \u00e0 arr\u00eater le suspect et \u00e0 saisir les objets vol\u00e9s, rapporte albinfo.ch.<\/p>\n<p>Le citoyen kosovar de 56 ans s&rsquo;est pr\u00e9sent\u00e9 \u00e0 la police f\u00e9d\u00e9rale vers 2h40 du matin et a d\u00e9clar\u00e9 que son smartphone lui avait \u00e9t\u00e9 vol\u00e9 alors qu&rsquo;il dormait sur un banc dans le hall principal.<\/p>\n<p>Selon son r\u00e9cit, il avait remarqu\u00e9 un homme lui demandant une cigarette et l&rsquo;avait observ\u00e9 avec suspicion. Sur la base de cette description, la police a imm\u00e9diatement interpell\u00e9 un citoyen allemand de 53 ans r\u00e9sidant \u00e0 Kierspe, rapporte news.de. Lors d&rsquo;une perquisition, ils ont retrouv\u00e9 le t\u00e9l\u00e9phone portable vol\u00e9 et l&rsquo;ont restitu\u00e9 \u00e0 son propri\u00e9taire.<\/p>\n<p>Le suspect n&rsquo;a initialement pas fait de d\u00e9claration et, apr\u00e8s avoir re\u00e7u des instructions, a refus\u00e9 de t\u00e9moigner. La police f\u00e9d\u00e9rale a ouvert une enqu\u00eate \u00e0 son encontre pour vol aggrav\u00e9.<\/p>\n","protected":false},"excerpt":{"rendered":"Allemagne : le t\u00e9l\u00e9phone d&rsquo;un Kosovar vol\u00e9 alors qu&rsquo;il dormait \u00e0 la gare nouvelles Gazeta Express 12\/08\/2025 19:03&hellip;\n","protected":false},"author":2,"featured_media":315588,"comment_status":"","ping_status":"","sticky":false,"template":"","format":"standard","meta":{"footnotes":""},"categories":[1587],"tags":[11,672,1804,1805,1803,1777,674,1801,12,1802],"class_list":{"0":"post-315587","1":"post","2":"type-post","3":"status-publish","4":"format-standard","5":"has-post-thumbnail","7":"category-allemagne","8":"tag-actualites","9":"tag-allemagne","10":"tag-bundesrepublik-deutschland","11":"tag-de","12":"tag-deutschland","13":"tag-eu","14":"tag-europe","15":"tag-germany","16":"tag-news","17":"tag-republique-federale-dallemagne"},"share_on_mastodon":{"url":"https:\/\/pubeurope.com\/@fr\/115019899531369823","error":""},"_links":{"self":[{"href":"https:\/\/www.europesays.com\/fr\/wp-json\/wp\/v2\/posts\/315587","targetHints":{"allow":["GET"]}}],"collection":[{"href":"https:\/\/www.europesays.com\/fr\/wp-json\/wp\/v2\/posts"}],"about":[{"href":"https:\/\/www.europesays.com\/fr\/wp-json\/wp\/v2\/types\/post"}],"author":[{"embeddable":true,"href":"https:\/\/www.europesays.com\/fr\/wp-json\/wp\/v2\/users\/2"}],"replies":[{"embeddable":true,"href":"https:\/\/www.europesays.com\/fr\/wp-json\/wp\/v2\/comments?post=315587"}],"version-history":[{"count":0,"href":"https:\/\/www.europesays.com\/fr\/wp-json\/wp\/v2\/posts\/315587\/revisions"}],"wp:featuredmedia":[{"embeddable":true,"href":"https:\/\/www.europesays.com\/fr\/wp-json\/wp\/v2\/media\/315588"}],"wp:attachment":[{"href":"https:\/\/www.europesays.com\/fr\/wp-json\/wp\/v2\/media?parent=315587"}],"wp:term":[{"taxonomy":"category","embeddable":true,"href":"https:\/\/www.europesays.com\/fr\/wp-json\/wp\/v2\/categories?post=315587"},{"taxonomy":"post_tag","embeddable":true,"href":"https:\/\/www.europesays.com\/fr\/wp-json\/wp\/v2\/tags?post=315587"}],"curies":[{"name":"wp","href":"https:\/\/api.w.org\/{rel}","templated":true}]}}