{"id":315591,"date":"2025-08-13T05:53:13","date_gmt":"2025-08-13T05:53:13","guid":{"rendered":"https:\/\/www.europesays.com\/fr\/315591\/"},"modified":"2025-08-13T05:53:13","modified_gmt":"2025-08-13T05:53:13","slug":"lelite-bruxelloise-sait-que-de-nombreux-europeens-sont-daccord-avec-viktor-orban","status":"publish","type":"post","link":"https:\/\/www.europesays.com\/fr\/315591\/","title":{"rendered":"\u00ab L&rsquo;\u00e9lite bruxelloise sait que de nombreux Europ\u00e9ens sont d&rsquo;accord avec Viktor Orb\u00e1n \u00bb"},"content":{"rendered":"<p style=\"text-align: justify;\">Agoston S\u00e1muel Mr\u00e1z est le fondateur et PDG du think tank conservateur N\u00e9z\u0151pont Institute \u00e0 Budapest. Notre confr\u00e8re <strong>Zolt\u00e1n Kott\u00e1sz l\u2019a<\/strong> r\u00e9cemment rencontr\u00e9 en marge du <a href=\"https:\/\/mccfeszt.hu\/\" target=\"_blank\" rel=\"noopener\">MCC Feszt<\/a> \u00e0 Esztergom pour discuter des prochaines \u00e9lections hongroises et de leur signification pour l\u2019Europe. <a href=\"https:\/\/europeanconservative.com\/articles\/interviews\/hungary-fidesz-tisza-orban-magyar-elections-brussels-migration-family-policy-mraz\/\" target=\"_blank\" rel=\"noopener\">Une interview The European Conservative<\/a>, traduction breizh-info.com.<\/p>\n<p><b><strong>Il reste moins d\u2019un an avant les \u00e9lections l\u00e9gislatives hongroises et, selon les sondages, le Fidesz est confront\u00e9 \u00e0 son adversaire le plus redoutable depuis son arriv\u00e9e au pouvoir en 2010. Allons-nous avoir une surprise ? <\/strong><\/b><\/p>\n<p style=\"text-align: justify;\"><strong>\u00c1goston S\u00e1muel Mr\u00e1z :<\/strong> Eh bien, cela d\u00e9pend de vos attentes. Ceux qui pensent que le Parti Tisza m\u00e8ne avec 15 \u00e0 18 % d\u2019avance pourraient en effet avoir une surprise. \u00c0 l\u2019Institut N\u00e9z\u0151pont, nous avons publi\u00e9 fin juin \u2013 et nous n\u2019avons constat\u00e9 aucun changement depuis \u2013 des chiffres montrant que le Fidesz m\u00e8ne avec 44 % contre 39 %, soit une avance de 5 points. C\u2019est une marge confortable, mais pas suffisante pour que le Fidesz puisse se reposer sur ses lauriers. En juin 2024, le soutien \u00e0 Tisza \u00e9tait inf\u00e9rieur de 10 points. Je pense que nous allons vers une course serr\u00e9e au cours des huit prochains mois, mais en tant que parti au pouvoir, le Fidesz commence la lutte avec quelques longueurs d\u2019avance.<\/p>\n<p><b><strong>M\u00eame si, comme le sugg\u00e8rent vos sondages, le Fidesz est l\u00e9g\u00e8rement en t\u00eate, il n\u2019a jamais rencontr\u00e9 d\u2019adversaire aussi fort depuis 2010. Pourquoi ?<\/strong><\/b><\/p>\n<p style=\"text-align: justify;\"><strong>\u00c1goston S\u00e1muel Mr\u00e1z :<\/strong> Il y a plusieurs raisons \u00e0 cela. Depuis 2022, la Hongrie traverse une p\u00e9riode difficile : inflation \u00e9lev\u00e9e, guerre dans un pays voisin et manque de dynamisme \u00e9conomique, principalement d\u00fb \u00e0 des facteurs externes. Ces \u00e9v\u00e9nements ont marqu\u00e9 l\u2019opinion publique, qui cherche quelqu\u2019un \u00e0 bl\u00e2mer. Le gouvernement insiste depuis longtemps sur le fait qu\u2019il fait tout son possible pour g\u00e9rer la situation. L\u2019opposition, d\u00e9sormais dirig\u00e9e par le parti Tisza, tente de convaincre les Hongrois que le gouvernement est enti\u00e8rement responsable et que si Viktor Orb\u00e1n n\u2019est plus Premier ministre, tout sera r\u00e9gl\u00e9 du jour au lendemain. Mais permettez-moi de dire ceci : m\u00eame si le Fidesz perdait, ce ne serait pas une d\u00e9faite totale. Il formerait une opposition tr\u00e8s forte.<\/p>\n<p style=\"text-align: justify;\">Donc oui, le mauvais \u00e9tat d\u2019esprit de la population est un facteur. L\u2019autre est que Tisza, en tant que nouvelle force politique, a mis en \u0153uvre une nouvelle strat\u00e9gie. Auparavant, l\u2019opposition avait tout essay\u00e9 \u2013 diff\u00e9rentes variantes d\u2019alliances \u2013 pour vaincre le Fidesz, mais elle a subi une d\u00e9faite totale en 2022. Il \u00e9tait clair qu\u2019aucune nouvelle variante ne pourrait \u00e9merger de cette vieille opposition. T\u00f4t ou tard, une nouvelle force politique allait \u00e9merger, et d\u00e9but 2024, elle a fait irruption sur la sc\u00e8ne politique.<\/p>\n<p style=\"text-align: justify;\">Avec le recul, rares sont les analystes qui avaient pr\u00e9vu cela, mais beaucoup d\u2019entre nous soup\u00e7onnions que cela finirait par arriver. Orb\u00e1n lui-m\u00eame l\u2019avait pr\u00e9dit. En 2009, dans son discours \u00e0 K\u00f6tcse, il avait d\u00e9clar\u00e9 qu\u2019il y avait une chance r\u00e9aliste que le Fidesz domine les 15 \u00e0 20 prochaines ann\u00e9es. Il avait mieux que quiconque pr\u00e9vu que cette p\u00e9riode ne serait que temporaire : si une nouvelle force politique \u00e9mergeait en p\u00e9riode de difficult\u00e9s \u00e9conomiques et rempla\u00e7ait les anciens partis d\u2019opposition, cette force deviendrait un rival s\u00e9rieux pour le Fidesz.<\/p>\n<p><b><strong>Le Parti Tisza si\u00e8ge au sein du Parti populaire europ\u00e9en, mais id\u00e9ologiquement, o\u00f9 se situe-t-il ?<\/strong><\/b><\/p>\n<p style=\"text-align: justify;\"><strong>\u00c1goston S\u00e1muel Mr\u00e1z :<\/strong> Nulle part. Tisza n\u2019a aucune valeur, aucun programme et rien \u00e0 dire sur l\u2019avenir de la Hongrie. Il s\u2019agit actuellement d\u2019un mouvement de protestation construit autour d\u2019une seule personne. M\u00eame nous, les analystes, avons du mal \u00e0 citer des personnalit\u00e9s s\u00e9rieuses au sein du parti. Tout est domin\u00e9 par P\u00e9ter Magyar. Il s\u2019agit donc pour l\u2019instant d\u2019un mouvement protestataire men\u00e9 par un seul homme, sans valeurs, sans vision et sans programme.<\/p>\n<p style=\"text-align: justify;\">Son plus grand d\u00e9fi est de convaincre les \u00e9lecteurs qu\u2019il est capable de gouverner. \u00c0 l\u2019heure actuelle, si les \u00e9lecteurs veulent voter contre le gouvernement, ils pourraient se tourner vers le Tisza. Mais s\u2019ils veulent un autre type de gouvernance, le Tisza a du mal \u00e0 proposer une alternative claire. Il a certes des promesses, mais aucune vision claire, aucune priorit\u00e9 politique, aucune position sur des questions telles que la soci\u00e9t\u00e9 ou l\u2019Europe.<\/p>\n<p><b>L\u2019une des grandes diff\u00e9rences entre Viktor Orb\u00e1n et le Fidesz concerne la question ukrainienne. Dans son <\/b><a href=\"https:\/\/europeanconservative.com\/articles\/news\/orban-no-eu-budget-deal-without-hungarys-e12-billion\/\" target=\"_blank\" rel=\"noopener\"><b>discours \u00e0 Tusv\u00e1nyos<\/b><\/a><b>, Orb\u00e1n a m\u00eame laiss\u00e9 entendre que si le Fidesz restait au pouvoir, la Hongrie resterait d\u00e9finitivement en dehors de la guerre, alors que si l\u2019opposition l\u2019emportait, cela serait incertain. Le contraste entre les deux partis est-il vraiment si marqu\u00e9 ?<\/b><\/p>\n<p style=\"text-align: justify;\"><strong>\u00c1goston S\u00e1muel Mr\u00e1z :<\/strong> Absolument. P\u00e9ter Magyar a prononc\u00e9 un discours \u00e0 Sz\u00e9kesfeh\u00e9rv\u00e1r \u00e0 peu pr\u00e8s au m\u00eame moment que celui de Tusv\u00e1nyos. Ce discours \u00e9tait truff\u00e9 de rh\u00e9torique, mais pour nous, analystes, quelques points ont retenu notre attention. Il a d\u00e9clar\u00e9 que la seule fa\u00e7on correcte d\u2019obtenir des fonds europ\u00e9ens \u00e9tait de respecter le droit europ\u00e9en et de renforcer la loyaut\u00e9 envers nos alli\u00e9s europ\u00e9ens. Si vous \u00e9coutez l\u2019int\u00e9gralit\u00e9 de ce discours d\u2019une heure et vingt minutes, vous entendrez exactement ces termes.<\/p>\n<p style=\"text-align: justify;\">Cela signifie s\u2019aligner sur la majorit\u00e9 de l\u2019UE, la \u00ab coalition des volontaires \u00bb qui soutient la prolongation de la guerre en Ukraine avec de l\u2019argent, des armes et des renseignements au lieu de pousser \u00e0 des pourparlers de paix. Magyar s\u2019aligne sur eux. C\u2019est une diff\u00e9rence r\u00e9elle et significative entre le Fidesz et Tisza.<\/p>\n<p style=\"text-align: justify;\">Il est dans l\u2019int\u00e9r\u00eat du Fidesz de parler de ces diff\u00e9rences, tandis que P\u00e9ter Magyar veut que toute l\u2019attention se concentre uniquement sur Orb\u00e1n. Mais dans une d\u00e9mocratie, nous ne devons pas voter uniquement en fonction des personnalit\u00e9s, nous devons comprendre les politiques qui les sous-tendent. Et sur l\u2019Ukraine, la politique familiale et les relations futures avec Bruxelles, il existe des diff\u00e9rences r\u00e9elles et marqu\u00e9es.<\/p>\n<p><b>Donc, si Tisza arrivait au pouvoir et que l\u2019UE exigeait certaines politiques en \u00e9change des fonds europ\u00e9ens, la politique pro-familiale du Fidesz pourrait \u00eatre abandonn\u00e9e et Tisza pourrait se rallier \u00e0 des questions telles que la migration et l\u2019id\u00e9ologie du genre ?<\/b><\/p>\n<p style=\"text-align: justify;\"><strong>\u00c1goston S\u00e1muel Mr\u00e1z :<\/strong> Oui, ce sont des questions sur lesquelles il existe une autre diff\u00e9rence claire. Si Tisza l\u2019emportait, le sc\u00e9nario le plus probable serait qu\u2019il revienne sur bon nombre de ses promesses, qu\u2019il pr\u00eate all\u00e9geance aux dirigeants actuels de l\u2019UE et qu\u2019il agisse en cons\u00e9quence. Ce n\u2019est pas une simple sp\u00e9culation. P\u00e9ter Magyar lui-m\u00eame a d\u00e9clar\u00e9 que [le Premier ministre polonais] Donald Tusk \u00e9tait son mod\u00e8le politique. Il suffit de regarder la Pologne. Ce qui se passe l\u00e0-bas se produirait ici.<\/p>\n<p style=\"text-align: justify;\">En Pologne, la transition du pouvoir a comport\u00e9 des \u00e9l\u00e9ments antid\u00e9mocratiques. Ils ont d\u00e9mantel\u00e9 l\u2019\u00c9tat de droit \u00e0 tel point qu\u2019il n\u2019est m\u00eame pas certain que de nombreux juges soient l\u00e9galement en fonction. La Cour constitutionnelle a \u00e9t\u00e9 mise \u00e0 l\u2019\u00e9cart, priv\u00e9e de financement et accus\u00e9e de comploter un coup d\u2019\u00c9tat. Si Magyar prend Tusk pour mod\u00e8le, c\u2019est l\u00e0 que nous allons.<\/p>\n<p style=\"text-align: justify;\">Le discours d\u2019Orb\u00e1n \u00e0 Tusv\u00e1nyos a \u00e9t\u00e9 crucial dans ce contexte. Il a propos\u00e9 une vision diff\u00e9rente pour obtenir les fonds europ\u00e9ens.<\/p>\n<p style=\"text-align: justify;\">Magyar parle de loyaut\u00e9 envers l\u2019alliance. Orb\u00e1n affirme que la Hongrie devrait utiliser son droit de veto lors des prochaines n\u00e9gociations sur le budget de l\u2019UE pour exiger les fonds qui lui reviennent. Ce n\u2019est donc pas seulement le sc\u00e9nario \u00e0 la Donald Tusk de P\u00e9ter Magyar, mais aussi la strat\u00e9gie de n\u00e9gociation muscl\u00e9e de Viktor Orb\u00e1n qui promet \u00e0 la Hongrie d\u2019obtenir les fonds europ\u00e9ens.<\/p>\n<p><b>La Hongrie appara\u00eet souvent dans les m\u00e9dias internationaux comme un trouble-f\u00eate, opposant syst\u00e9matiquement son veto aux d\u00e9cisions de l\u2019UE. Pourquoi la Hongrie se d\u00e9marque-t-elle ainsi ?<\/b><\/p>\n<p style=\"text-align: justify;\"><strong>\u00c1goston S\u00e1muel Mr\u00e1z :<\/strong> La Hongrie parle beaucoup de veto, mais cela fait partie des outils dont disposent les petits pays pour faire valoir leurs int\u00e9r\u00eats. C\u2019est pourquoi les trait\u00e9s europ\u00e9ens accordent aux \u00c9tats membres le droit de veto dans certains cas. Si l\u2019UE avait \u00e9t\u00e9 con\u00e7ue d\u00e8s le d\u00e9part sur le principe de la majorit\u00e9, la Hongrie n\u2019y aurait peut-\u00eatre jamais adh\u00e9r\u00e9, car elle n\u2019aurait pas eu les moyens de prot\u00e9ger ses int\u00e9r\u00eats nationaux.<\/p>\n<p style=\"text-align: justify;\">Il existe diff\u00e9rents types de veto : la menace publique d\u2019un veto, la suggestion d\u2019un veto lors de n\u00e9gociations \u00e0 huis clos et l\u2019exercice effectif d\u2019un veto. La Hongrie exerce rarement son droit de veto. M\u00eame concernant l\u2019adh\u00e9sion de l\u2019Ukraine \u00e0 l\u2019UE et le d\u00e9but des n\u00e9gociations, Viktor Orb\u00e1n s\u2019est content\u00e9 de dire : \u00ab D\u00e9cidez sans moi, je ne soutiens pas cette d\u00e9cision \u00bb. Ce n\u2019\u00e9tait pas un veto.<\/p>\n<p style=\"text-align: justify;\">Ainsi, lorsque les gens parlent des vetos d\u2019Orb\u00e1n, ils oublient qu\u2019il s\u2019agit simplement d\u2019un outil de n\u00e9gociation. D\u2019autres pays l\u2019utilisent \u00e9galement. Les Danois ont mis au point il y a plusieurs d\u00e9cennies une m\u00e9thode selon laquelle leur gouvernement re\u00e7oit un mandat de n\u00e9gociation de leur parlement national \u2013 c\u2019est ce qu\u2019on appelle la th\u00e9orie du \u00ab double jeu \u00bb. Lors des n\u00e9gociations \u00e0 Bruxelles, ils font r\u00e9f\u00e9rence \u00e0 leur parlement national comme \u00e0 une contrainte, de sorte qu\u2019ils ne peuvent pas faire de compromis sur n\u2019importe quoi ; chez eux, ils utilisent la pression europ\u00e9enne comme justification pour faire valoir leurs int\u00e9r\u00eats. Ainsi, tous les pays intelligents, en tant que membres de l\u2019Union europ\u00e9enne, utilisent le veto inscrit dans les trait\u00e9s, pas n\u00e9cessairement pour opposer un veto, mais comme tactique de n\u00e9gociation.<\/p>\n<p><b><strong>Dans le contexte europ\u00e9en, pourquoi les \u00e9lections hongroises sont-elles importantes ?<\/strong><\/b><\/p>\n<p style=\"text-align: justify;\"><strong>\u00c1goston S\u00e1muel Mr\u00e1z :<\/strong> Parce que la Hongrie est actuellement le seul membre du Conseil europ\u00e9en \u2013 le forum des Premiers ministres \u2013 qui r\u00e9clame ouvertement une r\u00e9forme : une UE des \u00c9tats-nations plut\u00f4t qu\u2019un super-\u00c9tat f\u00e9d\u00e9ral. Les grands pays comme la France, l\u2019Allemagne et maintenant la Pologne veulent une Europe f\u00e9d\u00e9rale. Il existe ensuite un troisi\u00e8me groupe dont les votes peuvent \u00eatre \u00ab achet\u00e9s \u00bb gr\u00e2ce \u00e0 des incitations telles que les fonds europ\u00e9ens ou des exceptions juridiques.<\/p>\n<p style=\"text-align: justify;\">Si Orb\u00e1n \u00e9tait remplac\u00e9 par Tisza, la Hongrie passerait dans ce camp. Bruxelles deviendrait plus terne, plus uniforme et moins repr\u00e9sentative de ce que pensent r\u00e9ellement la plupart des Europ\u00e9ens. L\u2019importance d\u2019Orb\u00e1n ne r\u00e9side pas seulement dans le fait qu\u2019il repr\u00e9sente 2 % de la population de l\u2019UE, mais aussi dans le fait que l\u2019\u00e9lite bruxelloise sait que de nombreux Europ\u00e9ens sont d\u2019accord avec lui, que ce soit ouvertement ou tacitement. C\u2019est pourquoi ils le prennent au s\u00e9rieux.<\/p>\n<p style=\"text-align: justify;\">Cr\u00e9dit photo : Marjo\/Twitter<br \/>[cc] Breizh-info.com, 2025, d\u00e9p\u00eaches libres de copie et de diffusion sous r\u00e9serve de mention et de lien vers la source d\u2019origine<\/p>\n","protected":false},"excerpt":{"rendered":"Agoston S\u00e1muel Mr\u00e1z est le fondateur et PDG du think tank conservateur N\u00e9z\u0151pont Institute \u00e0 Budapest. Notre confr\u00e8re&hellip;\n","protected":false},"author":2,"featured_media":292693,"comment_status":"","ping_status":"","sticky":false,"template":"","format":"standard","meta":{"footnotes":""},"categories":[1586],"tags":[11,45445,1777,674,1779,1011,27,804,12,43269,25,1778,364],"class_list":{"0":"post-315591","1":"post","2":"type-post","3":"status-publish","4":"format-standard","5":"has-post-thumbnail","7":"category-europe","8":"tag-actualites","9":"tag-agoston-samuel-mraz","10":"tag-eu","11":"tag-europe","12":"tag-european-union","13":"tag-fr","14":"tag-france","15":"tag-hongrie","16":"tag-news","17":"tag-orban","18":"tag-republique-francaise","19":"tag-ue","20":"tag-union-europeenne"},"share_on_mastodon":{"url":"https:\/\/pubeurope.com\/@fr\/115019907505933307","error":""},"_links":{"self":[{"href":"https:\/\/www.europesays.com\/fr\/wp-json\/wp\/v2\/posts\/315591","targetHints":{"allow":["GET"]}}],"collection":[{"href":"https:\/\/www.europesays.com\/fr\/wp-json\/wp\/v2\/posts"}],"about":[{"href":"https:\/\/www.europesays.com\/fr\/wp-json\/wp\/v2\/types\/post"}],"author":[{"embeddable":true,"href":"https:\/\/www.europesays.com\/fr\/wp-json\/wp\/v2\/users\/2"}],"replies":[{"embeddable":true,"href":"https:\/\/www.europesays.com\/fr\/wp-json\/wp\/v2\/comments?post=315591"}],"version-history":[{"count":0,"href":"https:\/\/www.europesays.com\/fr\/wp-json\/wp\/v2\/posts\/315591\/revisions"}],"wp:featuredmedia":[{"embeddable":true,"href":"https:\/\/www.europesays.com\/fr\/wp-json\/wp\/v2\/media\/292693"}],"wp:attachment":[{"href":"https:\/\/www.europesays.com\/fr\/wp-json\/wp\/v2\/media?parent=315591"}],"wp:term":[{"taxonomy":"category","embeddable":true,"href":"https:\/\/www.europesays.com\/fr\/wp-json\/wp\/v2\/categories?post=315591"},{"taxonomy":"post_tag","embeddable":true,"href":"https:\/\/www.europesays.com\/fr\/wp-json\/wp\/v2\/tags?post=315591"}],"curies":[{"name":"wp","href":"https:\/\/api.w.org\/{rel}","templated":true}]}}