{"id":315592,"date":"2025-08-13T05:54:19","date_gmt":"2025-08-13T05:54:19","guid":{"rendered":"https:\/\/www.europesays.com\/fr\/315592\/"},"modified":"2025-08-13T05:54:19","modified_gmt":"2025-08-13T05:54:19","slug":"horoscope-de-tous-les-signes-du-mercredi-13-aout-2025","status":"publish","type":"post","link":"https:\/\/www.europesays.com\/fr\/315592\/","title":{"rendered":"Horoscope de tous les signes du mercredi 13 Ao\u00fbt 2025"},"content":{"rendered":"<p>Bonjour \u00e0 toutes et \u00e0 tous,<\/p>\n<p>Bienvenue dans l&rsquo;univers cosmique de votre horoscope pour ce mercredi 13 ao\u00fbt 2025. Alors que le soleil brille toujours en plein c\u0153ur de l&rsquo;\u00e9t\u00e9, les astres s&rsquo;alignent aujourd&rsquo;hui pour insuffler \u00e0 chacun d&rsquo;entre nous une \u00e9nergie unique et vibrante. Avec la lune \u00e9voluant dans la dynamique constellation du B\u00e9lier, attendez-vous \u00e0 une journ\u00e9e riche en initiatives audacieuses et en d\u00e9couvertes personnelles. Les influences plan\u00e9taires nous incitent \u00e0 embrasser le changement et \u00e0 saisir les opportunit\u00e9s qui se pr\u00e9sentent \u00e0 nous. Pr\u00e9parez-vous \u00e0 explorer de nouveaux horizons et \u00e0 vous reconnecter avec votre essence la plus authentique. Que vous r\u00e9servent les \u00e9toiles pour cette journ\u00e9e ? Plongeons ensemble dans les myst\u00e8res c\u00e9lestes qui guideront vos pas.<\/p>\n<p><img loading=\"lazy\" decoding=\"async\" class=\"wp-image-27305 aligncenter\" src=\"https:\/\/www.europesays.com\/fr\/wp-content\/uploads\/2025\/08\/9JmdytMwnI.jpeg\" alt=\"\" width=\"600\" height=\"600\"\/><\/p>\n<p>Horoscope Gemeaux du jour<\/p>\n<p class=\"horoscope-summary\">Sous l&rsquo;influence des astres, cette journ\u00e9e promet aux G\u00e9meaux une \u00e9nergie contrast\u00e9e, entre d\u00e9couvertes stimulantes et d\u00e9fis subtils \u00e0 surmonter. Attendez-vous \u00e0 des r\u00e9v\u00e9lations inattendues dans vos relations et \u00e0 des incertitudes \u00e0 g\u00e9rer prudemment sur les plans professionnel et de la sant\u00e9.<\/p>\n<p><a href=\"https:\/\/journaldesseniors.20minutes.fr\/horoscope\/horoscope-gemeaux-du-mercredi-13-aout-2025\/\" class=\"readmore_horoscope\" target=\"_blank\" rel=\"noopener\">Lire la suite de l&rsquo;horoscope G\u00e9meaux  du jour<\/a><\/p>\n<p><img loading=\"lazy\" decoding=\"async\" class=\"wp-image-27307 aligncenter\" src=\"data:image\/svg+xml,%3Csvg%20xmlns=\" http:=\"\" alt=\"\" width=\"600\" height=\"600\" data-lazy-src=\"https:\/\/www.europesays.com\/fr\/wp-content\/uploads\/2025\/08\/98bVZqPhy1.jpeg\"\/><\/p>\n<p>Horoscope Belier du jour<\/p>\n<p class=\"horoscope-summary\">En ce 13 ao\u00fbt 2025, B\u00e9liers, d&rsquo;incroyables opportunit\u00e9s et surprises pourraient bouleverser votre journ\u00e9e de mani\u00e8re inattendue. Que ce soit en amour, au travail ou en sant\u00e9, l&rsquo;univers semble pr\u00eat \u00e0 vous offrir des moments m\u00e9morables \u00e0 ne surtout pas laisser filer.<\/p>\n<p><a href=\"https:\/\/journaldesseniors.20minutes.fr\/horoscope\/horoscope-belier-du-mercredi-13-aout-2025\/\" class=\"readmore_horoscope\" target=\"_blank\" rel=\"noopener\">Lire la suite de l&rsquo;horoscope B\u00e9lier  du jour<\/a><\/p>\n<p><img loading=\"lazy\" decoding=\"async\" class=\"wp-image-27309 aligncenter\" src=\"data:image\/svg+xml,%3Csvg%20xmlns=\" http:=\"\" alt=\"\" width=\"600\" height=\"600\" data-lazy-src=\"https:\/\/www.europesays.com\/fr\/wp-content\/uploads\/2025\/08\/IGABykmJ5a.jpeg\"\/><\/p>\n<p>Horoscope Taureau du jour<\/p>\n<p class=\"horoscope-summary\">Le mercredi 13 ao\u00fbt 2025, les Taureaux sont entour\u00e9s de puissantes \u00e9nergies astrales, favorisant aussi bien les relations sociales que la stabilit\u00e9 \u00e9motionnelle. Cependant, des d\u00e9fis inattendus, notamment li\u00e9s \u00e0 la sant\u00e9, incitent \u00e0 la prudence et \u00e0 l&rsquo;introspection.<\/p>\n<p><a href=\"https:\/\/journaldesseniors.20minutes.fr\/horoscope\/horoscope-taureau-du-mercredi-13-aout-2025\/\" class=\"readmore_horoscope\" target=\"_blank\" rel=\"noopener\">Lire la suite de l&rsquo;horoscope Taureau  du jour<\/a><\/p>\n<p><img loading=\"lazy\" decoding=\"async\" class=\"wp-image-27311 aligncenter\" src=\"data:image\/svg+xml,%3Csvg%20xmlns=\" http:=\"\" alt=\"\" width=\"600\" height=\"600\" data-lazy-src=\"https:\/\/www.europesays.com\/fr\/wp-content\/uploads\/2025\/08\/FtyxBUhDa2.jpeg\"\/><\/p>\n<p>Horoscope Cancer du jour<\/p>\n<p class=\"horoscope-summary\">Ce mercredi 13 ao\u00fbt 2025 pourrait apporter aux natifs du Cancer des \u00e9motions intenses et des opportunit\u00e9s inattendues, les incitant \u00e0 se fier \u00e0 leur intuition pour naviguer \u00e0 travers les incertitudes de la journ\u00e9e. Entre une introspection n\u00e9cessaire sur les liens affectifs et des d\u00e9veloppements prometteurs sur le plan professionnel et financier, cette journ\u00e9e pourrait bien marquer un tournant d\u00e9cisif.<\/p>\n<p><a href=\"https:\/\/journaldesseniors.20minutes.fr\/horoscope\/horoscope-cancer-du-mercredi-13-aout-2025\/\" class=\"readmore_horoscope\" target=\"_blank\" rel=\"noopener\">Lire la suite de l&rsquo;horoscope Cancer  du jour<\/a><\/p>\n<p><img loading=\"lazy\" decoding=\"async\" class=\"wp-image-27313 aligncenter\" src=\"data:image\/svg+xml,%3Csvg%20xmlns=\" http:=\"\" alt=\"\" width=\"600\" height=\"600\" data-lazy-src=\"https:\/\/www.europesays.com\/fr\/wp-content\/uploads\/2025\/08\/rbUOJjyXwP.jpeg\"\/><\/p>\n<p>Horoscope Lion du jour<\/p>\n<p class=\"horoscope-summary\">Ce mercredi 13 ao\u00fbt 2025, les Lions pourraient bien d\u00e9couvrir des opportunit\u00e9s surprenantes gr\u00e2ce \u00e0 une \u00e9nergie revitalisante dans diff\u00e9rents aspects de leur vie. Que ce soit dans leurs relations familiales, professionnelles ou personnelles, un m\u00e9lange de charisme, de soutien et de passion pourrait les guider vers des succ\u00e8s inattendus.<\/p>\n<p><a href=\"https:\/\/journaldesseniors.20minutes.fr\/horoscope\/horoscope-lion-du-mercredi-13-aout-2025\/\" class=\"readmore_horoscope\" target=\"_blank\" rel=\"noopener\">Lire la suite de l&rsquo;horoscope Lion  du jour<\/a><\/p>\n<p><img loading=\"lazy\" decoding=\"async\" class=\"wp-image-27326 aligncenter\" src=\"data:image\/svg+xml,%3Csvg%20xmlns=\" http:=\"\" alt=\"\" width=\"600\" height=\"600\" data-lazy-src=\"https:\/\/www.europesays.com\/fr\/wp-content\/uploads\/2025\/08\/V7dGZxCq5E.jpeg\"\/><\/p>\n<p>Horoscope Vierge du jour<\/p>\n<p class=\"horoscope-summary\">Les natifs de la Vierge pourraient \u00eatre surpris par des opportunit\u00e9s et des changements inattendus qui \u00e9mergeront dans divers aspects de leur vie, les poussant \u00e0 rester ouverts et attentifs aux signaux subtils de l&rsquo;univers. Au milieu de cette agitation, une rencontre intrigante et des nouvelles financi\u00e8res prometteuses pourraient venir bouleverser agr\u00e9ablement leur quotidien, ajoutant une couche de myst\u00e8re \u00e0 leur qu\u00eate d&rsquo;harmonie et de r\u00e9ussite.<\/p>\n<p><a href=\"https:\/\/journaldesseniors.20minutes.fr\/horoscope\/horoscope-vierge-du-mercredi-13-aout-2025\/\" class=\"readmore_horoscope\" target=\"_blank\" rel=\"noopener\">Lire la suite de l&rsquo;horoscope Vierge  du jour<\/a><\/p>\n<p><img loading=\"lazy\" decoding=\"async\" class=\"wp-image-27328 aligncenter\" src=\"data:image\/svg+xml,%3Csvg%20xmlns=\" http:=\"\" alt=\"\" width=\"600\" height=\"600\" data-lazy-src=\"https:\/\/www.europesays.com\/fr\/wp-content\/uploads\/2025\/08\/wGAHys6CXq.jpeg\"\/><\/p>\n<p>Horoscope Balance du jour<\/p>\n<p class=\"horoscope-summary\">Au milieu de tensions familiales et de possibles d\u00e9sillusions amoureuses, les Balances sont pouss\u00e9es \u00e0 l&rsquo;introspection pour surmonter les d\u00e9fis cach\u00e9s de leur vie personnelle. Dans le domaine professionnel et financier, une \u00e9nergie positive et prometteuse ouvre la voie \u00e0 des surprises inattendues, tandis que l&rsquo;\u00e9quilibre \u00e9motionnel reste essentiel pour naviguer \u00e0 travers les doutes de la journ\u00e9e.<\/p>\n<p><a href=\"https:\/\/journaldesseniors.20minutes.fr\/horoscope\/horoscope-balance-du-mercredi-13-aout-2025\/\" class=\"readmore_horoscope\" target=\"_blank\" rel=\"noopener\">Lire la suite de l&rsquo;horoscope Balance  du jour<\/a><\/p>\n<p><img loading=\"lazy\" decoding=\"async\" class=\"wp-image-27331 aligncenter\" src=\"data:image\/svg+xml,%3Csvg%20xmlns=\" http:=\"\" alt=\"\" width=\"600\" height=\"600\" data-lazy-src=\"https:\/\/www.europesays.com\/fr\/wp-content\/uploads\/2025\/08\/NdC8Bkcosf.jpeg\"\/><\/p>\n<p>Horoscope Scorpion du jour<\/p>\n<p class=\"horoscope-summary\">En ce 13 ao\u00fbt 2025, Scorpion, les astres vous r\u00e9servent des d\u00e9veloppements intrigants dans vos relations et votre carri\u00e8re, o\u00f9 la communication et l&rsquo;\u00e9coute attentive jouent un r\u00f4le crucial. Soyez pr\u00eat \u00e0 naviguer des tensions inattendues dans votre vie personnelle et \u00e0 examiner de pr\u00e8s une opportunit\u00e9 financi\u00e8re qui pourrait surgir de mani\u00e8re surprenante, tout en gardant un \u0153il sur votre sant\u00e9.<\/p>\n<p><a href=\"https:\/\/journaldesseniors.20minutes.fr\/horoscope\/horoscope-scorpion-du-mercredi-13-aout-2025\/\" class=\"readmore_horoscope\" target=\"_blank\" rel=\"noopener\">Lire la suite de l&rsquo;horoscope Scorpion  du jour<\/a><\/p>\n<p><img loading=\"lazy\" decoding=\"async\" class=\"wp-image-27333 aligncenter\" src=\"data:image\/svg+xml,%3Csvg%20xmlns=\" http:=\"\" alt=\"\" width=\"600\" height=\"600\" data-lazy-src=\"https:\/\/www.europesays.com\/fr\/wp-content\/uploads\/2025\/08\/AyL0PGB16w.jpeg\"\/><\/p>\n<p>Horoscope Sagittaire du jour<\/p>\n<p class=\"horoscope-summary\">Aujourd&rsquo;hui, cher Sagittaire, attendez-vous \u00e0 des surprises intrigantes qui pourraient raviver certaines \u00e9motions et offrir de nouvelles avenues dans votre vie personnelle et professionnelle. De plus, une opportunit\u00e9 financi\u00e8re inattendue pourrait se pr\u00e9senter, mais attention aux d\u00e9tails cach\u00e9s qui pourraient influencer son issue.<\/p>\n<p><a href=\"https:\/\/journaldesseniors.20minutes.fr\/horoscope\/horoscope-sagittaire-du-mercredi-13-aout-2025\/\" class=\"readmore_horoscope\" target=\"_blank\" rel=\"noopener\">Lire la suite de l&rsquo;horoscope Sagittaire  du jour<\/a><\/p>\n<p><img loading=\"lazy\" decoding=\"async\" class=\"wp-image-27335 aligncenter\" src=\"data:image\/svg+xml,%3Csvg%20xmlns=\" http:=\"\" alt=\"\" width=\"600\" height=\"600\" data-lazy-src=\"https:\/\/www.europesays.com\/fr\/wp-content\/uploads\/2025\/08\/f1R0sHCpWg.jpeg\"\/><\/p>\n<p>Horoscope Capricorne du jour<\/p>\n<p class=\"horoscope-summary\">Aujourd&rsquo;hui, chers Capricornes, le cosmos semble comploter avec des surprises intrigantes et des d\u00e9fis qui pourraient bouleverser votre routine, vous poussant \u00e0 faire preuve d&rsquo;une grande pers\u00e9v\u00e9rance. Dans cette danse cosmique, votre vie personnelle et professionnelle pourrait conna\u00eetre des remous inattendus n\u00e9cessitant une grande vigilance et une introspection sinc\u00e8re pour saisir des opportunit\u00e9s cach\u00e9es tout en vous m\u00e9nageant.<\/p>\n<p><a href=\"https:\/\/journaldesseniors.20minutes.fr\/horoscope\/horoscope-capricorne-du-mercredi-13-aout-2025\/\" class=\"readmore_horoscope\" target=\"_blank\" rel=\"noopener\">Lire la suite de l&rsquo;horoscope Capricorne  du jour<\/a><\/p>\n<p><img loading=\"lazy\" decoding=\"async\" class=\"wp-image-27338 aligncenter\" src=\"data:image\/svg+xml,%3Csvg%20xmlns=\" http:=\"\" alt=\"\" width=\"600\" height=\"600\" data-lazy-src=\"https:\/\/www.europesays.com\/fr\/wp-content\/uploads\/2025\/08\/QAwTjzyNcu.jpeg\"\/><\/p>\n<p>Horoscope Verseau du jour<\/p>\n<p class=\"horoscope-summary\">Ce mercredi prometteur pour les Verseaux sera marqu\u00e9 par des d\u00e9couvertes et des opportunit\u00e9s professionnelles surprenantes, offrant un regain d&rsquo;\u00e9nergie et de cr\u00e9ativit\u00e9. Toutefois, des sentiments de solitude pourraient impr\u00e9gner votre vie \u00e9motionnelle, incitant \u00e0 une introspection b\u00e9n\u00e9fique pour renforcer vos liens et pr\u00e9parer un avenir plus solide.<\/p>\n<p><a href=\"https:\/\/journaldesseniors.20minutes.fr\/horoscope\/horoscope-verseau-du-mercredi-13-aout-2025\/\" class=\"readmore_horoscope\" target=\"_blank\" rel=\"noopener\">Lire la suite de l&rsquo;horoscope Verseau  du jour<\/a><\/p>\n<p><img loading=\"lazy\" decoding=\"async\" class=\"wp-image-27341 aligncenter\" src=\"data:image\/svg+xml,%3Csvg%20xmlns=\" http:=\"\" alt=\"\" width=\"600\" height=\"600\" data-lazy-src=\"https:\/\/www.europesays.com\/fr\/wp-content\/uploads\/2025\/08\/WKXa7vQhqn.jpeg\"\/><\/p>\n<p>Horoscope Poissons du jour<\/p>\n<p class=\"horoscope-summary\">Les Poissons sont sur le point de vivre une journ\u00e9e intrigante o\u00f9 leur intuition pourrait les guider vers des d\u00e9couvertes inattendues, bien qu&rsquo;un certain myst\u00e8re plane sur leurs finances et relations professionnelles. En amour et au sein de la famille, une nouvelle perspective pourrait se r\u00e9v\u00e9ler, tandis que des signes subtils dans leur sant\u00e9 mentale exigent une attention particuli\u00e8re.<\/p>\n<p><a href=\"https:\/\/journaldesseniors.20minutes.fr\/horoscope\/horoscope-poissons-du-mercredi-13-aout-2025\/\" class=\"readmore_horoscope\" target=\"_blank\" rel=\"noopener\">Lire la suite de l&rsquo;horoscope Poissons  du jour<\/a><\/p>\n","protected":false},"excerpt":{"rendered":"Bonjour \u00e0 toutes et \u00e0 tous, Bienvenue dans l&rsquo;univers cosmique de votre horoscope pour ce mercredi 13 ao\u00fbt&hellip;\n","protected":false},"author":2,"featured_media":315593,"comment_status":"","ping_status":"","sticky":false,"template":"","format":"standard","meta":{"footnotes":""},"categories":[2],"tags":[11,10343,1011,27,12,39579,1404,25,35933],"class_list":{"0":"post-315592","1":"post","2":"type-post","3":"status-publish","4":"format-standard","5":"has-post-thumbnail","7":"category-actualites","8":"tag-actualites","9":"tag-all","10":"tag-fr","11":"tag-france","12":"tag-news","13":"tag-push-2","14":"tag-quotidien","15":"tag-republique-francaise","16":"tag-rs"},"share_on_mastodon":{"url":"https:\/\/pubeurope.com\/@fr\/115019911346055127","error":""},"_links":{"self":[{"href":"https:\/\/www.europesays.com\/fr\/wp-json\/wp\/v2\/posts\/315592","targetHints":{"allow":["GET"]}}],"collection":[{"href":"https:\/\/www.europesays.com\/fr\/wp-json\/wp\/v2\/posts"}],"about":[{"href":"https:\/\/www.europesays.com\/fr\/wp-json\/wp\/v2\/types\/post"}],"author":[{"embeddable":true,"href":"https:\/\/www.europesays.com\/fr\/wp-json\/wp\/v2\/users\/2"}],"replies":[{"embeddable":true,"href":"https:\/\/www.europesays.com\/fr\/wp-json\/wp\/v2\/comments?post=315592"}],"version-history":[{"count":0,"href":"https:\/\/www.europesays.com\/fr\/wp-json\/wp\/v2\/posts\/315592\/revisions"}],"wp:featuredmedia":[{"embeddable":true,"href":"https:\/\/www.europesays.com\/fr\/wp-json\/wp\/v2\/media\/315593"}],"wp:attachment":[{"href":"https:\/\/www.europesays.com\/fr\/wp-json\/wp\/v2\/media?parent=315592"}],"wp:term":[{"taxonomy":"category","embeddable":true,"href":"https:\/\/www.europesays.com\/fr\/wp-json\/wp\/v2\/categories?post=315592"},{"taxonomy":"post_tag","embeddable":true,"href":"https:\/\/www.europesays.com\/fr\/wp-json\/wp\/v2\/tags?post=315592"}],"curies":[{"name":"wp","href":"https:\/\/api.w.org\/{rel}","templated":true}]}}