{"id":315594,"date":"2025-08-13T05:55:18","date_gmt":"2025-08-13T05:55:18","guid":{"rendered":"https:\/\/www.europesays.com\/fr\/315594\/"},"modified":"2025-08-13T05:55:18","modified_gmt":"2025-08-13T05:55:18","slug":"qui-est-laurent-vallet-president-de-lina-suspendu-de-ses-fonctions-par-rachida-dati-liberation","status":"publish","type":"post","link":"https:\/\/www.europesays.com\/fr\/315594\/","title":{"rendered":"Qui est Laurent Vallet, pr\u00e9sident de l\u2019INA suspendu de ses fonctions par Rachida Dati\u00a0? \u2013 Lib\u00e9ration"},"content":{"rendered":"<p class=\"sc-ksZaOG ehjQrN text-element\">\u00abAyant pris connaissance par la presse de la mise en cause de Laurent Vallet [\u2026] dans une affaire d\u2019achat de stup\u00e9fiants, j\u2019ai d\u00e9cid\u00e9 pour la s\u00e9r\u00e9nit\u00e9 de l\u2019institution de le suspendre imm\u00e9diatement de ses fonctions en attendant de plus amples informations\u00bb, a fait savoir Rachida Dati sur le r\u00e9seau social X. Dans un communiqu\u00e9 transmis par l\u2019INA, Laurent Vallet dit \u00abprendre acte\u00bb de cette d\u00e9cision \u00abpleinement respectueuse de l\u2019institution\u00bb qu\u2019il dirige depuis 2015. Il a envoy\u00e9 un message similaire aux 950 personnes employ\u00e9es par l\u2019INA, charg\u00e9 d\u2019archiver la t\u00e9l\u00e9vision et la radio et de valoriser ces fonds.<\/p>\n<p class=\"sc-ksZaOG ehjQrN text-element\">Reconduit dans ses fonctions en mai par le Conseil des ministres sur<\/p>\n","protected":false},"excerpt":{"rendered":"\u00abAyant pris connaissance par la presse de la mise en cause de Laurent Vallet [\u2026] dans une affaire&hellip;\n","protected":false},"author":2,"featured_media":315595,"comment_status":"","ping_status":"","sticky":false,"template":"","format":"standard","meta":{"footnotes":""},"categories":[2],"tags":[11,1011,27,12,417,35591,25],"class_list":{"0":"post-315594","1":"post","2":"type-post","3":"status-publish","4":"format-standard","5":"has-post-thumbnail","7":"category-actualites","8":"tag-actualites","9":"tag-fr","10":"tag-france","11":"tag-news","12":"tag-rachida-dati","13":"tag-reforme-audiovisuel-public","14":"tag-republique-francaise"},"share_on_mastodon":{"url":"https:\/\/pubeurope.com\/@fr\/115019915471873094","error":""},"_links":{"self":[{"href":"https:\/\/www.europesays.com\/fr\/wp-json\/wp\/v2\/posts\/315594","targetHints":{"allow":["GET"]}}],"collection":[{"href":"https:\/\/www.europesays.com\/fr\/wp-json\/wp\/v2\/posts"}],"about":[{"href":"https:\/\/www.europesays.com\/fr\/wp-json\/wp\/v2\/types\/post"}],"author":[{"embeddable":true,"href":"https:\/\/www.europesays.com\/fr\/wp-json\/wp\/v2\/users\/2"}],"replies":[{"embeddable":true,"href":"https:\/\/www.europesays.com\/fr\/wp-json\/wp\/v2\/comments?post=315594"}],"version-history":[{"count":0,"href":"https:\/\/www.europesays.com\/fr\/wp-json\/wp\/v2\/posts\/315594\/revisions"}],"wp:featuredmedia":[{"embeddable":true,"href":"https:\/\/www.europesays.com\/fr\/wp-json\/wp\/v2\/media\/315595"}],"wp:attachment":[{"href":"https:\/\/www.europesays.com\/fr\/wp-json\/wp\/v2\/media?parent=315594"}],"wp:term":[{"taxonomy":"category","embeddable":true,"href":"https:\/\/www.europesays.com\/fr\/wp-json\/wp\/v2\/categories?post=315594"},{"taxonomy":"post_tag","embeddable":true,"href":"https:\/\/www.europesays.com\/fr\/wp-json\/wp\/v2\/tags?post=315594"}],"curies":[{"name":"wp","href":"https:\/\/api.w.org\/{rel}","templated":true}]}}