{"id":315598,"date":"2025-08-13T05:59:18","date_gmt":"2025-08-13T05:59:18","guid":{"rendered":"https:\/\/www.europesays.com\/fr\/315598\/"},"modified":"2025-08-13T05:59:18","modified_gmt":"2025-08-13T05:59:18","slug":"rugby-scapulaire-jean-luc-du-preez-non-retenu-pour-affronter-laustralie","status":"publish","type":"post","link":"https:\/\/www.europesays.com\/fr\/315598\/","title":{"rendered":"Rugby Scapulaire &#8211; Jean-Luc Du Preez non retenu pour affronter l&rsquo;Australie"},"content":{"rendered":"<p>\u00a0<\/p>\n<p>Ce lundi, <strong>Rassie Erasmus<\/strong> vient d\u2019annoncer la<br \/>\ncomposition de l\u2019\u00e9quipe retenue pour affronter l\u2019Australie, ce<br \/>\nsamedi en ouverture du Rugby Championship. Alors qu\u2019il fait partie<br \/>\ndu groupe retenu pour le d\u00e9but de la comp\u00e9tition, notre troisi\u00e8me<br \/>\nligne international sud-africain, <strong>Jean-Luc Du<br \/>\nPreez<\/strong>, ne fait pas partie des 23 joueurs retenus pour<br \/>\ncette rencontre.<\/p>\n<p>\u00a0<\/p>\n<blockquote class=\"twitter-tweet\">\n<p dir=\"ltr\" lang=\"en\">What a way to start the week! Check out the<br \/>\n<a href=\"https:\/\/twitter.com\/hashtag\/Springboks?src=hash&amp;ref_src=twsrc%5Etfw\" rel=\"nofollow noopener\" target=\"_blank\"><br \/>\n#Springboks<\/a> team to face Australia at Ellis Park on Saturday<br \/>\n<a href=\"https:\/\/twitter.com\/hashtag\/ForeverGreenForeverGold?src=hash&amp;ref_src=twsrc%5Etfw\" rel=\"nofollow noopener\" target=\"_blank\"><br \/>\n#ForeverGreenForeverGold<\/a><\/p>\n<p>\u2014 Springboks (@Springboks) <a href=\"https:\/\/twitter.com\/Springboks\/status\/1954837984265609635?ref_src=twsrc%5Etfw\" rel=\"nofollow noopener\" target=\"_blank\"><br \/>\nAugust 11, 2025<\/a><\/p>\n<\/blockquote>\n<p><script async src=\"https:\/\/platform.twitter.com\/widgets.js\" charset=\"utf-8\"><\/script><\/p>\n","protected":false},"excerpt":{"rendered":"\u00a0 Ce lundi, Rassie Erasmus vient d\u2019annoncer la composition de l\u2019\u00e9quipe retenue pour affronter l\u2019Australie, ce samedi en&hellip;\n","protected":false},"author":2,"featured_media":162138,"comment_status":"","ping_status":"","sticky":false,"template":"","format":"standard","meta":{"footnotes":""},"categories":[1416],"tags":[1011,27,479,1468,60],"class_list":{"0":"post-315598","1":"post","2":"type-post","3":"status-publish","4":"format-standard","5":"has-post-thumbnail","7":"category-rugby","8":"tag-fr","9":"tag-france","10":"tag-rugby","11":"tag-rugby-football","12":"tag-sports"},"share_on_mastodon":{"url":"https:\/\/pubeurope.com\/@fr\/115019930906433374","error":""},"_links":{"self":[{"href":"https:\/\/www.europesays.com\/fr\/wp-json\/wp\/v2\/posts\/315598","targetHints":{"allow":["GET"]}}],"collection":[{"href":"https:\/\/www.europesays.com\/fr\/wp-json\/wp\/v2\/posts"}],"about":[{"href":"https:\/\/www.europesays.com\/fr\/wp-json\/wp\/v2\/types\/post"}],"author":[{"embeddable":true,"href":"https:\/\/www.europesays.com\/fr\/wp-json\/wp\/v2\/users\/2"}],"replies":[{"embeddable":true,"href":"https:\/\/www.europesays.com\/fr\/wp-json\/wp\/v2\/comments?post=315598"}],"version-history":[{"count":0,"href":"https:\/\/www.europesays.com\/fr\/wp-json\/wp\/v2\/posts\/315598\/revisions"}],"wp:featuredmedia":[{"embeddable":true,"href":"https:\/\/www.europesays.com\/fr\/wp-json\/wp\/v2\/media\/162138"}],"wp:attachment":[{"href":"https:\/\/www.europesays.com\/fr\/wp-json\/wp\/v2\/media?parent=315598"}],"wp:term":[{"taxonomy":"category","embeddable":true,"href":"https:\/\/www.europesays.com\/fr\/wp-json\/wp\/v2\/categories?post=315598"},{"taxonomy":"post_tag","embeddable":true,"href":"https:\/\/www.europesays.com\/fr\/wp-json\/wp\/v2\/tags?post=315598"}],"curies":[{"name":"wp","href":"https:\/\/api.w.org\/{rel}","templated":true}]}}