{"id":315602,"date":"2025-08-13T06:03:18","date_gmt":"2025-08-13T06:03:18","guid":{"rendered":"https:\/\/www.europesays.com\/fr\/315602\/"},"modified":"2025-08-13T06:03:18","modified_gmt":"2025-08-13T06:03:18","slug":"psg-une-saison-pour-continuer-a-ecrire-lhistoire","status":"publish","type":"post","link":"https:\/\/www.europesays.com\/fr\/315602\/","title":{"rendered":"PSG, une saison pour continuer \u00e0 \u00e9crire l\u2019histoire"},"content":{"rendered":"<p>Un mois apr\u00e8s la finale du Mondial des clubs, les Parisiens entament d\u00e9j\u00e0 leur saison 2025-26 avec la Supercoupe d\u2019Europe, contre Tottenham, ce mercredi, en Italie.<\/p>\n<p class=\"fig-paragraph\">Gagner une fois, c\u2019est bien. S\u2019inscrire dans la dur\u00e9e et continuer \u00e0 marquer l\u2019histoire, c\u2019est encore mieux. Et c\u2019est l\u2019objectif d\u2019un Paris Saint-Germain tout sauf rassasi\u00e9 apr\u00e8s\u00a0<a href=\"http:\/\/www.lefigaro.fr\/sports\/football\/coupe-du-monde\/coupe-du-monde-des-clubs-psg-le-match-de-trop-apres-une-saison-de-fou-20250715\" data-fig-type=\"NewsFlash\" data-gtm-custom-categorie=\"navigation\" data-gtm-custom-action=\"crossclick\" data-gtm-custom-label=\"Contextuel\" data-gtm-event=\"customEventSPE\" data-fig-domain=\"LEFIGARO\" target=\"_blank\" rel=\"noopener\">sa campagne 2024-2025 historique<\/a>, le sans-faute sur la sc\u00e8ne nationale et\u00a0<a href=\"http:\/\/www.lefigaro.fr\/sports\/football\/ligue-des-champions\/ligue-des-champions-le-psg-enfin-sur-le-toit-de-l-europe-ca-valait-le-coup-d-attendre-20250601\" data-fig-type=\"NewsFlash\" data-gtm-custom-categorie=\"navigation\" data-gtm-custom-action=\"crossclick\" data-gtm-custom-label=\"Contextuel\" data-gtm-event=\"customEventSPE\" data-fig-domain=\"LEFIGARO\" target=\"_blank\" rel=\"noopener\">le premier sacre de l\u2019histoire du club en Ligue des champions<\/a>. Un mois apr\u00e8s\u00a0<a href=\"http:\/\/www.lefigaro.fr\/sports\/football\/coupe-du-monde\/les-notes-de-chelsea-psg-dembele-et-les-parisiens-n-ont-pas-existe-palmer-etincelant-sanchez-ecoeurant-20250713\" data-fig-type=\"NewsFlash\" data-gtm-custom-categorie=\"navigation\" data-gtm-custom-action=\"crossclick\" data-gtm-custom-label=\"Contextuel\" data-gtm-event=\"customEventSPE\" data-fig-domain=\"LEFIGARO\" target=\"_blank\" rel=\"noopener\">la d\u00e9faite contre Chelsea (0-3)<\/a>\u00a0en finale de la Coupe du monde des clubs, les Parisiens attaquent l\u2019exercice 2025-2026 ce mercredi (21\u00a0h, Canal+), avec la Supercoupe d\u2019Europe contre Tottenham, \u00e0 Udine. Et ce une semaine apr\u00e8s la reprise de l\u2019entra\u00eenement, et quatre jours avant le match \u00e0 Nantes, dimanche (20\u00a0h\u00a045), lors de\u00a0<a href=\"https:\/\/www.lefigaro.fr\/sports\/football\/ligue-1\/calendrier-resultats\" target=\"_blank\" rel=\"noopener\" data-gtm-custom-categorie=\"navigation\" data-gtm-custom-action=\"crossclick\" data-gtm-custom-label=\"Contextuel\" data-gtm-event=\"customEventSPE\">la premi\u00e8re journ\u00e9e de Ligue\u00a01<\/a>.<\/p>\n<p class=\"fig-paragraph\">Les enjeux de cette nouvelle saison sont multiples, \u00e0 commencer par la d\u00e9fense du titre de champion d\u2019Europe. \u00c9videmment, ce ne sera pas simple, sachant que la concurrence sera encore plus f\u00e9roce cette ann\u00e9e. Liverpool, Arsenal ou Manchester City se sont renforc\u00e9s, le Bayern et le Bar\u00e7a sont toujours l\u00e0, Xabi Alonso veut remettre le Real sur le devant de la sc\u00e8ne\u2026 D\u2019autant plus que le Paris\u00a0SG sera attendu et cibl\u00e9 par les autres cadors. \u00catre aussi bon qu\u2019en 2024-2025 ne suffira pas. Il faudra \u00eatre meilleur. Pour ce qui est des joutes nationales, le PSG sera son plus grand adversaire\u2026<\/p>\n<p class=\"fig-body-link\">\n            \u00c0 lire aussi<br \/>\n        <a class=\"fig-body-link__link fig-premium-mark\" href=\"http:\/\/www.lefigaro.fr\/sports\/football\/transferts\/psg-donnarumma-legende-dechue-20250812\" data-fig-type=\"NewsFlash\" data-gtm-custom-categorie=\"navigation\" data-gtm-custom-action=\"crossclick\" data-gtm-custom-label=\"Contextuel\" data-gtm-event=\"customEventSPE\" data-fig-domain=\"LEFIGARO\" target=\"_blank\" rel=\"noopener\">PSG\u00a0: dur, brutal, cynique&#8230; Donnarumma, l\u00e9gende d\u00e9chue<br \/>\n    <\/a>\n<\/p>\n<p>                                    <a class=\"fig-a11y-skip a11y-hidden\" href=\"#fig-a11y-skip-main-inarticle\"><br \/>\n        Passer la publicit\u00e9<br \/>\n    <\/a><\/p>\n<p>Nouveau statut<\/p>\n<p class=\"fig-paragraph\">Un nouveau statut qu\u2019il faudra assumer sur le terrain, mais aussi en interne. Et c\u2019est peut-\u00eatre \u00e7a, le grand d\u00e9fi du PSG. Ne pas se laisser griser, continuer de mettre l\u2019\u00e9quipe au-dessus des int\u00e9r\u00eats personnels, rester \u00ab\u00a0humble\u00a0\u00bb,\u00a0<a href=\"http:\/\/www.lefigaro.fr\/sports\/football\/ligue-1\/psg-c-est-toute-l-equipe-qui-merite-le-ballon-d-or-le-message-de-nasser-al-khelaifi-aux-joueurs-20250807\" data-fig-type=\"NewsFlash\" data-gtm-custom-categorie=\"navigation\" data-gtm-custom-action=\"crossclick\" data-gtm-custom-label=\"Contextuel\" data-gtm-event=\"customEventSPE\" data-fig-domain=\"LEFIGARO\" target=\"_blank\" rel=\"noopener\">comme le r\u00e9p\u00e8te \u00e0 l\u2019envi Nasser al-Khela\u00effi<\/a>. En effet, certains pourraient avoir de plus en plus de mal \u00e0 la jouer collectif. D\u2019autres pourraient se lasser d\u2019un statut de doublure, comme\u00a0<a href=\"http:\/\/www.lefigaro.fr\/sports\/football\/transferts\/mercato-pour-sortir-barcola-du-psg-ce-sera-au-moins-100-m-20250806\" data-fig-type=\"NewsFlash\" data-gtm-custom-categorie=\"navigation\" data-gtm-custom-action=\"crossclick\" data-gtm-custom-label=\"Contextuel\" data-gtm-event=\"customEventSPE\" data-fig-domain=\"LEFIGARO\" target=\"_blank\" rel=\"noopener\">Bradley Barcola (que certains disent courtis\u00e9 par Liverpool)<\/a>, Lucas Hernandez ou Warren Za\u00efre-Emery. Ce dernier a le champ libre pendant\u00a0<a href=\"http:\/\/www.lefigaro.fr\/sports\/football\/psg-suspendu-deux-matchs-joao-neves-sera-absent-contre-tottenham-en-supercoupe-d-europe-20250810\" data-fig-type=\"NewsFlash\" data-gtm-custom-categorie=\"navigation\" data-gtm-custom-action=\"crossclick\" data-gtm-custom-label=\"Contextuel\" data-gtm-event=\"customEventSPE\" data-fig-domain=\"LEFIGARO\" target=\"_blank\" rel=\"noopener\">la suspension de Jo\u00e3o Neves<\/a>.<\/p>\n<p class=\"fig-paragraph\">Il y aura aussi l\u2019int\u00e9gration des nouveaux. La venue du\u00a0<a href=\"http:\/\/www.lefigaro.fr\/sports\/football\/transferts\/mercato-le-psg-annonce-l-arrivee-d-un-gardien-de-19-ans-en-provenance-de-l-as-roma-20250717\" data-fig-type=\"NewsFlash\" data-gtm-custom-categorie=\"navigation\" data-gtm-custom-action=\"crossclick\" data-gtm-custom-label=\"Contextuel\" data-gtm-event=\"customEventSPE\" data-fig-domain=\"LEFIGARO\" target=\"_blank\" rel=\"noopener\">jeune (19\u00a0ans) portier italien Renato Marin (ex-Roma)<\/a>\u00a0ne risque pas de chambouler l\u2019\u00e9quilibre du vestiaire.\u00a0<a href=\"http:\/\/www.lefigaro.fr\/sports\/football\/transferts\/psg-quand-la-meilleure-equipe-du-monde-vous-appelle-difficile-de-dire-non-les-premiers-mots-de-lucas-chevalier-20250810\" data-fig-type=\"NewsFlash\" data-gtm-custom-categorie=\"navigation\" data-gtm-custom-action=\"crossclick\" data-gtm-custom-label=\"Contextuel\" data-gtm-event=\"customEventSPE\" data-fig-domain=\"LEFIGARO\" target=\"_blank\" rel=\"noopener\">Celles de Lucas Chevalier (ex-Lille)<\/a>\u00a0et Illya Zabarnyi (ex-Bournemouth), un peu plus.\u00a0<a href=\"http:\/\/www.lefigaro.fr\/sports\/football\/transferts\/mercato-donnarumma-transfert-record-luis-enrique-tout-puissant-chevalier-bientot-au-psg-cinq-questions-pour-tout-comprendre-20250808\" data-fig-type=\"NewsFlash\" data-gtm-custom-categorie=\"navigation\" data-gtm-custom-action=\"crossclick\" data-gtm-custom-label=\"Contextuel\" data-gtm-event=\"customEventSPE\" data-fig-domain=\"LEFIGARO\" target=\"_blank\" rel=\"noopener\">Le premier doit succ\u00e9der \u00e0 Gigio Donnarumma<\/a>\u00a0\u2013\u00a0qui fait toujours partie de l\u2019effectif, mais\u00a0qui n\u2019a pas \u00e9t\u00e9 convoqu\u00e9 pour ce d\u00e9placement dans le Frioul\u00a0\u2013 dans les buts, tandis que le second doit\u00a0<a href=\"http:\/\/www.lefigaro.fr\/sports\/football\/ligue-1\/mercato-marquinhos-parti-pour-rester-au-psg-20250731\" data-fig-type=\"NewsFlash\" data-gtm-custom-categorie=\"navigation\" data-gtm-custom-action=\"crossclick\" data-gtm-custom-label=\"Contextuel\" data-gtm-event=\"customEventSPE\" data-fig-domain=\"LEFIGARO\" target=\"_blank\" rel=\"noopener\">concurrencer Marquinhos<\/a>. Deux recrues, peut-\u00eatre pas les derni\u00e8res.<\/p>\n<p class=\"fig-body-link\">\n            \u00c0 lire aussi<br \/>\n        <a class=\"fig-body-link__link\" href=\"http:\/\/www.lefigaro.fr\/sports\/football\/transferts\/mercato-precocite-whitney-houston-defenseur-complet-guerre-en-ukraine-qui-est-illya-zabarnyi-attendu-au-psg-20250811\" data-fig-type=\"NewsFlash\" data-gtm-custom-categorie=\"navigation\" data-gtm-custom-action=\"crossclick\" data-gtm-custom-label=\"Contextuel\" data-gtm-event=\"customEventSPE\" data-fig-domain=\"LEFIGARO\" target=\"_blank\" rel=\"noopener\">Mercato\u00a0: pr\u00e9cocit\u00e9, Whitney Houston, d\u00e9fenseur complet, Donald Trump&#8230; Qui est Illya Zabarnyi, nouvelle recrue du PSG\u00a0?<br \/>\n    <\/a>\n<\/p>\n<p class=\"fig-paragraph\">\u00c9videmment, le management exigeant de Luis Enrique et la politique ultracollective du club auront d\u2019autant plus de facilit\u00e9 \u00e0 continuer de passer si les r\u00e9sultats suivent. Ce ne sera peut-\u00eatre pas simple dans les premi\u00e8res semaines de la saison, avec une gestion pi\u00e9geuse sur l\u2019aspect physique. La C1 reprendra vite ses droits. Premi\u00e8re journ\u00e9e du 16 au 18\u00a0septembre, juste avant la remise du Ballon d\u2019Or, le 22, avec\u00a0<a href=\"http:\/\/www.lefigaro.fr\/sports\/football\/ballon-d-or-duel-dembele-yamal-le-psg-en-force-mbappe-en-embuscade-les-30-nommes-sont-connus-20250807\" data-fig-type=\"NewsFlash\" data-gtm-custom-categorie=\"navigation\" data-gtm-custom-action=\"crossclick\" data-gtm-custom-label=\"Contextuel\" data-gtm-event=\"customEventSPE\" data-fig-domain=\"LEFIGARO\" target=\"_blank\" rel=\"noopener\">Ousmane Demb\u00e9l\u00e9 a\u00a0priori en t\u00eate \u00e0 t\u00eate avec Lamine Yamal (Bar\u00e7a)<\/a>\u2026 m\u00eame si\u00a0<a href=\"http:\/\/www.lefigaro.fr\/sports\/football\/ballon-d-or-2025-si-j-ai-la-possibilite-de-le-gagner-je-pense-que-je-le-merite-aussi-estime-hakimi-a-un-mois-de-la-ceremonie-20250811\" data-fig-type=\"NewsFlash\" data-gtm-custom-categorie=\"navigation\" data-gtm-custom-action=\"crossclick\" data-gtm-custom-label=\"Contextuel\" data-gtm-event=\"customEventSPE\" data-fig-domain=\"LEFIGARO\" target=\"_blank\" rel=\"noopener\">Achraf Hakimi croit en ses chances<\/a>. Il y aura la Coupe intercontinentale en bonus le 17\u00a0d\u00e9cembre et le Troph\u00e9e des champions contre l\u2019OM, sans doute d\u00e9but janvier. Le tout avec le Mondial 2026 pour certains et m\u00eame la CAN d\u00e8s cet hiver pour Hakimi.<\/p>\n<p>Paris en premi\u00e8re\u00a0?<\/p>\n<p class=\"fig-paragraph\">La qu\u00eate d\u00e9bute donc avec cette Supercoupe d\u2019Europe, un troph\u00e9e que le PSG n\u2019a jamais remport\u00e9. Cela repr\u00e9sente d\u2019ailleurs un mauvais souvenir pour les Rouge et Bleu, balay\u00e9s par la Juventus (1-6, 1-3) d\u00e9but 1997. Une autre \u00e9poque, une autre histoire. Charge aux joueurs de Luis Enrique de continuer \u00e0 \u00e9crire la leur en lettres d\u2019or. La jeunesse de leur effectif permet d\u2019esp\u00e9rer un avenir radieux. Reste \u00e0 bien n\u00e9gocier ce tournant historique apr\u00e8s l\u2019obtention d\u2019une C1 que\u00a0le club parisien et ses supporteurs convoitaient depuis si longtemps.<\/p>\n","protected":false},"excerpt":{"rendered":"Un mois apr\u00e8s la finale du Mondial des clubs, les Parisiens entament d\u00e9j\u00e0 leur saison 2025-26 avec la&hellip;\n","protected":false},"author":2,"featured_media":315603,"comment_status":"","ping_status":"","sticky":false,"template":"","format":"standard","meta":{"footnotes":""},"categories":[1412],"tags":[1451,1452,1453,1454,1455,1011,27,93,60,18015],"class_list":{"0":"post-315602","1":"post","2":"type-post","3":"status-publish","4":"format-standard","5":"has-post-thumbnail","7":"category-f1","8":"tag-f1","9":"tag-formula-1","10":"tag-formula1","11":"tag-formule-1","12":"tag-formule1","13":"tag-fr","14":"tag-france","15":"tag-psg","16":"tag-sports","17":"tag-tottenham"},"share_on_mastodon":{"url":"https:\/\/pubeurope.com\/@fr\/115019946626391631","error":""},"_links":{"self":[{"href":"https:\/\/www.europesays.com\/fr\/wp-json\/wp\/v2\/posts\/315602","targetHints":{"allow":["GET"]}}],"collection":[{"href":"https:\/\/www.europesays.com\/fr\/wp-json\/wp\/v2\/posts"}],"about":[{"href":"https:\/\/www.europesays.com\/fr\/wp-json\/wp\/v2\/types\/post"}],"author":[{"embeddable":true,"href":"https:\/\/www.europesays.com\/fr\/wp-json\/wp\/v2\/users\/2"}],"replies":[{"embeddable":true,"href":"https:\/\/www.europesays.com\/fr\/wp-json\/wp\/v2\/comments?post=315602"}],"version-history":[{"count":0,"href":"https:\/\/www.europesays.com\/fr\/wp-json\/wp\/v2\/posts\/315602\/revisions"}],"wp:featuredmedia":[{"embeddable":true,"href":"https:\/\/www.europesays.com\/fr\/wp-json\/wp\/v2\/media\/315603"}],"wp:attachment":[{"href":"https:\/\/www.europesays.com\/fr\/wp-json\/wp\/v2\/media?parent=315602"}],"wp:term":[{"taxonomy":"category","embeddable":true,"href":"https:\/\/www.europesays.com\/fr\/wp-json\/wp\/v2\/categories?post=315602"},{"taxonomy":"post_tag","embeddable":true,"href":"https:\/\/www.europesays.com\/fr\/wp-json\/wp\/v2\/tags?post=315602"}],"curies":[{"name":"wp","href":"https:\/\/api.w.org\/{rel}","templated":true}]}}