{"id":315604,"date":"2025-08-13T06:04:14","date_gmt":"2025-08-13T06:04:14","guid":{"rendered":"https:\/\/www.europesays.com\/fr\/315604\/"},"modified":"2025-08-13T06:04:14","modified_gmt":"2025-08-13T06:04:14","slug":"offensif-mads-pedersen-remporte-la-premiere-etape-du-tour-du-danemark-et-prend-la-tete-du-classement-general-lequipe","status":"publish","type":"post","link":"https:\/\/www.europesays.com\/fr\/315604\/","title":{"rendered":"Offensif, Mads Pedersen remporte la premi\u00e8re \u00e9tape du Tour du Danemark et prend la t\u00eate du classement g\u00e9n\u00e9ral &#8211; L&#039;\u00c9quipe"},"content":{"rendered":"<ol>\n<li><a href=\"https:\/\/news.google.com\/rss\/articles\/CBMigwJBVV95cUxQMlBOOHNqY3QxY0ZIc2g3YnpmUHZ3R21yUXZ5d0RLY2poREVXblBMUFRYdjBOUTlqRWlSeHNhUGdHa21nb1hhZ0NuX0ZLeHk2TE9halM1Vm1PYVNtYnZqaDdzTlJ5RGVxTlRRN1RHS1pHb0ItcjFWX0xtbW8xeHlEbVdWSnNmMnNDQTEzaEdPZ2ktODZMelJRZ3VXUS1odEtoZWZqc2V5ZWYyRVNvREdGWTU3S0l5WFozbWIxS1RIR2VkYThZb2JqNWpyY1Q2aldKc1JPZ1BqbHM5cXZRczhxdWx1Z2FKbXppeGtvaVYwd0w1X0VCTjAyODE0OXBrMUpoaUJn?oc=5\" target=\"_blank\" rel=\"nofollow noopener\">Offensif, Mads Pedersen remporte la premi\u00e8re \u00e9tape du Tour du Danemark et prend la t\u00eate du classement g\u00e9n\u00e9ral<\/a>&nbsp;&nbsp;L&rsquo;\u00c9quipe<\/li>\n<li><a href=\"https:\/\/news.google.com\/rss\/articles\/CBMikwJBVV95cUxNMlFMeGV6QnJ1dUF2OFJaSTJUYlFwWS1RT1ZxZ1F1VndNb3V4QUdGUnFCLU1EanBGcXFrNDdnaHlvZHI1d2lheWpqZ1pTRTdLeEhERzBwNWZqS2ZYMmh5WjM3RVItWmt5UmRwQV81c1dUcTk1Z184Q2pYZGlXbGdmWkFLdWF0T2l3OHJLUHJYRXVOZU50SkN1WUU4aUFzRmRYaHB5SXlPMUg3aGZRVWdqRV9NeExNVUM0TGhTa1paYzFzSFFpQ3J5Q2JNcEpFeHdWTHliU0N6MG56RlZfclV3eUczd2VISFNfNkd3d280YlpHMGNmdUp1ZVFDZ1prcktBQ3BKVVB2OHpBVzRKTGRqb2dYQQ?oc=5\" target=\"_blank\" rel=\"nofollow noopener\">Cyclisme &#8211; PostNord Tour du Danemark 2025 &#8211; Etape 1 Dernier Kilom\u00e8tre&#8230; Mads Pedersen impressionnant d\u00e8s son retour !<\/a>&nbsp;&nbsp;Orange Actualit\u00e9s | Sports<\/li>\n<li><a href=\"https:\/\/news.google.com\/rss\/articles\/CBMi_gFBVV95cUxQSi1TSTNpNGRvSkdJSk9EVEd5bmNIbV82WXN4VWRJY2hqa3pqWlhmbHdvaE1tWEpCZnFNcks1SnozQzh6ZlN3R2JrX2Y1RUQ0cHFjQV83ZzNmUkY5MVNCa0IzVVMzT1h2T04xend0NHF5WksxYTFsTERXeVIwZEc4SXdONVdjT1hMU21wY3ZJbjNuV0tyTXQtdkF6OHRPNzk4QmFRWDJDUjBIcHEzWUVtRlNmWFE1RVFEUUdNMDFpUmhsWE15OWQ3dzFNT0oySU01c3pmcWQ4a1pjV2ZDVDFEYkY5TEhDZWJwOWUyYXZ3anh5SlN1a3ZsS3oyM2pJUQ?oc=5\" target=\"_blank\" rel=\"nofollow noopener\">Cyclisme. Mads Pedersen remporte au sprint la premi\u00e8re \u00e9tape du Tour du Danemark<\/a>&nbsp;&nbsp;Ouest-France<\/li>\n<li><a href=\"https:\/\/news.google.com\/rss\/articles\/CBMihwFBVV95cUxPbWc1Zl9uaWxySTJXZC1LV1FTaWhsa2FROWs3akMwSF9WZDM4TTJjOG5LZEJCdnBNb25PUVlia1c4WUFUb1A4STZwZ25SNzV4TzZsX2xEZXQ0NzMzUGV2b3hoWkw4TG1QeWFEWHFqR1lsUjZDVXMtTVBKUFIwYmNOWE94cEZfcHM?oc=5\" target=\"_blank\" rel=\"nofollow noopener\">Cyclisme. L&rsquo;Alsacien Axel Zingle va reprendre au Tour du Danemark mardi<\/a>&nbsp;&nbsp;DNA<\/li>\n<li><a href=\"https:\/\/news.google.com\/rss\/articles\/CBMi0AFBVV95cUxQa0pSMktNZzNLWU5XUGZObDRDTEEtVmZySHFkZ1JuZEsyUGFLVmV3OENaR2M3QzlBaFFUYmVBZTd5eGFUaDIwV1NSa2hVVjNYNVFfdmZjWmlsNkpCMGczTHQ3MFFjOXRING9KSVl2MFB5am5TY0dXdENrNzdZSkFOOTBaQXNzZEJIUWRTXzlmcVA4Y0RiRk1VQ0dMZnhka0lVcURPMHR1eXdxWTh6Z1kwazdCMnM3QUJROHBfanlkXzBNNnJqQVdTcHZDTUVqRU16?oc=5\" target=\"_blank\" rel=\"nofollow noopener\">Tour du Danemark &#8211; Mads Pedersen remporte la premi\u00e8re \u00e9tape, Axel Zingle d\u00e9j\u00e0 loin<\/a>&nbsp;&nbsp;Cyclism&rsquo;Actu<\/li>\n<\/ol>\n","protected":false},"excerpt":{"rendered":"Offensif, Mads Pedersen remporte la premi\u00e8re \u00e9tape du Tour du Danemark et prend la t\u00eate du classement g\u00e9n\u00e9ral&nbsp;&nbsp;L&rsquo;\u00c9quipe&hellip;\n","protected":false},"author":2,"featured_media":315605,"comment_status":"","ping_status":"","sticky":false,"template":"","format":"standard","meta":{"footnotes":""},"categories":[1411],"tags":[1154,207,1011,27,60],"class_list":{"0":"post-315604","1":"post","2":"type-post","3":"status-publish","4":"format-standard","5":"has-post-thumbnail","7":"category-cyclisme","8":"tag-cycling","9":"tag-cyclisme","10":"tag-fr","11":"tag-france","12":"tag-sports"},"share_on_mastodon":{"url":"https:\/\/pubeurope.com\/@fr\/115019950568138585","error":""},"_links":{"self":[{"href":"https:\/\/www.europesays.com\/fr\/wp-json\/wp\/v2\/posts\/315604","targetHints":{"allow":["GET"]}}],"collection":[{"href":"https:\/\/www.europesays.com\/fr\/wp-json\/wp\/v2\/posts"}],"about":[{"href":"https:\/\/www.europesays.com\/fr\/wp-json\/wp\/v2\/types\/post"}],"author":[{"embeddable":true,"href":"https:\/\/www.europesays.com\/fr\/wp-json\/wp\/v2\/users\/2"}],"replies":[{"embeddable":true,"href":"https:\/\/www.europesays.com\/fr\/wp-json\/wp\/v2\/comments?post=315604"}],"version-history":[{"count":0,"href":"https:\/\/www.europesays.com\/fr\/wp-json\/wp\/v2\/posts\/315604\/revisions"}],"wp:featuredmedia":[{"embeddable":true,"href":"https:\/\/www.europesays.com\/fr\/wp-json\/wp\/v2\/media\/315605"}],"wp:attachment":[{"href":"https:\/\/www.europesays.com\/fr\/wp-json\/wp\/v2\/media?parent=315604"}],"wp:term":[{"taxonomy":"category","embeddable":true,"href":"https:\/\/www.europesays.com\/fr\/wp-json\/wp\/v2\/categories?post=315604"},{"taxonomy":"post_tag","embeddable":true,"href":"https:\/\/www.europesays.com\/fr\/wp-json\/wp\/v2\/tags?post=315604"}],"curies":[{"name":"wp","href":"https:\/\/api.w.org\/{rel}","templated":true}]}}