{"id":315612,"date":"2025-08-13T06:09:19","date_gmt":"2025-08-13T06:09:19","guid":{"rendered":"https:\/\/www.europesays.com\/fr\/315612\/"},"modified":"2025-08-13T06:09:19","modified_gmt":"2025-08-13T06:09:19","slug":"thierry-olive-lamour-est-dans-le-pre-va-vendre-sa-ferme-pour-se-consacrer-a-une-autre-activite-avec-sa-femme-annie","status":"publish","type":"post","link":"https:\/\/www.europesays.com\/fr\/315612\/","title":{"rendered":"Thierry Olive (L&rsquo;amour est dans le pr\u00e9) va vendre sa ferme pour se consacrer \u00e0 une autre activit\u00e9 avec sa femme Annie"},"content":{"rendered":"<p>Thierry Olive, agriculteur embl\u00e9matique de L&rsquo;amour est dans le pr\u00e9, a \u00e9voqu\u00e9 ses projets dans une interview qu&rsquo;il a accord\u00e9e \u00e0 La Presse de la Manche. Le compagnon d&rsquo;Annie va vendre sa ferme pour se consacrer \u00e0 une autre activit\u00e9, qu&rsquo;il d\u00e9veloppe depuis un an avec elle. <\/p>\n<p>Pour le meilleur et le pire, Thierry Olive est devenu l&rsquo;un des agriculteurs embl\u00e9matiques de L&rsquo;amour est dans le pr\u00e9. C&rsquo;est en 2012 que l&rsquo;\u00e9leveur bovin avait particip\u00e9 \u00e0 l&rsquo;\u00e9mission de dating agricole de M6.<a href=\"https:\/\/www.programme-tv.net\/news\/tv\/301268-thierry-olive-lamour-est-dans-le-pre-fait-une-confidence-tres-intime-sur-sa-relation-avec-annie-dans-tpmp-people-video\/\" data-api-deeplink=\"teleloisirs:\/\/news\/301268\" target=\"_blank\" rel=\"noopener\"> Il avait eu un v\u00e9ritable coup de c\u0153ur pour Annie, qu&rsquo;il avait \u00e9pous\u00e9e en septembre de la m\u00eame ann\u00e9e<\/a>. Apr\u00e8s son passage remarqu\u00e9 dans l&rsquo;\u00e9mission, le Sarthois \u00e9tait apparu dans plusieurs \u00e9missions de t\u00e9l\u00e9vision, <a href=\"https:\/\/www.programme-tv.net\/news\/tv\/91907-ouch-thierry-olive-s-offre-une-sacree-gamelle-dans-fort-boyard-video\/\" data-api-deeplink=\"teleloisirs:\/\/news\/91907\" target=\"_blank\" rel=\"noopener\">comme Fort Boyard.<\/a> Mais il avait aussi fait les gros titres de la rubrique des faits divers apr\u00e8s avoir \u00e9t\u00e9 <a href=\"https:\/\/www.programme-tv.net\/news\/tv\/269596-si-je-suis-la-cest-un-miracle-thierry-olive-lamour-est-dans-le-pre-raconte-sa-terrible-agression-a-la-hache-dans-tpmp-video\/\" data-api-deeplink=\"teleloisirs:\/\/news\/269596\" target=\"_blank\" rel=\"noopener\">agress\u00e9 \u00e0 la hache par l&rsquo;un de ses voisins<\/a> ou <a href=\"https:\/\/www.programme-tv.net\/news\/tv\/311927-thierry-olive-lamour-est-dans-le-pre-condamne-a-une-peine-de-prison-suite-a-son-accident\/\" data-api-deeplink=\"teleloisirs:\/\/news\/311927\" target=\"_blank\" rel=\"noopener\">avoir eu un accident alors qu&rsquo;il \u00e9tait en \u00e9tat d&rsquo;ivresse<\/a>. Comme il le r\u00e9v\u00e8le dans une interview qu&rsquo;il a accord\u00e9e \u00e0 <a href=\"https:\/\/actu.fr\/normandie\/gavray-sur-sienne_50197\/thierry-olive-va-vendre-sa-ferme-prendre-sa-retraite-et-figurer-dans-les-20-ans-de-lamour-est-dans-le-pre_63024913.html\" target=\"_blank\" rel=\"noopener\">La Presse de la Manche<\/a> ce lundi 11 ao\u00fbt, Thierry Olive sera bient\u00f4t de retour dans L&rsquo;amour est dans le pr\u00e9 pour une \u00e9dition sp\u00e9ciale destin\u00e9e \u00e0 c\u00e9l\u00e9brer les vingt ans de l&rsquo;\u00e9mission.<\/p>\n<p>                        Thierry Olive (L&rsquo;amour est dans le pr\u00e9) d\u00e9voile son nouveau projet avec Annie qui \u00ab\u00a0marche bien\u00a0\u00bb<\/p>\n<p>L&rsquo;agriculteur en profite pour donner des nouvelles de sa compagne Annie. \u00ab\u00a0On va f\u00eater nos\u00a013 ans de mariage le 15\u00a0septembre\u2009!\u00a0\u00bb, se r\u00e9jouit-il. Mais l&rsquo;agriculteur pr\u00e9voit surtout de cesser son activit\u00e9 dans un avenir proche et de vendre sa ferme. \u00ab\u00a0Mais des fois, \u00e7a peut prendre deux ans pour trouver un acheteur\u2026 Je pense la vendre \u00e0 un \u00e9leveur \u00e9quin, il n\u2019y a que \u00e7a autour de chez moi\u2009!\u00a0\u00bb, constate-t-il. Thierry Olive a d\u00e9j\u00e0 des projets pour occuper sa retraite avec Annie. Ensemble, ils ont ouvert un g\u00eete, il y a un an. \u00ab\u00a0C\u2019est gr\u00e2ce \u00e0 Annie car moi, j\u2019ai du mal avec Internet.<b> Notre affaire marche bien et ne demande pas beaucoup de travail, donc ce sera parfait pour la retraite\u2009<\/b>!\u00a0\u00bb, pr\u00e9cise-t-il. L&rsquo;\u00e9leveur aimerait aussi prendre le temps de voyager enfin. \u00ab\u00a0J\u2019ai commenc\u00e9 \u00e0 travailler \u00e0 14\u00a0ans et je n\u2019ai pas pris souvent de vacances. J\u2019ai envie de d\u00e9couvrir les produits de notre terroir, aller en Alsace par exemple\u2026 La France est belle et je ne la connais pas\u2009!\u00a0\u00bb, se r\u00e9jouit-il. Malgr\u00e9 son diab\u00e8te, Thierry Olive affirme avoir retrouv\u00e9 \u00ab\u00a0la forme, m\u00eame si l&rsquo;\u00e2ge est l\u00e0\u00a0\u00bb.<\/p>\n<p>            Thierry Olive (L&rsquo;amour est dans le pr\u00e9) avait exprim\u00e9 un regret sur sa relation avec Annie<\/p>\n<p>Sur le plateau de Touche pas \u00e0 mon poste en 2020, Thierry Olive avait confi\u00e9 regretter de ne jamais avoir eu d&rsquo;enfants avec Annie. \u00ab\u00a0J&rsquo;ai un mal, c&rsquo;est qu&rsquo;on n&rsquo;a jamais eu d&rsquo;enfant. J&rsquo;ai fait des d\u00e9marches pour adopter mais c&rsquo;est un casse-t\u00eate terrible aujourd&rsquo;hui\u00a0\u00bb, avait-il regrett\u00e9. Avant de confier : \u00ab\u00a0Ma femme garde des enfants. Elle garde une petite fille, je suis son papa mais le papa de la ferme\u00a0\u00bb.<\/p>\n","protected":false},"excerpt":{"rendered":"Thierry Olive, agriculteur embl\u00e9matique de L&rsquo;amour est dans le pr\u00e9, a \u00e9voqu\u00e9 ses projets dans une interview qu&rsquo;il&hellip;\n","protected":false},"author":2,"featured_media":315613,"comment_status":"","ping_status":"","sticky":false,"template":"","format":"standard","meta":{"footnotes":""},"categories":[1356],"tags":[45447,244,58,59,1011,27,7988,137,252,45446,45448,1364],"class_list":{"0":"post-315612","1":"post","2":"type-post","3":"status-publish","4":"format-standard","5":"has-post-thumbnail","7":"category-television","8":"tag-annie","9":"tag-commentaire","10":"tag-divertissement","11":"tag-entertainment","12":"tag-fr","13":"tag-france","14":"tag-lamour-est-dans-le-pru00e9","15":"tag-retraite","16":"tag-television","17":"tag-thierry-olive","18":"tag-tpmp-people","19":"tag-tv"},"share_on_mastodon":{"url":"https:\/\/pubeurope.com\/@fr\/115019970238329958","error":""},"_links":{"self":[{"href":"https:\/\/www.europesays.com\/fr\/wp-json\/wp\/v2\/posts\/315612","targetHints":{"allow":["GET"]}}],"collection":[{"href":"https:\/\/www.europesays.com\/fr\/wp-json\/wp\/v2\/posts"}],"about":[{"href":"https:\/\/www.europesays.com\/fr\/wp-json\/wp\/v2\/types\/post"}],"author":[{"embeddable":true,"href":"https:\/\/www.europesays.com\/fr\/wp-json\/wp\/v2\/users\/2"}],"replies":[{"embeddable":true,"href":"https:\/\/www.europesays.com\/fr\/wp-json\/wp\/v2\/comments?post=315612"}],"version-history":[{"count":0,"href":"https:\/\/www.europesays.com\/fr\/wp-json\/wp\/v2\/posts\/315612\/revisions"}],"wp:featuredmedia":[{"embeddable":true,"href":"https:\/\/www.europesays.com\/fr\/wp-json\/wp\/v2\/media\/315613"}],"wp:attachment":[{"href":"https:\/\/www.europesays.com\/fr\/wp-json\/wp\/v2\/media?parent=315612"}],"wp:term":[{"taxonomy":"category","embeddable":true,"href":"https:\/\/www.europesays.com\/fr\/wp-json\/wp\/v2\/categories?post=315612"},{"taxonomy":"post_tag","embeddable":true,"href":"https:\/\/www.europesays.com\/fr\/wp-json\/wp\/v2\/tags?post=315612"}],"curies":[{"name":"wp","href":"https:\/\/api.w.org\/{rel}","templated":true}]}}