{"id":315614,"date":"2025-08-13T06:10:17","date_gmt":"2025-08-13T06:10:17","guid":{"rendered":"https:\/\/www.europesays.com\/fr\/315614\/"},"modified":"2025-08-13T06:10:17","modified_gmt":"2025-08-13T06:10:17","slug":"les-voix-atypiques-histoires-de-voix","status":"publish","type":"post","link":"https:\/\/www.europesays.com\/fr\/315614\/","title":{"rendered":"Les voix atypiques &#8211; Histoires de voix"},"content":{"rendered":"<p>\n                                                On parle toujours des belles voix, des voix lisses et parfaites, des voix au timbre universel, mais il serait dommage d\u2019oublier les voix atypiques\u00a0: les voix qui \u00e9tonnent, qui intriguent, qui d\u00e9rangent. Les voix qui ne font pas toujours l\u2019unanimit\u00e9, ces voix qui marquent le c\u0153ur des uns et le tympan des autres.                    <\/p>\n<p>\u00a0<\/p>\n<p>Invit\u00e9s : Philippe Jaroussky, Arielle Dombasle, Serge Denoncourt, Ren\u00e9-Richard Cyr, Yannick N\u00e9zet-S\u00e9guin, Patrice Leconte, \u00c9ric Chacour, Dr Jean Abitbol, Michel Lemieux.<\/p>\n<p>En archives : Diane Dufresne, Bruno Coquatrix.<\/p>\n<p>Extrait de la fiction radiophonique de France Culture- Les bijoux de la Castafiore\u00a0:<\/p>\n<p>Parmi les r\u00f4les principaux, on retrouve Tintin interpr\u00e9t\u00e9 par Noam Morgensztern, le capitaine Haddock par Thierry Hancisse, le professeur Tournesol par Denis Podalyd\u00e8s et Bianca Castafiore par Sylvia Berg\u00e9.<\/p>\n<p>Une coproduction France Culture, Herg\u00e9- Moulinsart et la Com\u00e9die Fran\u00e7aise ; Adaptation : Katell Guillou ; Musique originale : Olivier Daviaud, orchestr\u00e9e par Didier Benetti pour l\u2019Orchestre National de France ; Conseill\u00e8re litt\u00e9raire : Emmanuelle Chevri\u00e8re ; R\u00e9alisation : Benjamin Abitan.<\/p>\n<p>Piano : Louis Reumont ; guitare : Daniel B\u00e9ja ; bruitages : Sophie Bissantz ; prise de son, montage et mixage : Bruno Mourlan et Emilie Cou\u00ebt ; prise de son musicale, montage et mixage : Jean- Louis Deloncle, Matthieu Lerouxet Alice Legros ; assistante \u00e0 la r\u00e9alisation : Manon Dubus.<\/p>\n<p>\u00a0<\/p>\n<p><strong>Programmation musicale\u00a0:<\/strong><\/p>\n<p>&#8211; New York New York \/ Nina Hagen<\/p>\n<p>&#8211; Birds \/ Yma Sumac<\/p>\n<p>&#8211; Gopher Mambo \/ Yma Sumac<\/p>\n<p>&#8211; Hollywood Freak \/ Diane Dufresne<\/p>\n<p>&#8211; Tiens-to\u00e9 ben j\u2019arrive \/ Diane Dufresne<\/p>\n<p>&#8211; L\u2019hymne \u00e0 la beaut\u00e9 du monde \/ Diane Dufresne<\/p>\n<p>&#8211; Enta Omry \/ Oum Kalthoum<\/p>\n<p>&#8211; Orfeo et Eurydice \/ Philippe Jaroussky<\/p>\n<p>&#8211; Alto Giove \/ Philippe Jaroussky<\/p>\n<p>&#8211; Un gar\u00e7on pas comme les autres \/ C\u00e9line Dion<\/p>\n<p>&#8211; Ah\u00a0! je ris \/ Nathalie Choquette<\/p>\n<p>&#8211; Nomi Song \/ Klauss Nomi<\/p>\n<p>&#8211; You Don\u2019t Own Me \/ Klaus Nomi<\/p>\n<p>&#8211; Cold Song \/ Klaus Nomi<\/p>\n<p>    <a class=\"m-em-image\" href=\"https:\/\/www.rfi.fr\/fr\/connaissances\/\" target=\"_blank\" rel=\"noopener\"><\/p>\n<p><img decoding=\"async\" fetchpriority=\"low\" src=\"https:\/\/www.europesays.com\/fr\/wp-content\/uploads\/2025\/08\/thumbnail_bouton-RFI-connaissances-1.png\"   alt=\"RFI - Enrichissez vos connaissances - Articles, podcasts, longs formats\" style=\"max-height:250px\" loading=\"lazy\" class=\"a-img \"\/><\/p>\n<p>        <\/a><\/p>\n","protected":false},"excerpt":{"rendered":"On parle toujours des belles voix, des voix lisses et parfaites, des voix au timbre universel, mais il&hellip;\n","protected":false},"author":2,"featured_media":315615,"comment_status":"","ping_status":"","sticky":false,"template":"","format":"standard","meta":{"footnotes":""},"categories":[1355],"tags":[251,58,59,1011,27,45449,1361,873,1698],"class_list":{"0":"post-315614","1":"post","2":"type-post","3":"status-publish","4":"format-standard","5":"has-post-thumbnail","7":"category-musique","8":"tag-culture","9":"tag-divertissement","10":"tag-entertainment","11":"tag-fr","12":"tag-france","13":"tag-histoires-de-voix","14":"tag-music","15":"tag-musique","16":"tag-musiques"},"share_on_mastodon":{"url":"https:\/\/pubeurope.com\/@fr\/115019974332786125","error":""},"_links":{"self":[{"href":"https:\/\/www.europesays.com\/fr\/wp-json\/wp\/v2\/posts\/315614","targetHints":{"allow":["GET"]}}],"collection":[{"href":"https:\/\/www.europesays.com\/fr\/wp-json\/wp\/v2\/posts"}],"about":[{"href":"https:\/\/www.europesays.com\/fr\/wp-json\/wp\/v2\/types\/post"}],"author":[{"embeddable":true,"href":"https:\/\/www.europesays.com\/fr\/wp-json\/wp\/v2\/users\/2"}],"replies":[{"embeddable":true,"href":"https:\/\/www.europesays.com\/fr\/wp-json\/wp\/v2\/comments?post=315614"}],"version-history":[{"count":0,"href":"https:\/\/www.europesays.com\/fr\/wp-json\/wp\/v2\/posts\/315614\/revisions"}],"wp:featuredmedia":[{"embeddable":true,"href":"https:\/\/www.europesays.com\/fr\/wp-json\/wp\/v2\/media\/315615"}],"wp:attachment":[{"href":"https:\/\/www.europesays.com\/fr\/wp-json\/wp\/v2\/media?parent=315614"}],"wp:term":[{"taxonomy":"category","embeddable":true,"href":"https:\/\/www.europesays.com\/fr\/wp-json\/wp\/v2\/categories?post=315614"},{"taxonomy":"post_tag","embeddable":true,"href":"https:\/\/www.europesays.com\/fr\/wp-json\/wp\/v2\/tags?post=315614"}],"curies":[{"name":"wp","href":"https:\/\/api.w.org\/{rel}","templated":true}]}}