{"id":315616,"date":"2025-08-13T06:11:14","date_gmt":"2025-08-13T06:11:14","guid":{"rendered":"https:\/\/www.europesays.com\/fr\/315616\/"},"modified":"2025-08-13T06:11:14","modified_gmt":"2025-08-13T06:11:14","slug":"cinema-les-deux-monstres-les-plus-celebres-de-la-science-fiction-se-sont-affrontes-en-haute-savoie","status":"publish","type":"post","link":"https:\/\/www.europesays.com\/fr\/315616\/","title":{"rendered":"Cin\u00e9ma. Les deux monstres les plus c\u00e9l\u00e8bres de la science-fiction se sont affront\u00e9s&#8230; en Haute-Savoie"},"content":{"rendered":"<p>\u00c0 ma gauche, l&rsquo;Alien, cr\u00e9ature \u00e0 la forme reptilienne tout droit sortie du cerveau barr\u00e9 du <a href=\"https:\/\/www.ledauphine.com\/haute-savoie\/2017\/05\/09\/dans-l-antre-du-pere-d-alien-a-gruyeres\" target=\"_blank\" rel=\"nofollow noopener\">plasticien suisse H.R. Giger<\/a>. Le palmar\u00e8s du x\u00e9nomorphe est fourni\u00a0: il a, entre autres, d\u00e9cim\u00e9 l&rsquo;\u00e9quipage du Nostromo (sauf Ripley et Jones, le chat), de l&rsquo;USS Sulaco (sauf Ripley) et les habitants de la plan\u00e8te carc\u00e9rale Fiorina 161 (y compris Ripley).<\/p>\n<p>\u00c0 ma droite, le Predator. Il n&rsquo;a peut-\u00eatre pas une gueule de porte-bonheur, mais son talent pour massacrer les plus dangereuses machines \u00e0 tuer (except\u00e9 Arnold Schwarzenegger, Danny Glover) n&rsquo;est plus \u00e0 prouver.<\/p>\n<p>Ces deux extraterrestres\u00a0embl\u00e9matiques du cin\u00e9ma am\u00e9ricain, tous deux propri\u00e9t\u00e9s de 20th Century\u00a0Studios (ex-20th Century Fox, avant son rachat par Disney), se sont affront\u00e9s pour la premi\u00e8re fois dans des bandes dessin\u00e9es dans les ann\u00e9es 90, puis dans des jeux vid\u00e9o. Il a fallu\u00a0attendre une d\u00e9cennie pour voir ces deux\u00a0monstres sacr\u00e9s de la\u00a0science-fiction se filer des\u00a0bourre-pifs\u00a0au cin\u00e9ma, dans Alien vs. Predator. \u00c0 la man\u0153uvre, Paul W.S. Anderson, illustre r\u00e9alisateur de\u00a0Mortal Kombat &#8211;\u00a0iconique pour le rire de\u00a0Christophe Lambert- et\u00a0principale t\u00eate pensante de la saga Resident Evil\u00a0avec Milla Jovovich.\u00a0<\/p>\n<p>  Une sc\u00e8ne tourn\u00e9e \u00e0 Chamonix Mont-Blanc<\/p>\n<p>Sorti en 2004, Alien vs. Predator n&rsquo;a pas vraiment r\u00e9ussi \u00e0 emballer la critique et le public. Il faut dire que le film a pr\u00e9f\u00e9r\u00e9 troquer l&rsquo;ambiance oppressante du premier\u00a0Alien ou\u00a0la\u00a0mise en sc\u00e8ne au cordeau de\u00a0Predator\u00a0contre des prises de catch et autres coups de latte. Il peut cependant se vanter d&rsquo;avoir une chose que\u00a0ses a\u00een\u00e9s n&rsquo;ont pas\u00a0: une sc\u00e8ne tourn\u00e9e en Haute-Savoie.<\/p>\n<p>En effet, d\u00e8s les premi\u00e8res minutes, l&rsquo;h\u00e9ro\u00efne, camp\u00e9e par l&rsquo;actrice Sanaa Lathan, nous est pr\u00e9sent\u00e9e en train de gravir un glacier au N\u00e9pal. Sauf que le tournage de cette sc\u00e8ne a en r\u00e9alit\u00e9\u00a0eu lieu autour du Mont-Blanc,\u00a0\u00e0 Chamonix, ainsi qu&rsquo;\u00e0 Courmayeur en Italie. La station haut-savoyarde figure m\u00eame dans la section des \u00ab\u00a0remerciements des producteurs\u00a0\u00bb, au m\u00eame titre que <a href=\"https:\/\/www.ledauphine.com\/haute-savoie\/2017\/05\/27\/pour-ses-25-ans-chamonix-mont-blanc-helicoptere-s-offre-un-film\" target=\"_blank\" rel=\"nofollow noopener\">Chamonix Mont-Blanc H\u00e9licopt\u00e8res<\/a>, entreprise sp\u00e9cialis\u00e9e dans le transport a\u00e9rien.<\/p>\n","protected":false},"excerpt":{"rendered":"\u00c0 ma gauche, l&rsquo;Alien, cr\u00e9ature \u00e0 la forme reptilienne tout droit sortie du cerveau barr\u00e9 du plasticien suisse&hellip;\n","protected":false},"author":2,"featured_media":315617,"comment_status":"","ping_status":"","sticky":false,"template":"","format":"standard","meta":{"footnotes":""},"categories":[1354],"tags":[22849,650,1687,58,9543,59,107,1346,1011,27,329,4638,1757,6225,1360,273,2205],"class_list":{"0":"post-315616","1":"post","2":"type-post","3":"status-publish","4":"format-standard","5":"has-post-thumbnail","7":"category-films","8":"tag-chamonix-mont-blanc","9":"tag-cinema","10":"tag-culture-loisirs","11":"tag-divertissement","12":"tag-edition-mont-blanc-arve","13":"tag-entertainment","14":"tag-fil-info","15":"tag-films","16":"tag-fr","17":"tag-france","18":"tag-france-monde","19":"tag-haute-savoie","20":"tag-insolite","21":"tag-la-matinale","22":"tag-movies","23":"tag-selection-de-la-redaction","24":"tag-television-medias"},"share_on_mastodon":{"url":"https:\/\/pubeurope.com\/@fr\/115019978116859628","error":""},"_links":{"self":[{"href":"https:\/\/www.europesays.com\/fr\/wp-json\/wp\/v2\/posts\/315616","targetHints":{"allow":["GET"]}}],"collection":[{"href":"https:\/\/www.europesays.com\/fr\/wp-json\/wp\/v2\/posts"}],"about":[{"href":"https:\/\/www.europesays.com\/fr\/wp-json\/wp\/v2\/types\/post"}],"author":[{"embeddable":true,"href":"https:\/\/www.europesays.com\/fr\/wp-json\/wp\/v2\/users\/2"}],"replies":[{"embeddable":true,"href":"https:\/\/www.europesays.com\/fr\/wp-json\/wp\/v2\/comments?post=315616"}],"version-history":[{"count":0,"href":"https:\/\/www.europesays.com\/fr\/wp-json\/wp\/v2\/posts\/315616\/revisions"}],"wp:featuredmedia":[{"embeddable":true,"href":"https:\/\/www.europesays.com\/fr\/wp-json\/wp\/v2\/media\/315617"}],"wp:attachment":[{"href":"https:\/\/www.europesays.com\/fr\/wp-json\/wp\/v2\/media?parent=315616"}],"wp:term":[{"taxonomy":"category","embeddable":true,"href":"https:\/\/www.europesays.com\/fr\/wp-json\/wp\/v2\/categories?post=315616"},{"taxonomy":"post_tag","embeddable":true,"href":"https:\/\/www.europesays.com\/fr\/wp-json\/wp\/v2\/tags?post=315616"}],"curies":[{"name":"wp","href":"https:\/\/api.w.org\/{rel}","templated":true}]}}