{"id":315626,"date":"2025-08-13T06:17:29","date_gmt":"2025-08-13T06:17:29","guid":{"rendered":"https:\/\/www.europesays.com\/fr\/315626\/"},"modified":"2025-08-13T06:17:29","modified_gmt":"2025-08-13T06:17:29","slug":"un-millier-dartistes-israeliens-appellent-a-cesser-la-guerre-a-gaza","status":"publish","type":"post","link":"https:\/\/www.europesays.com\/fr\/315626\/","title":{"rendered":"Un millier d\u2019artistes isra\u00e9liens appellent \u00e0 cesser la guerre \u00e0 Gaza"},"content":{"rendered":"<p>      David Grossman, Avishai Cohen, Ohad Naharin et tant d\u2019autres ont sign\u00e9 une p\u00e9tition en faveur de la paix \u00e0 Gaza. Celle-ci fait \u00e9cho \u00e0 de nombreuses voix en Isra\u00ebl oppos\u00e9es \u00e0 la politique folle de Benjamin N\u00e9tanyahou.              <a href=\"https:\/\/www.europesays.com\/fr\/wp-content\/uploads\/2025\/08\/79982e4_upload-1-rjlp6qoipq5y-068-aa-31072025-2354654.jpg\" data-pswp-width=\"\" data-pswp-height=\"\" class=\"media__hd\" target=\"_blank\">      <img decoding=\"async\" fetchpriority=\"high\" src=\"https:\/\/www.europesays.com\/fr\/wp-content\/uploads\/2025\/08\/79982e4_upload-1-rjlp6qoipq5y-068-aa-31072025-2354654.jpg\" class=\"media__picture js-media-zoom-main \" alt=\"Le 31\u00a0juillet 2025,\u00a0\u00e0 Tel Aviv, lors d\u2019une manifestation contre la guerre \u00e0 Gaza. \" title=\"Photo Saeed Qaq\/Anadolu\/AFP\"\/>      <\/p>\n<p class=\"media__legend\"> Le 31\u00a0juillet 2025,\u00a0\u00e0 Tel Aviv, lors d\u2019une manifestation contre la guerre \u00e0 Gaza.   Photo Saeed Qaq\/Anadolu\/AFP  <\/p>\n<p>     <\/a>                    <\/p>\n<p class=\"author author--simple\">Par  <a class=\"author author--link\" href=\"https:\/\/www.telerama.fr\/recherche\/articles?q=Val%C3%A9rie+Lehoux\" rel=\"nofollow noopener\" target=\"_blank\"> Val\u00e9rie Lehoux <\/a>    <\/p>\n<p class=\"publication__date\">Publi\u00e9 le 12 ao\u00fbt 2025 \u00e0 15h01<\/p>\n<p>   Partager   <\/p>\n<ul class=\"sharing-popin--results\">\n<li class=\"sharing-popin--item sharing-popin--item-container\"> Partage  <\/li>\n<li data-share=\"linkedin\" class=\"sharing-popin--item\">  LinkedIn <\/li>\n<li data-share=\"facebook\" class=\"sharing-popin--item\">  Facebook <\/li>\n<li data-share=\"mail\" data-social=\"mail\" class=\"sharing-popin--item\">  Envoyer par email <\/li>\n<li data-share=\"copy\" class=\"sharing-popin--item\">  Copier le lien <\/li>\n<\/ul>\n<p>        Favoris       <\/p>\n<p>                <a class=\"openapp__link\" data-event=\"click-open-app\" data-deep-link=\"tlrm:\/\/element?id=\/debats-reportages\/un-millier-d-artistes-israeliens-appellent-a-cesser-la-guerre-a-gaza-7026930.php&amp;source=deeplink_site\">  Lire dans l&rsquo;application<br \/>\n  <\/a>                               <\/p>\n<p class=\"paragraph\">Et si un tournant, enfin, s\u2019amor\u00e7ait sous nos yeux, port\u00e9 par les artistes isra\u00e9liens\u2026 D\u00e9but ao\u00fbt, mille d\u2019entre eux, dont les \u00e9crivains David Grossman, Zeruya Shalev, Etgar Keret, le musicien Avishai Cohen, le chor\u00e9graphe Ohad Naharin, ont sign\u00e9 une p\u00e9tition pour dire leur horreur de la guerre. \u00ab\u00a0En tant qu\u2019hommes et femmes de culture et d\u2019art en Isra\u00ebl, nous nous retrouvons, contre notre volont\u00e9 et nos valeurs, complices \u2014 en tant que citoyens isra\u00e9liens \u2014 de la responsabilit\u00e9 des \u00e9v\u00e9nements horribles [qui se d\u00e9roulent] dans la bande de Gaza.\u00a0\u00bb Depuis que Benjamin N\u00e9tanyahou a annonc\u00e9 son intention d\u2019occuper la ville de Gaza\u00a0; depuis, aussi, que le spectre de la famine se pr\u00e9cise chaque jour un peu plus, l\u2019\u00e9c\u0153urement s\u2019exprime comme jamais en Isra\u00ebl. Aux voix des militants pacifistes, trop peu relay\u00e9es (notamment \u00e0 l\u2019\u00e9tranger) mais qui ne se sont jamais tues, \u00e0 celles d\u2019universitaires isra\u00e9liens signataires de tribunes, d\u2019autres se joignent aujourd\u2019hui. Trois cents architectes et urbanistes viennent de publier une p\u00e9tition, \u00ab\u00a0Stop \u00e0 la destruction \u2013 Oui \u00e0 la reconstruction de Gaza\u00a0\u00bb. Au d\u00e9but du mois, cinq cent cinquante anciens responsables de l\u2019appareil s\u00e9curitaire r\u00e9clamaient la fin d\u2019une guerre \u00ab\u00a0qui a cess\u00e9 d\u2019\u00eatre juste\u00a0\u00bb \u2014 jusqu\u2019\u00e0 appeler Donald Trump \u00e0 l\u2019aide. Des photos d\u2019enfants gazaouis, d\u00e9charn\u00e9s ou bless\u00e9s, sont apparues dans les manifestations.<\/p>\n<p class=\"paragraph\">En mars dernier, la rupture du cessez-le-feu par Isra\u00ebl et son blocus de l\u2019aide humanitaire le montraient d\u00e9j\u00e0\u00a0: le gouvernement N\u00e9tanyahou semble avoir perdu le peu de raison qui lui restait, engendrant une d\u00e9vastation sans fin pour les Gazaouis \u2014 tandis qu\u2019en Cisjordanie les crimes des colons se multiplient en toute impunit\u00e9. Entra\u00eenant aussi son propre pays dans une spirale mortif\u00e8re qui pourrait lui \u00eatre fatale, et qui d\u00e9j\u00e0 le d\u00e9chire de l\u2019int\u00e9rieur. Dans sa majorit\u00e9, la soci\u00e9t\u00e9 isra\u00e9lienne sera longtemps rest\u00e9e sourde aux souffrances des Gazaouis, envahie par sa propre douleur, par son d\u00e9sir immense de voir lib\u00e9rer les otages, et par la peur existentielle qui l\u2019a saisie <a target=\"_blank\" href=\"https:\/\/www.telerama.fr\/debats-reportages\/en-israel-la-conscience-du-7-octobre-nous-accompagne-en-permanence-2653-7022193.php\" rel=\"nofollow noopener\">le 7\u00a0Octobre<\/a> \u2014 les massacres de ce jour-l\u00e0 resteront historiques non seulement par leur ampleur, mais parce qu\u2019ils montr\u00e8rent la vuln\u00e9rabilit\u00e9 d\u2019un \u00c9tat con\u00e7u, avant m\u00eame sa cr\u00e9ation, comme un refuge.<\/p>\n<p class=\"edito__prefixe\">   \u00c0 lire aussi :   <\/p>\n<p class=\"edito__text-container\">   <a alt=\"Lire aussi\" href=\"https:\/\/www.telerama.fr\/musique\/together-for-palestine-damon-albarn-brian-eno-les-musiciens-anglais-se-mobiliseront-lors-d-un-concert-geant-a-londres-7026921.php\" class=\"article__title--edito\" rel=\"nofollow noopener\" target=\"_blank\">Damon Albarn, Brian Eno, Jamie xx\u2026 les artistes anglais lancent un concert g\u00e9ant pour Gaza \u00e0 Londres<\/a>  <\/p>\n<p class=\"paragraph\">En publiant la vid\u00e9o d\u2019un otage squelettique en train de creuser le sol comme s\u2019il creusait sa propre tombe, le Hamas savait d\u2019ailleurs tr\u00e8s bien ce qu\u2019il faisait\u00a0: il bouleversait l\u2019opinion isra\u00e9lienne, donnant un nouvel argument \u00e0 un N\u00e9tanyahou, fort dou\u00e9 pour instrumentaliser le sort de ces otages \u2014\u00a0m\u00eame si les faits ont prouv\u00e9 qu\u2019il ne s\u2019en soucie gu\u00e8re, nombre d\u2019entre eux \u00e9taient des militants pacifiques de gauche. Face \u00e0 ces deux folies qui s\u2019alimentent, qui ne cherchent que l\u2019affrontement, l\u2019appel des artistes aidera-t-il \u00e0 sortir du chaos\u00a0? Le point de non-retour est proche. \u00ab\u00a0Ne renoncez pas aux principes de la morale humaine et aux valeurs du juda\u00efsme\u00a0! Arr\u00eatez la guerre. Lib\u00e9rez les otages\u00a0!\u00a0\u00bb<\/p>\n","protected":false},"excerpt":{"rendered":"David Grossman, Avishai Cohen, Ohad Naharin et tant d\u2019autres ont sign\u00e9 une p\u00e9tition en faveur de la paix&hellip;\n","protected":false},"author":2,"featured_media":315627,"comment_status":"","ping_status":"","sticky":false,"template":"","format":"standard","meta":{"footnotes":""},"categories":[5],"tags":[11,1011,27,14,12,28],"class_list":{"0":"post-315626","1":"post","2":"type-post","3":"status-publish","4":"format-standard","5":"has-post-thumbnail","7":"category-international","8":"tag-actualites","9":"tag-fr","10":"tag-france","11":"tag-international","12":"tag-news","13":"tag-world"},"share_on_mastodon":{"url":"https:\/\/pubeurope.com\/@fr\/115020001996252695","error":""},"_links":{"self":[{"href":"https:\/\/www.europesays.com\/fr\/wp-json\/wp\/v2\/posts\/315626","targetHints":{"allow":["GET"]}}],"collection":[{"href":"https:\/\/www.europesays.com\/fr\/wp-json\/wp\/v2\/posts"}],"about":[{"href":"https:\/\/www.europesays.com\/fr\/wp-json\/wp\/v2\/types\/post"}],"author":[{"embeddable":true,"href":"https:\/\/www.europesays.com\/fr\/wp-json\/wp\/v2\/users\/2"}],"replies":[{"embeddable":true,"href":"https:\/\/www.europesays.com\/fr\/wp-json\/wp\/v2\/comments?post=315626"}],"version-history":[{"count":0,"href":"https:\/\/www.europesays.com\/fr\/wp-json\/wp\/v2\/posts\/315626\/revisions"}],"wp:featuredmedia":[{"embeddable":true,"href":"https:\/\/www.europesays.com\/fr\/wp-json\/wp\/v2\/media\/315627"}],"wp:attachment":[{"href":"https:\/\/www.europesays.com\/fr\/wp-json\/wp\/v2\/media?parent=315626"}],"wp:term":[{"taxonomy":"category","embeddable":true,"href":"https:\/\/www.europesays.com\/fr\/wp-json\/wp\/v2\/categories?post=315626"},{"taxonomy":"post_tag","embeddable":true,"href":"https:\/\/www.europesays.com\/fr\/wp-json\/wp\/v2\/tags?post=315626"}],"curies":[{"name":"wp","href":"https:\/\/api.w.org\/{rel}","templated":true}]}}