{"id":315628,"date":"2025-08-13T06:18:12","date_gmt":"2025-08-13T06:18:12","guid":{"rendered":"https:\/\/www.europesays.com\/fr\/315628\/"},"modified":"2025-08-13T06:18:12","modified_gmt":"2025-08-13T06:18:12","slug":"la-vigilance-rouge-maintenue-jusqua-jeudi-dans-5-departements-mais-le-risque-dorages-en-hausse","status":"publish","type":"post","link":"https:\/\/www.europesays.com\/fr\/315628\/","title":{"rendered":"la vigilance rouge maintenue jusqu\u2019\u00e0 jeudi dans 5 d\u00e9partements mais le risque d\u2019orages en hausse"},"content":{"rendered":"<p>        <img decoding=\"async\" loading=\"lazy\" src=\"https:\/\/www.europesays.com\/fr\/wp-content\/uploads\/2025\/08\/a4d48f4_upload-1-lhns4j9fz9bi-vigilance-meteo-13-aout.png\"  width=\"728\" height=\"409\" alt=\"La vigilance rouge canicule est maintenue dans cinq d\u00e9partements pour ce mercredi 13\u00a0ao\u00fbt et jusqu\u2019\u00e0 jeudi 6\u00a0heures.\"\/>   <\/p>\n<p>La vigilance rouge canicule est maintenue dans cinq d\u00e9partements pour ce mercredi 13\u00a0ao\u00fbt et jusqu\u2019\u00e0 jeudi 6\u00a0heures.<\/p>\n<p class=\"asset asset-text\">M\u00c9T\u00c9O &#8211; Encore une journ\u00e9e pour cette nouvelle vague. Dans son bulletin publi\u00e9 ce mercredi 13\u00a0ao\u00fbt \u00e0 6\u00a0heures, M\u00e9t\u00e9o France a lev\u00e9 <a href=\"https:\/\/www.huffingtonpost.fr\/france\/article\/canicule-la-vigilance-rouge-s-eloigne-mercredi-13-aout-sauf-pour-cinq-departements_253518.html\" target=\"_blank\" rel=\"noopener\">la vigilance rouge canicule<\/a> pour le Sud-ouest (\u00e0 l\u2019exception de l\u2019Aude qui y reste) mais l\u2019a maintenue pour quatre d\u00e9partements du quart sud-est\u00a0: Ard\u00e8che, Dr\u00f4me, Is\u00e8re et Rh\u00f4ne. \u00ab\u00a0<a href=\"https:\/\/www.huffingtonpost.fr\/life\/article\/pendant-la-canicule-les-nuits-tropicales-font-encore-plus-de-mal-a-votre-corps-que-les-journees-clx1_252041.html\" target=\"_blank\" rel=\"noopener\">En cette fin de nuit<\/a>, les temp\u00e9ratures sont encore parfois sup\u00e9rieures \u00e0 24\u00a0\u00b0C en plaine notamment sur le Sud-ouest\u00a0\u00bb, constate tout de m\u00eame l\u2019organisme.<\/p>\n<p class=\"asset asset-text\">Il pr\u00e9voit cependant une lev\u00e9e totale de cette vigilance rouge \u00e0 partir de mercredi\u00a06\u00a0heures et un passage en orange de l\u2019ensemble de ces d\u00e9partements. Une tr\u00e8s grande majorit\u00e9 du pays sera alors en vigilance orange.<\/p>\n<p class=\"asset asset-text\">Mais l\u2019accalmie est de courte dur\u00e9e et le rouge devrait rapidement revenir sur la carte. \u00ab\u00a0Les temp\u00e9ratures sont en baisse sur le pays, en l\u00e9g\u00e8re hausse sur le Sud-Ouest, anticipe M\u00e9t\u00e9o France pour jeudi. Cette baisse est donc tr\u00e8s relative et provisoire car de tr\u00e8s fortes chaleurs sont \u00e0 nouveau attendues de vendredi \u00e0 dimanche sur la moiti\u00e9 sud du pays, avec 36 \u00e0 38 degr\u00e9s, et jusqu\u2019\u00e0 40 degr\u00e9s probables sur le Sud-Ouest.\u00a0\u00bb<\/p>\n<p class=\"asset asset-text\"><a href=\"https:\/\/www.huffingtonpost.fr\/france\/article\/canicule-la-barre-symbolique-des-40-c-depassee-dans-le-sud-ouest-avec-plusieurs-records-a-la-cle_253475.html\" target=\"_blank\" rel=\"noopener\">La vague de chaleur qui a d\u00e9but\u00e9 vendredi 8\u00a0ao\u00fbt \u00e0 l\u2019\u00e9chelle du pays<\/a> est donc loin d\u2019\u00eatre termin\u00e9e. \u00ab\u00a0Ce mercredi on attend un rafra\u00eechissement relatif sur la moiti\u00e9 ouest, suite au passage de quelques orages, avec des maximales redevenant inf\u00e9rieures \u00e0 35 degr\u00e9s. Les tr\u00e8s fortes chaleurs se maintiennent \u00e0 l\u2019est avec 36 \u00e0 39 degr\u00e9s, localement 40 \u00e0 42 degr\u00e9s sur le Centre-Est\u00a0\u00bb, \u00e9voque M\u00e9t\u00e9o France.<\/p>\n<p class=\"asset asset-text\">Les orages sont donc l\u2019autre motif de pr\u00e9occupation du jour. Apr\u00e8s quelques averses ce mardi, ils pourraient frapper de nouveaux d\u00e9partements ce mercredi. Une dizaine de territoires ont ainsi \u00e9t\u00e9 plac\u00e9s en vigilance orange\u00a0: Allier, Alpes-de-Haute-Provence, Hautes-Alpes, Aveyron, Cher, Haute-Garonne, Loiret, Ni\u00e8vre, Tarn, Tarn-et-Garonne et Yonne. Sur l\u2019axe allant des Pyr\u00e9n\u00e9es \u00e0 la Bourgogne, les orages sont attendus du milieu d\u2019apr\u00e8s-midi \u00e0 la fin de soir\u00e9e avec des rafales pouvant atteindre 110\u00a0km\/h accompagn\u00e9es de chute de gr\u00eale. Et sur les Alpes du sud, \u00ab\u00a0des orages se d\u00e9veloppent sur le relief et se d\u00e9calent sur les plaines\u00a0\u00bb.<\/p>\n","protected":false},"excerpt":{"rendered":"La vigilance rouge canicule est maintenue dans cinq d\u00e9partements pour ce mercredi 13\u00a0ao\u00fbt et jusqu\u2019\u00e0 jeudi 6\u00a0heures. M\u00c9T\u00c9O&hellip;\n","protected":false},"author":2,"featured_media":315629,"comment_status":"","ping_status":"","sticky":false,"template":"","format":"standard","meta":{"footnotes":""},"categories":[4],"tags":[11,6698,1011,27,2487,2357,12,4594,25],"class_list":{"0":"post-315628","1":"post","2":"type-post","3":"status-publish","4":"format-standard","5":"has-post-thumbnail","7":"category-france","8":"tag-actualites","9":"tag-canicule","10":"tag-fr","11":"tag-france","12":"tag-meteo","13":"tag-meteo-france","14":"tag-news","15":"tag-orages","16":"tag-republique-francaise"},"share_on_mastodon":{"url":"https:\/\/pubeurope.com\/@fr\/115020005736838203","error":""},"_links":{"self":[{"href":"https:\/\/www.europesays.com\/fr\/wp-json\/wp\/v2\/posts\/315628","targetHints":{"allow":["GET"]}}],"collection":[{"href":"https:\/\/www.europesays.com\/fr\/wp-json\/wp\/v2\/posts"}],"about":[{"href":"https:\/\/www.europesays.com\/fr\/wp-json\/wp\/v2\/types\/post"}],"author":[{"embeddable":true,"href":"https:\/\/www.europesays.com\/fr\/wp-json\/wp\/v2\/users\/2"}],"replies":[{"embeddable":true,"href":"https:\/\/www.europesays.com\/fr\/wp-json\/wp\/v2\/comments?post=315628"}],"version-history":[{"count":0,"href":"https:\/\/www.europesays.com\/fr\/wp-json\/wp\/v2\/posts\/315628\/revisions"}],"wp:featuredmedia":[{"embeddable":true,"href":"https:\/\/www.europesays.com\/fr\/wp-json\/wp\/v2\/media\/315629"}],"wp:attachment":[{"href":"https:\/\/www.europesays.com\/fr\/wp-json\/wp\/v2\/media?parent=315628"}],"wp:term":[{"taxonomy":"category","embeddable":true,"href":"https:\/\/www.europesays.com\/fr\/wp-json\/wp\/v2\/categories?post=315628"},{"taxonomy":"post_tag","embeddable":true,"href":"https:\/\/www.europesays.com\/fr\/wp-json\/wp\/v2\/tags?post=315628"}],"curies":[{"name":"wp","href":"https:\/\/api.w.org\/{rel}","templated":true}]}}