{"id":31563,"date":"2025-04-17T11:34:11","date_gmt":"2025-04-17T11:34:11","guid":{"rendered":"https:\/\/www.europesays.com\/fr\/31563\/"},"modified":"2025-04-17T11:34:11","modified_gmt":"2025-04-17T11:34:11","slug":"idfm-ratp-cap-ile-de-france-exploitera-des-lignes-de-bus-sur-lessonne","status":"publish","type":"post","link":"https:\/\/www.europesays.com\/fr\/31563\/","title":{"rendered":"IDFM : RATP Cap \u00cele-de-France exploitera des lignes de bus sur l\u2019Essonne"},"content":{"rendered":"<p><img loading=\"lazy\" decoding=\"async\" alt=\"\u00a9 Shutterstock - IDFM a d\u00e9sign\u00e9 RATP Cap \u00cele-de-France comme op\u00e9rateur des lignes de bus sur le territoire Massy-Juvisy.\" data-zoom-src=\"https:\/\/www.europesays.com\/fr\/wp-content\/uploads\/2025\/04\/initial-bus.jpg\" data-zoomable=\"\" height=\"702\" src=\"https:\/\/www.europesays.com\/fr\/wp-content\/uploads\/2025\/04\/initial-bus.jpg\" width=\"1248\"\/>  <\/p>\n<p class=\"article-desc\">\u00a9 Shutterstock &#8211; IDFM a d\u00e9sign\u00e9 RATP Cap \u00cele-de-France comme op\u00e9rateur des lignes de bus sur le territoire Massy-Juvisy. <\/p>\n<p>Dans le cadre de la poursuite de l\u2019<strong>ouverture \u00e0 la concurrence des transports franciliens<\/strong> et \u00e0 la suite d\u2019un vote du conseil d&rsquo;administration le 10 avril, <strong>\u00cele-de-France Mobilit\u00e9s<\/strong> (IDFM) a attribu\u00e9 d\u00e9l\u00e9gations de service public pour exploitation de lignes de bus de Paris et de la Petite Couronne. Il s&rsquo;agit de <a href=\"https:\/\/mesinfos.fr\/ile-de-france\/vallee-de-chevreuse-ile-de-france-mobilites-met-transdev-en-demeure-192191.html\" rel=\"noopener\" target=\"_blank\">Transdev<\/a>, RATP Cap \u00cele-de-France et ATM SPA, respectivement sur les secteurs de l\u2019Ourcq, Massy-Juvisy et Croix du Sud. <\/p>\n<p>Par ailleurs, un lot sur le territoire du Vexin, en grande couronne, a \u00e9t\u00e9 r\u00e9attribu\u00e9 \u00e0 <strong>Transdev <\/strong>dans le cadre de la deuxi\u00e8me g\u00e9n\u00e9ration des contrats.<\/p>\n<p> <img decoding=\"async\" alt=\"transdev\" data-zoomable=\"\" height=\"773\" loading=\"lazy\" src=\"https:\/\/www.europesays.com\/fr\/wp-content\/uploads\/2025\/04\/screenshot-2025-04-11-104724.png\" width=\"824\"\/> \u00a9IDFM &#8211; RATP Cap IDF a remport\u00e9 le lot 36 Massy-Juvisy   Dix-neuf lignes de bus exploit\u00e9es par RATP Cap \u00cele-de-France <\/p>\n<p><a href=\"https:\/\/mesinfos.fr\/ile-de-france\/ratp-cap-ile-de-france-exploitera-les-lignes-de-tram-train-t12-et-t13-201345.html\" rel=\"noopener\" target=\"_blank\">RATP Cap \u00cele-de-France <\/a>a \u00e9t\u00e9 d\u00e9sign\u00e9 op\u00e9rateur pour exploiter les lignes de bus du territoire de Massy-Juvisy. Ce lot couvre, sur le d\u00e9partement de l\u2019Essonne, les communes de Massy, Antony, Wissous, Chilly-Mazarin, Morangis, Paray-Vieille-Poste, Athis-Mons, Savigny-sur-Orge et Juvisy-sur-Orge.\u00a0<\/p>\n<p>Au total, ce lot compte : <\/p>\n<ul>\n<li>\n<p>19 lignes de bus ainsi que la cr\u00e9ation d&rsquo;une nouvelle ligne entre Longjumeau et l&rsquo;a\u00e9roport d&rsquo;Orly en 2027 ; <\/p>\n<\/li>\n<li>\n<p>Deux centres op\u00e9rationnels de bus (Massy, Morangis). Le centre de Morangis sera converti \u00e0 l\u2019\u00e9nergie \u00e9lectrique par le concessionnaire ; <\/p>\n<\/li>\n<li>\n<p>240 v\u00e9hicules ; <\/p>\n<\/li>\n<li>\n<p>9,3 millions de kilom\u00e8tres commerciaux contractuels. <\/p>\n<\/li>\n<\/ul>\n<p>Environ 1,2 million d\u2019habitants sont desservis par ces lignes de bus.\u00a0 <\/p>\n<p>D\u00e8s le 1\u1d49\u02b3 mars 2026, RATP Cap \u00cele-de-France exploitera l\u2019ensemble des lignes de bus pour une dur\u00e9e de cinq ans, soit jusqu\u2019au 28 f\u00e9vrier 2031. IDFM pourra d\u00e9cider de prolonger d\u2019un an suppl\u00e9mentaire la dur\u00e9e d\u2019exploitation. <\/p>\n<p>\u00a0<\/p>\n","protected":false},"excerpt":{"rendered":"\u00a9 Shutterstock &#8211; IDFM a d\u00e9sign\u00e9 RATP Cap \u00cele-de-France comme op\u00e9rateur des lignes de bus sur le territoire&hellip;\n","protected":false},"author":2,"featured_media":31564,"comment_status":"","ping_status":"","sticky":false,"template":"","format":"standard","meta":{"footnotes":""},"categories":[1592],"tags":[1111,11,1777,674,1011,27,662,12,626,25,10713],"class_list":{"0":"post-31563","1":"post","2":"type-post","3":"status-publish","4":"format-standard","5":"has-post-thumbnail","7":"category-ile-de-france","8":"tag-actu","9":"tag-actualites","10":"tag-eu","11":"tag-europe","12":"tag-fr","13":"tag-france","14":"tag-ile-de-france","15":"tag-news","16":"tag-paris","17":"tag-republique-francaise","18":"tag-u00cele-de-france-mobilitu00e9s"},"share_on_mastodon":{"url":"https:\/\/pubeurope.com\/@fr\/114353095616601944","error":""},"_links":{"self":[{"href":"https:\/\/www.europesays.com\/fr\/wp-json\/wp\/v2\/posts\/31563","targetHints":{"allow":["GET"]}}],"collection":[{"href":"https:\/\/www.europesays.com\/fr\/wp-json\/wp\/v2\/posts"}],"about":[{"href":"https:\/\/www.europesays.com\/fr\/wp-json\/wp\/v2\/types\/post"}],"author":[{"embeddable":true,"href":"https:\/\/www.europesays.com\/fr\/wp-json\/wp\/v2\/users\/2"}],"replies":[{"embeddable":true,"href":"https:\/\/www.europesays.com\/fr\/wp-json\/wp\/v2\/comments?post=31563"}],"version-history":[{"count":0,"href":"https:\/\/www.europesays.com\/fr\/wp-json\/wp\/v2\/posts\/31563\/revisions"}],"wp:featuredmedia":[{"embeddable":true,"href":"https:\/\/www.europesays.com\/fr\/wp-json\/wp\/v2\/media\/31564"}],"wp:attachment":[{"href":"https:\/\/www.europesays.com\/fr\/wp-json\/wp\/v2\/media?parent=31563"}],"wp:term":[{"taxonomy":"category","embeddable":true,"href":"https:\/\/www.europesays.com\/fr\/wp-json\/wp\/v2\/categories?post=31563"},{"taxonomy":"post_tag","embeddable":true,"href":"https:\/\/www.europesays.com\/fr\/wp-json\/wp\/v2\/tags?post=31563"}],"curies":[{"name":"wp","href":"https:\/\/api.w.org\/{rel}","templated":true}]}}