{"id":315637,"date":"2025-08-13T06:25:12","date_gmt":"2025-08-13T06:25:12","guid":{"rendered":"https:\/\/www.europesays.com\/fr\/315637\/"},"modified":"2025-08-13T06:25:12","modified_gmt":"2025-08-13T06:25:12","slug":"le-jardin-departemental-du-las-un-ecrin-de-verdure-historique-au-coeur-de-toulon","status":"publish","type":"post","link":"https:\/\/www.europesays.com\/fr\/315637\/","title":{"rendered":"Le Jardin d\u00e9partemental du Las un \u00e9crin de verdure historique au c\u0153ur de Toulon"},"content":{"rendered":"<p>Un lieu o\u00f9 nature, histoire et biodiversit\u00e9 se rencontrent au c\u0153ur de Toulon.<\/p>\n<p><img fetchpriority=\"high\" decoding=\"async\" width=\"900\" height=\"1200\" alt=\"Jardin d\u00e9partemental du Las Toulon\" title=\"c\u00e8dre d\u2019atlas pixabay\" src=\"https:\/\/www.europesays.com\/fr\/wp-content\/uploads\/2025\/08\/cedre-datlas-pixabay.jpg\" class=\"img-responsive wp-image-73724\"\/><\/p>\n<p>C\u00e8dre d\u2019atlas jardin du Las- CREDIT : pixabay<\/p>\n<p data-start=\"87\" data-end=\"579\"><strong data-start=\"87\" data-end=\"119\">Un h\u00e9ritage botanique unique<\/strong><br data-start=\"119\" data-end=\"122\"\/>Situ\u00e9 en plein c\u0153ur du Las, \u00e0 Toulon, le Jardin d\u00e9partemental du Las s\u2019\u00e9tend sur 15 000 m\u00b2 et constitue un v\u00e9ritable voyage \u00e0 travers le temps et les continents. Cr\u00e9\u00e9 au XIXe si\u00e8cle par des marins toulonnais, il accueille \u2026<\/p>\n<p>Lire la suite dans l\u2019article <a href=\"https:\/\/www.varactu.fr\/le-jardin-departemental-du-las-un-ecrin-de-verdure-historique-au-coeur-de-toulon\/\" rel=\"nofollow noopener\" target=\"_blank\">Le Jardin d\u00e9partemental du Las un \u00e9crin de verdure historique au c\u0153ur de Toulon<\/a> qui est apparu en premier sur <a href=\"https:\/\/www.varactu.fr\" rel=\"nofollow noopener\" target=\"_blank\">Var Actu<\/a>.<\/p>\n","protected":false},"excerpt":{"rendered":"Un lieu o\u00f9 nature, histoire et biodiversit\u00e9 se rencontrent au c\u0153ur de Toulon. C\u00e8dre d\u2019atlas jardin du Las-&hellip;\n","protected":false},"author":2,"featured_media":315638,"comment_status":"","ping_status":"","sticky":false,"template":"","format":"standard","meta":{"footnotes":""},"categories":[9619],"tags":[1111,11,1777,674,1011,27,12,882,25,2310],"class_list":{"0":"post-315637","1":"post","2":"type-post","3":"status-publish","4":"format-standard","5":"has-post-thumbnail","7":"category-toulon","8":"tag-actu","9":"tag-actualites","10":"tag-eu","11":"tag-europe","12":"tag-fr","13":"tag-france","14":"tag-news","15":"tag-provence-alpes-cote-dazur","16":"tag-republique-francaise","17":"tag-toulon"},"share_on_mastodon":{"url":"https:\/\/pubeurope.com\/@fr\/115020033142911372","error":""},"_links":{"self":[{"href":"https:\/\/www.europesays.com\/fr\/wp-json\/wp\/v2\/posts\/315637","targetHints":{"allow":["GET"]}}],"collection":[{"href":"https:\/\/www.europesays.com\/fr\/wp-json\/wp\/v2\/posts"}],"about":[{"href":"https:\/\/www.europesays.com\/fr\/wp-json\/wp\/v2\/types\/post"}],"author":[{"embeddable":true,"href":"https:\/\/www.europesays.com\/fr\/wp-json\/wp\/v2\/users\/2"}],"replies":[{"embeddable":true,"href":"https:\/\/www.europesays.com\/fr\/wp-json\/wp\/v2\/comments?post=315637"}],"version-history":[{"count":0,"href":"https:\/\/www.europesays.com\/fr\/wp-json\/wp\/v2\/posts\/315637\/revisions"}],"wp:featuredmedia":[{"embeddable":true,"href":"https:\/\/www.europesays.com\/fr\/wp-json\/wp\/v2\/media\/315638"}],"wp:attachment":[{"href":"https:\/\/www.europesays.com\/fr\/wp-json\/wp\/v2\/media?parent=315637"}],"wp:term":[{"taxonomy":"category","embeddable":true,"href":"https:\/\/www.europesays.com\/fr\/wp-json\/wp\/v2\/categories?post=315637"},{"taxonomy":"post_tag","embeddable":true,"href":"https:\/\/www.europesays.com\/fr\/wp-json\/wp\/v2\/tags?post=315637"}],"curies":[{"name":"wp","href":"https:\/\/api.w.org\/{rel}","templated":true}]}}