{"id":315645,"date":"2025-08-13T06:30:18","date_gmt":"2025-08-13T06:30:18","guid":{"rendered":"https:\/\/www.europesays.com\/fr\/315645\/"},"modified":"2025-08-13T06:30:18","modified_gmt":"2025-08-13T06:30:18","slug":"amiens-sc-football-un-arret-un-depart-et-deux-arrivees-chez-les-feminines","status":"publish","type":"post","link":"https:\/\/www.europesays.com\/fr\/315645\/","title":{"rendered":"Amiens SC Football &#8211; Un arr\u00eat, un d\u00e9part et deux arriv\u00e9es chez les f\u00e9minines"},"content":{"rendered":"<p class=\"text-justify\"><strong>Depuis le 1er ao\u00fbt, l\u2019\u00e9quipe f\u00e9minine a repris l\u2019entra\u00eenement, enregistrant un d\u00e9part, un arr\u00eat et deux arriv\u00e9es : Justine Bray, gardienne de but en provenance de Lens, et Esla Merchez, d\u00e9fenseure de Boulogne-sur-Mer.<\/strong><\/p>\n<p>&#13;<\/p>\n<p class=\"text-justify\"><strong>R1 F\u00e9minine.<\/strong>\u00a0Depuis le 1er ao\u00fbt dernier, les Ami\u00e9noises ont repris l\u2019entra\u00eenement. Au rayon des d\u00e9parts, Mathilde Chr\u00e9tien a pris la direction de Rennes. Du c\u00f4t\u00e9 des arriv\u00e9es, Justine Bray, gardienne de but de Lens, et Esla Merchez, d\u00e9fenseure centrale de Boulogne-sur-Mer, ont rejoint le groupe.<\/p>\n<p>&#13;<\/p>\n<p class=\"text-justify\">\u00ab Et il y a aussi Oph\u00e9lie Vaquier qui a d\u00e9cid\u00e9 d\u2019arr\u00eater, annonce Nicolas Cauvin, l\u2019entra\u00eeneur. L\u2019id\u00e9e, c\u2019\u00e9tait de conserver le groupe de la saison derni\u00e8re en recrutant des joueuses avec un profil int\u00e9ressant et de faire appel \u00e0 nos jeunes en formation. Dans le groupe R1, la plus jeune a 17 ans et la plus \u00e2g\u00e9e, c\u2019est L\u00e9a Tellier (28 ans). On est \u00e0 cinq s\u00e9ances d\u2019entra\u00eenement et, dimanche dernier, on a perdu contre le FC Rouen (2-0) lors de notre premier match de pr\u00e9paration. C\u2019est une belle \u00e9quipe de Division 3 qui a effectu\u00e9 beaucoup de rotations par rapport \u00e0 nous. On a craqu\u00e9 \u00e0 l\u2019heure de jeu en prenant un premier but, puis un second dans les arr\u00eats de jeu, mais on a bien travaill\u00e9. Il y a eu des choses int\u00e9ressantes. \u00bb<\/p>\n<p>&#13;<\/p>\n<p class=\"text-justify\">L\u2019entra\u00eenement se poursuit \u00e0 raison de trois s\u00e9ances par semaine et le deuxi\u00e8me match amical aura lieu ce dimanche 17 ao\u00fbt (15 heures) face au FC Rouen (R1), sur le terrain synth\u00e9tique du centre de formation, en attendant de conna\u00eetre la composition du groupe de R\u00e9gional 1, en principe d\u00e9voil\u00e9e le 15 ao\u00fbt.<\/p>\n<p>&#13;<\/p>\n<p class=\"text-justify\">\u00ab On attend d\u2019\u00eatre fix\u00e9 par rapport \u00e0 nos adversaires, mais je sais que Lille (b) ne repart pas, pr\u00e9cise Nicolas Cauvin. On devrait retrouver Valenciennes, Dunkerque, Beuvry, Pont, etc. Maintenant, la premi\u00e8re journ\u00e9e est fix\u00e9e au dimanche 7 septembre. \u00bb<\/p>\n<p>&#13;<\/p>\n<p class=\"text-justify\"><strong>Programme<\/strong><\/p>\n<p>&#13;<\/p>\n<ul class=\"text-justify\">\n<li class=\"text-justify\">Dimanche 17 ao\u00fbt (15 heures) : Amiens SC &#8211; FC Rouen (R1), synth\u00e9tique centre de formation<\/li>\n<li class=\"text-justify\">Dimanche 24 ao\u00fbt (15 heures) : Amiens SC &#8211; Pont-Sainte-Maxence, terrain \u00e0 d\u00e9terminer<\/li>\n<li class=\"text-justify\">Dimanche 31 ao\u00fbt (15 heures) : QRM (D3) &#8211; Amiens SC<\/li>\n<\/ul>\n","protected":false},"excerpt":{"rendered":"Depuis le 1er ao\u00fbt, l\u2019\u00e9quipe f\u00e9minine a repris l\u2019entra\u00eenement, enregistrant un d\u00e9part, un arr\u00eat et deux arriv\u00e9es :&hellip;\n","protected":false},"author":2,"featured_media":315646,"comment_status":"","ping_status":"","sticky":false,"template":"","format":"standard","meta":{"footnotes":""},"categories":[9587],"tags":[1111,11,1777,674,1011,27,12,5161,25,9590],"class_list":{"0":"post-315645","1":"post","2":"type-post","3":"status-publish","4":"format-standard","5":"has-post-thumbnail","7":"category-rouen","8":"tag-actu","9":"tag-actualites","10":"tag-eu","11":"tag-europe","12":"tag-fr","13":"tag-france","14":"tag-news","15":"tag-normandie","16":"tag-republique-francaise","17":"tag-rouen"},"share_on_mastodon":{"url":"https:\/\/pubeurope.com\/@fr\/115020052752472635","error":""},"_links":{"self":[{"href":"https:\/\/www.europesays.com\/fr\/wp-json\/wp\/v2\/posts\/315645","targetHints":{"allow":["GET"]}}],"collection":[{"href":"https:\/\/www.europesays.com\/fr\/wp-json\/wp\/v2\/posts"}],"about":[{"href":"https:\/\/www.europesays.com\/fr\/wp-json\/wp\/v2\/types\/post"}],"author":[{"embeddable":true,"href":"https:\/\/www.europesays.com\/fr\/wp-json\/wp\/v2\/users\/2"}],"replies":[{"embeddable":true,"href":"https:\/\/www.europesays.com\/fr\/wp-json\/wp\/v2\/comments?post=315645"}],"version-history":[{"count":0,"href":"https:\/\/www.europesays.com\/fr\/wp-json\/wp\/v2\/posts\/315645\/revisions"}],"wp:featuredmedia":[{"embeddable":true,"href":"https:\/\/www.europesays.com\/fr\/wp-json\/wp\/v2\/media\/315646"}],"wp:attachment":[{"href":"https:\/\/www.europesays.com\/fr\/wp-json\/wp\/v2\/media?parent=315645"}],"wp:term":[{"taxonomy":"category","embeddable":true,"href":"https:\/\/www.europesays.com\/fr\/wp-json\/wp\/v2\/categories?post=315645"},{"taxonomy":"post_tag","embeddable":true,"href":"https:\/\/www.europesays.com\/fr\/wp-json\/wp\/v2\/tags?post=315645"}],"curies":[{"name":"wp","href":"https:\/\/api.w.org\/{rel}","templated":true}]}}