{"id":315647,"date":"2025-08-13T06:32:11","date_gmt":"2025-08-13T06:32:11","guid":{"rendered":"https:\/\/www.europesays.com\/fr\/315647\/"},"modified":"2025-08-13T06:32:11","modified_gmt":"2025-08-13T06:32:11","slug":"un-automobiliste-percute-un-homme-a-trottinette-puis-prend-la-fuite","status":"publish","type":"post","link":"https:\/\/www.europesays.com\/fr\/315647\/","title":{"rendered":"un automobiliste percute un homme \u00e0 trottinette puis prend la fuite"},"content":{"rendered":"<p itemprop=\"description\"><strong>Il est activement recherch\u00e9.<\/strong><\/p>\n<p>Ce mardi apr\u00e8s-midi \u00e0 Grenoble, un automobiliste a percut\u00e9 un homme roulant sur une trottinette avant de prendre la fuite. L&rsquo;accident s&rsquo;est produit vers 16h, \u00e0 hauteur du 93 cours de la Lib\u00e9ration.<\/p>\n<p>La victime, un jeune homme de 20 ans, a \u00e9t\u00e9 pris en charge dans un \u00e9tat grave avant d&rsquo;\u00eatre hospitalis\u00e9 en urgence. Touch\u00e9e \u00e0 la t\u00eate, son pronostic vital est engag\u00e9.<\/p>\n<p>Une enqu\u00eate a \u00e9t\u00e9 ouverte pour d\u00e9terminer avec exactitude les circonstances de l&rsquo;accident, et \u00e9videmment identifier et retrouver le chauffard.<\/p>\n","protected":false},"excerpt":{"rendered":"Il est activement recherch\u00e9. Ce mardi apr\u00e8s-midi \u00e0 Grenoble, un automobiliste a percut\u00e9 un homme roulant sur une&hellip;\n","protected":false},"author":2,"featured_media":315648,"comment_status":"","ping_status":"","sticky":false,"template":"","format":"standard","meta":{"footnotes":""},"categories":[9566],"tags":[1111,11,7733,8279,2430,7736,650,7734,2889,2263,1777,674,1011,27,2731,8280,6417,1114,108,4662,12,3725,1825,25,7737],"class_list":{"0":"post-315647","1":"post","2":"type-post","3":"status-publish","4":"format-standard","5":"has-post-thumbnail","7":"category-grenoble","8":"tag-actu","9":"tag-actualites","10":"tag-alpes","11":"tag-alpes1","12":"tag-auvergne-rhone-alpes","13":"tag-cds","14":"tag-cinema","15":"tag-ecoute","16":"tag-emission","17":"tag-equipe","18":"tag-eu","19":"tag-europe","20":"tag-fr","21":"tag-france","22":"tag-grenoble","23":"tag-haute","24":"tag-information","25":"tag-infos","26":"tag-isere","27":"tag-journal","28":"tag-news","29":"tag-podcast","30":"tag-radio","31":"tag-republique-francaise","32":"tag-winamp"},"share_on_mastodon":{"url":"https:\/\/pubeurope.com\/@fr\/115020060592863550","error":""},"_links":{"self":[{"href":"https:\/\/www.europesays.com\/fr\/wp-json\/wp\/v2\/posts\/315647","targetHints":{"allow":["GET"]}}],"collection":[{"href":"https:\/\/www.europesays.com\/fr\/wp-json\/wp\/v2\/posts"}],"about":[{"href":"https:\/\/www.europesays.com\/fr\/wp-json\/wp\/v2\/types\/post"}],"author":[{"embeddable":true,"href":"https:\/\/www.europesays.com\/fr\/wp-json\/wp\/v2\/users\/2"}],"replies":[{"embeddable":true,"href":"https:\/\/www.europesays.com\/fr\/wp-json\/wp\/v2\/comments?post=315647"}],"version-history":[{"count":0,"href":"https:\/\/www.europesays.com\/fr\/wp-json\/wp\/v2\/posts\/315647\/revisions"}],"wp:featuredmedia":[{"embeddable":true,"href":"https:\/\/www.europesays.com\/fr\/wp-json\/wp\/v2\/media\/315648"}],"wp:attachment":[{"href":"https:\/\/www.europesays.com\/fr\/wp-json\/wp\/v2\/media?parent=315647"}],"wp:term":[{"taxonomy":"category","embeddable":true,"href":"https:\/\/www.europesays.com\/fr\/wp-json\/wp\/v2\/categories?post=315647"},{"taxonomy":"post_tag","embeddable":true,"href":"https:\/\/www.europesays.com\/fr\/wp-json\/wp\/v2\/tags?post=315647"}],"curies":[{"name":"wp","href":"https:\/\/api.w.org\/{rel}","templated":true}]}}